{"id":365476,"date":"2021-08-11T15:29:08","date_gmt":"2021-08-11T12:29:08","guid":{"rendered":"http:\/\/arantv.az\/?p=365476"},"modified":"2021-08-11T15:29:08","modified_gmt":"2021-08-11T12:29:08","slug":"%c9%99hm%c9%99dlid%c9%99-bas-ver%c9%99n-yanginin-videosu","status":"publish","type":"post","link":"https:\/\/arantv.az\/?p=365476","title":{"rendered":"\u018fhm\u0259dlid\u0259 ba\u015f ver\u0259n yan\u011f\u0131n\u0131n &#8211; V\u0130DEOSU"},"content":{"rendered":"<p><a title=\"xeberler son xeberler 2021\" href=\"https:\/\/big.az\/\" target=\"_blank\" rel=\"noopener\">X\u0259b\u0259r<\/a>\u00a0verdiyimiz kimi, Bak\u0131n\u0131n \u018fhm\u0259dli q\u0259s\u0259b\u0259sind\u0259 a\u011facl\u0131q \u0259razid\u0259 yan\u011f\u0131n ba\u015flay\u0131b.<\/p>\n<p>AZXEBER.COM x\u0259b\u0259r verir ki, saat 13:00 rad\u0259l\u0259rind\u0259 ba\u015flayan yan\u011f\u0131n\u0131n s\u00f6nd\u00fcr\u00fclm\u0259sin\u0259 F\u00f6vq\u0259lad\u0259 Hallar Nazirliyinin D\u00f6vl\u0259t Yan\u011f\u0131ndan M\u00fchafiz\u0259\u00a0<a title=\"xidmetler\" href=\"https:\/\/xidmetler.az\/\" target=\"_blank\" rel=\"noopener\">Xidm\u0259tinin<\/a>\u00a0yan\u011f\u0131ndan m\u00fchafiz\u0259 b\u00f6lm\u0259l\u0259ri c\u0259lb olunub.<\/p>\n<div id=\"AdviadNativeVideo0\" class=\"AdviadNativeVideo\"><\/div>\n<p>Yan\u011f\u0131n\u0131n videosunu t\u0259qdim edirik:<\/p>\n<div class=\"embed-responsive embed-responsive-16by9\"><iframe loading=\"lazy\" id=\"nmqembedid\" class=\"embed-responsive-item\" title=\"video player\" src=\"https:\/\/izle.az\/embed\/qyyxTTYyCwkNMCqvSLEAAA~~\" width=\"600\" height=\"340\" frameborder=\"0\" scrolling=\"no\" allowfullscreen=\"allowfullscreen\" data-mce-fragment=\"1\"><\/iframe><\/div>\n","protected":false},"excerpt":{"rendered":"<p>X\u0259b\u0259r\u00a0verdiyimiz kimi, Bak\u0131n\u0131n \u018fhm\u0259dli q\u0259s\u0259b\u0259sind\u0259 a\u011facl\u0131q \u0259razid\u0259 yan\u011f\u0131n ba\u015flay\u0131b. AZXEBER.COM x\u0259b\u0259r verir ki, saat 13:00 rad\u0259l\u0259rind\u0259 ba\u015flayan yan\u011f\u0131n\u0131n s\u00f6nd\u00fcr\u00fclm\u0259sin\u0259 F\u00f6vq\u0259lad\u0259 Hallar Nazirliyinin D\u00f6vl\u0259t Yan\u011f\u0131ndan M\u00fchafiz\u0259\u00a0Xidm\u0259tinin\u00a0yan\u011f\u0131ndan m\u00fchafiz\u0259 b\u00f6lm\u0259l\u0259ri c\u0259lb olunub. Yan\u011f\u0131n\u0131n videosunu t\u0259qdim edirik:<\/p>\n","protected":false},"author":2,"featured_media":365477,"comment_status":"closed","ping_status":"closed","sticky":false,"template":"","format":"standard","meta":{"om_disable_all_campaigns":false,"_monsterinsights_skip_tracking":false,"_monsterinsights_sitenote_active":false,"_monsterinsights_sitenote_note":"","_monsterinsights_sitenote_category":0},"categories":[26],"tags":[],"aioseo_notices":[],"gutentor_comment":0,"rttpg_featured_image_url":{"full":["https:\/\/arantv.az\/wp-content\/uploads\/2021\/08\/ehmedili.png",444,271,false],"landscape":["https:\/\/arantv.az\/wp-content\/uploads\/2021\/08\/ehmedili.png",444,271,false],"portraits":["https:\/\/arantv.az\/wp-content\/uploads\/2021\/08\/ehmedili.png",444,271,false],"thumbnail":["https:\/\/arantv.az\/wp-content\/uploads\/2021\/08\/ehmedili.png",444,271,false],"medium":["https:\/\/arantv.az\/wp-content\/uploads\/2021\/08\/ehmedili.png",444,271,false],"large":["https:\/\/arantv.az\/wp-content\/uploads\/2021\/08\/ehmedili.png",444,271,false],"1536x1536":["https:\/\/arantv.az\/wp-content\/uploads\/2021\/08\/ehmedili.png",444,271,false],"2048x2048":["https:\/\/arantv.az\/wp-content\/uploads\/2021\/08\/ehmedili.png",444,271,false],"post-thumbnail":["https:\/\/arantv.az\/wp-content\/uploads\/2021\/08\/ehmedili-240x172.png",240,172,true],"advps-thumb-one":["https:\/\/arantv.az\/wp-content\/uploads\/2021\/08\/ehmedili.png",444,271,false]},"rttpg_author":{"display_name":"V\u00fcsal Rafiqo\u011flu","author_link":"https:\/\/arantv.az\/?author=2"},"rttpg_comment":0,"rttpg_category":"<a href=\"https:\/\/arantv.az\/?cat=26\" rel=\"category\">Sosial<\/a>","rttpg_excerpt":"X\u0259b\u0259r\u00a0verdiyimiz kimi, Bak\u0131n\u0131n \u018fhm\u0259dli q\u0259s\u0259b\u0259sind\u0259 a\u011facl\u0131q \u0259razid\u0259 yan\u011f\u0131n ba\u015flay\u0131b. AZXEBER.COM x\u0259b\u0259r verir ki, saat 13:00 rad\u0259l\u0259rind\u0259 ba\u015flayan yan\u011f\u0131n\u0131n s\u00f6nd\u00fcr\u00fclm\u0259sin\u0259 F\u00f6vq\u0259lad\u0259 Hallar Nazirliyinin D\u00f6vl\u0259t Yan\u011f\u0131ndan M\u00fchafiz\u0259\u00a0Xidm\u0259tinin\u00a0yan\u011f\u0131ndan m\u00fchafiz\u0259 b\u00f6lm\u0259l\u0259ri c\u0259lb olunub. Yan\u011f\u0131n\u0131n videosunu t\u0259qdim edirik:","_links":{"self":[{"href":"https:\/\/arantv.az\/index.php?rest_route=\/wp\/v2\/posts\/365476"}],"collection":[{"href":"https:\/\/arantv.az\/index.php?rest_route=\/wp\/v2\/posts"}],"about":[{"href":"https:\/\/arantv.az\/index.php?rest_route=\/wp\/v2\/types\/post"}],"author":[{"embeddable":true,"href":"https:\/\/arantv.az\/index.php?rest_route=\/wp\/v2\/users\/2"}],"replies":[{"embeddable":true,"href":"https:\/\/arantv.az\/index.php?rest_route=%2Fwp%2Fv2%2Fcomments&post=365476"}],"version-history":[{"count":0,"href":"https:\/\/arantv.az\/index.php?rest_route=\/wp\/v2\/posts\/365476\/revisions"}],"wp:featuredmedia":[{"embeddable":true,"href":"https:\/\/arantv.az\/index.php?rest_route=\/wp\/v2\/media\/365477"}],"wp:attachment":[{"href":"https:\/\/arantv.az\/index.php?rest_route=%2Fwp%2Fv2%2Fmedia&parent=365476"}],"wp:term":[{"taxonomy":"category","embeddable":true,"href":"https:\/\/arantv.az\/index.php?rest_route=%2Fwp%2Fv2%2Fcategories&post=365476"},{"taxonomy":"post_tag","embeddable":true,"href":"https:\/\/arantv.az\/index.php?rest_route=%2Fwp%2Fv2%2Ftags&post=365476"}],"curies":[{"name":"wp","href":"https:\/\/api.w.org\/{rel}","templated":true}]}}