{"id":365479,"date":"2021-08-11T15:32:45","date_gmt":"2021-08-11T12:32:45","guid":{"rendered":"http:\/\/arantv.az\/?p=365479"},"modified":"2021-08-11T15:32:45","modified_gmt":"2021-08-11T12:32:45","slug":"pasinyanin-muavini-uct%c9%99r%c9%99fli-komissiya-isini-b%c9%99rpa-ed%c9%99c%c9%99k","status":"publish","type":"post","link":"https:\/\/arantv.az\/?p=365479","title":{"rendered":"Pa\u015finyan\u0131n m\u00fcavini: \u201c\u00dc\u00e7t\u0259r\u0259fli komissiya i\u015fini b\u0259rpa ed\u0259c\u0259k\u201d"},"content":{"rendered":"<p>\u201cAz\u0259rbaycan, Rusiya v\u0259\u00a0Erm\u0259nistan\u0131n\u00a0regional kommunikasiya infrastrukturunun blokdan \u00e7\u0131xar\u0131lmas\u0131 \u00fczr\u0259 \u00fc\u00e7t\u0259r\u0259fli komissiyas\u0131 Erm\u0259nistanda yeni h\u00f6kum\u0259t formala\u015fd\u0131qdan d\u0259rhal sonra f\u0259aliyy\u0259tini b\u0259rpa ed\u0259c\u0259k\u201d.<\/p>\n<div id=\"AdviadNativeVideo0\" class=\"AdviadNativeVideo\"><\/div>\n<p>Bu a\u00e7\u0131qlama \u201ccivilnet\u201d sayt\u0131n\u0131n sor\u011fusuna cavab olaraq Erm\u0259nistan ba\u015f nazirin m\u00fcavini Mqer Qriqoryan\u0131n ofisi t\u0259r\u0259find\u0259n verilib.<\/p>\n<p>Xat\u0131rladaq ki, \u00fc\u00e7t\u0259r\u0259fli komissiyan\u0131n i\u015fini dayand\u0131rmas\u0131 bar\u0259d\u0259 m\u0259lumat iyunun 1-d\u0259 a\u00e7\u0131qlanm\u0131\u015fd\u0131.<\/p>\n","protected":false},"excerpt":{"rendered":"<p>\u201cAz\u0259rbaycan, Rusiya v\u0259\u00a0Erm\u0259nistan\u0131n\u00a0regional kommunikasiya infrastrukturunun blokdan \u00e7\u0131xar\u0131lmas\u0131 \u00fczr\u0259 \u00fc\u00e7t\u0259r\u0259fli komissiyas\u0131 Erm\u0259nistanda yeni h\u00f6kum\u0259t formala\u015fd\u0131qdan d\u0259rhal sonra f\u0259aliyy\u0259tini b\u0259rpa ed\u0259c\u0259k\u201d. Bu a\u00e7\u0131qlama \u201ccivilnet\u201d sayt\u0131n\u0131n sor\u011fusuna cavab olaraq Erm\u0259nistan ba\u015f nazirin m\u00fcavini Mqer Qriqoryan\u0131n ofisi t\u0259r\u0259find\u0259n verilib. Xat\u0131rladaq ki, \u00fc\u00e7t\u0259r\u0259fli komissiyan\u0131n i\u015fini dayand\u0131rmas\u0131 bar\u0259d\u0259 m\u0259lumat iyunun 1-d\u0259 a\u00e7\u0131qlanm\u0131\u015fd\u0131.<\/p>\n","protected":false},"author":2,"featured_media":365480,"comment_status":"closed","ping_status":"closed","sticky":false,"template":"","format":"standard","meta":{"om_disable_all_campaigns":false,"_monsterinsights_skip_tracking":false,"_monsterinsights_sitenote_active":false,"_monsterinsights_sitenote_note":"","_monsterinsights_sitenote_category":0},"categories":[7],"tags":[],"aioseo_notices":[],"gutentor_comment":0,"rttpg_featured_image_url":{"full":["https:\/\/arantv.az\/wp-content\/uploads\/2021\/08\/426100526.jpg",620,335,false],"landscape":["https:\/\/arantv.az\/wp-content\/uploads\/2021\/08\/426100526.jpg",620,335,false],"portraits":["https:\/\/arantv.az\/wp-content\/uploads\/2021\/08\/426100526.jpg",620,335,false],"thumbnail":["https:\/\/arantv.az\/wp-content\/uploads\/2021\/08\/426100526-500x280.jpg",500,280,true],"medium":["https:\/\/arantv.az\/wp-content\/uploads\/2021\/08\/426100526.jpg",620,335,false],"large":["https:\/\/arantv.az\/wp-content\/uploads\/2021\/08\/426100526.jpg",620,335,false],"1536x1536":["https:\/\/arantv.az\/wp-content\/uploads\/2021\/08\/426100526.jpg",620,335,false],"2048x2048":["https:\/\/arantv.az\/wp-content\/uploads\/2021\/08\/426100526.jpg",620,335,false],"post-thumbnail":["https:\/\/arantv.az\/wp-content\/uploads\/2021\/08\/426100526-240x172.jpg",240,172,true],"advps-thumb-one":["https:\/\/arantv.az\/wp-content\/uploads\/2021\/08\/426100526.jpg",620,335,false]},"rttpg_author":{"display_name":"V\u00fcsal Rafiqo\u011flu","author_link":"https:\/\/arantv.az\/?author=2"},"rttpg_comment":0,"rttpg_category":"<a href=\"https:\/\/arantv.az\/?cat=7\" rel=\"category\">D\u00fcnya<\/a>","rttpg_excerpt":"\u201cAz\u0259rbaycan, Rusiya v\u0259\u00a0Erm\u0259nistan\u0131n\u00a0regional kommunikasiya infrastrukturunun blokdan \u00e7\u0131xar\u0131lmas\u0131 \u00fczr\u0259 \u00fc\u00e7t\u0259r\u0259fli komissiyas\u0131 Erm\u0259nistanda yeni h\u00f6kum\u0259t formala\u015fd\u0131qdan d\u0259rhal sonra f\u0259aliyy\u0259tini b\u0259rpa ed\u0259c\u0259k\u201d. Bu a\u00e7\u0131qlama \u201ccivilnet\u201d sayt\u0131n\u0131n sor\u011fusuna cavab olaraq Erm\u0259nistan ba\u015f nazirin m\u00fcavini Mqer Qriqoryan\u0131n ofisi t\u0259r\u0259find\u0259n verilib. Xat\u0131rladaq ki, \u00fc\u00e7t\u0259r\u0259fli komissiyan\u0131n i\u015fini dayand\u0131rmas\u0131 bar\u0259d\u0259 m\u0259lumat iyunun 1-d\u0259 a\u00e7\u0131qlanm\u0131\u015fd\u0131.","_links":{"self":[{"href":"https:\/\/arantv.az\/index.php?rest_route=\/wp\/v2\/posts\/365479"}],"collection":[{"href":"https:\/\/arantv.az\/index.php?rest_route=\/wp\/v2\/posts"}],"about":[{"href":"https:\/\/arantv.az\/index.php?rest_route=\/wp\/v2\/types\/post"}],"author":[{"embeddable":true,"href":"https:\/\/arantv.az\/index.php?rest_route=\/wp\/v2\/users\/2"}],"replies":[{"embeddable":true,"href":"https:\/\/arantv.az\/index.php?rest_route=%2Fwp%2Fv2%2Fcomments&post=365479"}],"version-history":[{"count":0,"href":"https:\/\/arantv.az\/index.php?rest_route=\/wp\/v2\/posts\/365479\/revisions"}],"wp:featuredmedia":[{"embeddable":true,"href":"https:\/\/arantv.az\/index.php?rest_route=\/wp\/v2\/media\/365480"}],"wp:attachment":[{"href":"https:\/\/arantv.az\/index.php?rest_route=%2Fwp%2Fv2%2Fmedia&parent=365479"}],"wp:term":[{"taxonomy":"category","embeddable":true,"href":"https:\/\/arantv.az\/index.php?rest_route=%2Fwp%2Fv2%2Fcategories&post=365479"},{"taxonomy":"post_tag","embeddable":true,"href":"https:\/\/arantv.az\/index.php?rest_route=%2Fwp%2Fv2%2Ftags&post=365479"}],"curies":[{"name":"wp","href":"https:\/\/api.w.org\/{rel}","templated":true}]}}