{"id":365494,"date":"2021-08-11T16:55:08","date_gmt":"2021-08-11T13:55:08","guid":{"rendered":"http:\/\/arantv.az\/?p=365494"},"modified":"2021-08-11T16:55:08","modified_gmt":"2021-08-11T13:55:08","slug":"dovl%c9%99t-neft-sirk%c9%99tin%c9%99-iki-vitse-prezident-t%c9%99yin-edildi-s%c9%99r%c9%99ncam","status":"publish","type":"post","link":"https:\/\/arantv.az\/?p=365494","title":{"rendered":"D\u00f6vl\u0259t Neft \u015eirk\u0259tin\u0259 iki vitse-prezident t\u0259yin edildi &#8211; S\u018fR\u018fNCAM"},"content":{"rendered":"<p>Prezident \u0130lham \u018fliyev Zaur Ayd\u0131n o\u011flu Qurbanovun Az\u0259rbaycan Respublikas\u0131 D\u00f6vl\u0259t Neft \u015eirk\u0259tinin vitse-prezidenti t\u0259yin edilm\u0259si haqq\u0131nda\u00a0<a href=\"https:\/\/president.az\/articles\/52717\" target=\"_blank\" rel=\"noopener\">s\u0259r\u0259ncam<\/a>\u00a0imzalay\u0131b.<\/p>\n<div id=\"AdviadNativeVideo0\" class=\"AdviadNativeVideo\"><\/div>\n<p>Bununla ba\u011fl\u0131 Prezident.az m\u0259lumat yay\u0131b.<\/p>\n<p>D\u00f6vl\u0259t ba\u015f\u00e7\u0131s\u0131n\u0131n dig\u0259r\u00a0<a href=\"https:\/\/president.az\/articles\/52718\" target=\"_blank\" rel=\"noopener\">s\u0259r\u0259ncam\u0131<\/a>\u00a0il\u0259, K\u0259nan T\u0259hm\u0259z o\u011flu N\u0259c\u0259fov Az\u0259rbaycan Respublikas\u0131 D\u00f6vl\u0259t Neft \u015eirk\u0259tinin vitse-prezidenti t\u0259yin edilib.<\/p>\n","protected":false},"excerpt":{"rendered":"<p>Prezident \u0130lham \u018fliyev Zaur Ayd\u0131n o\u011flu Qurbanovun Az\u0259rbaycan Respublikas\u0131 D\u00f6vl\u0259t Neft \u015eirk\u0259tinin vitse-prezidenti t\u0259yin edilm\u0259si haqq\u0131nda\u00a0s\u0259r\u0259ncam\u00a0imzalay\u0131b. Bununla ba\u011fl\u0131 Prezident.az m\u0259lumat yay\u0131b. D\u00f6vl\u0259t ba\u015f\u00e7\u0131s\u0131n\u0131n dig\u0259r\u00a0s\u0259r\u0259ncam\u0131\u00a0il\u0259, K\u0259nan T\u0259hm\u0259z o\u011flu N\u0259c\u0259fov Az\u0259rbaycan Respublikas\u0131 D\u00f6vl\u0259t Neft \u015eirk\u0259tinin vitse-prezidenti t\u0259yin edilib.<\/p>\n","protected":false},"author":2,"featured_media":365495,"comment_status":"closed","ping_status":"closed","sticky":false,"template":"","format":"standard","meta":{"om_disable_all_campaigns":false,"_monsterinsights_skip_tracking":false,"_monsterinsights_sitenote_active":false,"_monsterinsights_sitenote_note":"","_monsterinsights_sitenote_category":0},"categories":[1],"tags":[],"aioseo_notices":[],"gutentor_comment":0,"rttpg_featured_image_url":{"full":["https:\/\/arantv.az\/wp-content\/uploads\/2021\/08\/1594814467.jpg",620,413,false],"landscape":["https:\/\/arantv.az\/wp-content\/uploads\/2021\/08\/1594814467.jpg",620,413,false],"portraits":["https:\/\/arantv.az\/wp-content\/uploads\/2021\/08\/1594814467.jpg",620,413,false],"thumbnail":["https:\/\/arantv.az\/wp-content\/uploads\/2021\/08\/1594814467-500x280.jpg",500,280,true],"medium":["https:\/\/arantv.az\/wp-content\/uploads\/2021\/08\/1594814467-548x365.jpg",548,365,true],"large":["https:\/\/arantv.az\/wp-content\/uploads\/2021\/08\/1594814467.jpg",620,413,false],"1536x1536":["https:\/\/arantv.az\/wp-content\/uploads\/2021\/08\/1594814467.jpg",620,413,false],"2048x2048":["https:\/\/arantv.az\/wp-content\/uploads\/2021\/08\/1594814467.jpg",620,413,false],"post-thumbnail":["https:\/\/arantv.az\/wp-content\/uploads\/2021\/08\/1594814467-240x172.jpg",240,172,true],"advps-thumb-one":["https:\/\/arantv.az\/wp-content\/uploads\/2021\/08\/1594814467.jpg",620,413,false]},"rttpg_author":{"display_name":"V\u00fcsal Rafiqo\u011flu","author_link":"https:\/\/arantv.az\/?author=2"},"rttpg_comment":0,"rttpg_category":"<a href=\"https:\/\/arantv.az\/?cat=1\" rel=\"category\">C\u0259miyy\u0259t<\/a>","rttpg_excerpt":"Prezident \u0130lham \u018fliyev Zaur Ayd\u0131n o\u011flu Qurbanovun Az\u0259rbaycan Respublikas\u0131 D\u00f6vl\u0259t Neft \u015eirk\u0259tinin vitse-prezidenti t\u0259yin edilm\u0259si haqq\u0131nda\u00a0s\u0259r\u0259ncam\u00a0imzalay\u0131b. Bununla ba\u011fl\u0131 Prezident.az m\u0259lumat yay\u0131b. D\u00f6vl\u0259t ba\u015f\u00e7\u0131s\u0131n\u0131n dig\u0259r\u00a0s\u0259r\u0259ncam\u0131\u00a0il\u0259, K\u0259nan T\u0259hm\u0259z o\u011flu N\u0259c\u0259fov Az\u0259rbaycan Respublikas\u0131 D\u00f6vl\u0259t Neft \u015eirk\u0259tinin vitse-prezidenti t\u0259yin edilib.","_links":{"self":[{"href":"https:\/\/arantv.az\/index.php?rest_route=\/wp\/v2\/posts\/365494"}],"collection":[{"href":"https:\/\/arantv.az\/index.php?rest_route=\/wp\/v2\/posts"}],"about":[{"href":"https:\/\/arantv.az\/index.php?rest_route=\/wp\/v2\/types\/post"}],"author":[{"embeddable":true,"href":"https:\/\/arantv.az\/index.php?rest_route=\/wp\/v2\/users\/2"}],"replies":[{"embeddable":true,"href":"https:\/\/arantv.az\/index.php?rest_route=%2Fwp%2Fv2%2Fcomments&post=365494"}],"version-history":[{"count":0,"href":"https:\/\/arantv.az\/index.php?rest_route=\/wp\/v2\/posts\/365494\/revisions"}],"wp:featuredmedia":[{"embeddable":true,"href":"https:\/\/arantv.az\/index.php?rest_route=\/wp\/v2\/media\/365495"}],"wp:attachment":[{"href":"https:\/\/arantv.az\/index.php?rest_route=%2Fwp%2Fv2%2Fmedia&parent=365494"}],"wp:term":[{"taxonomy":"category","embeddable":true,"href":"https:\/\/arantv.az\/index.php?rest_route=%2Fwp%2Fv2%2Fcategories&post=365494"},{"taxonomy":"post_tag","embeddable":true,"href":"https:\/\/arantv.az\/index.php?rest_route=%2Fwp%2Fv2%2Ftags&post=365494"}],"curies":[{"name":"wp","href":"https:\/\/api.w.org\/{rel}","templated":true}]}}