{"id":365555,"date":"2021-08-12T08:11:14","date_gmt":"2021-08-12T05:11:14","guid":{"rendered":"http:\/\/arantv.az\/?p=365555"},"modified":"2021-08-12T08:11:14","modified_gmt":"2021-08-12T05:11:14","slug":"az%c9%99rbaycanda-yeni-ekoturizm-marsrutlari-yaradilir","status":"publish","type":"post","link":"https:\/\/arantv.az\/?p=365555","title":{"rendered":"Az\u0259rbaycanda yeni ekoturizm mar\u015frutlar\u0131 yarad\u0131l\u0131r"},"content":{"rendered":"<p><strong>Az\u0259rbaycanda ekoturizm mar\u015frutlar\u0131na ehtiyac var. Amma infrastruktur olmad\u0131\u011f\u0131ndan, bunu t\u0259klif ed\u0259 bilmirik.<\/strong><\/p>\n<p>Bunu\u00a0<a href=\"http:\/\/trend.az\/\" target=\"_blank\" rel=\"noopener\">Trend<\/a>-\u0259 a\u00e7\u0131qlamas\u0131nda D\u00f6vl\u0259t Turizm Agentliyinin sektor m\u00fcdiri Az\u0259rbaycan Turizm B\u00fcrosunun Turizm m\u0259hsulunun inki\u015faf\u0131 \u015f\u00f6b\u0259sinin direktoru \u015e\u0259rif\u0259 H\u0259s\u0259nova deyib.<\/p>\n<p>Onun s\u00f6zl\u0259rin\u0259 g\u00f6r\u0259, bu istiqam\u0259td\u0259 15 da\u011f-piyda mar\u015frutu haz\u0131rlan\u0131b:<\/p>\n<p>&#8220;20-y\u0259 yax\u0131n tur agentliyi aras\u0131nda apard\u0131\u011f\u0131m\u0131z sor\u011fuya \u0259sas\u0259n m\u0259lum oldu ki, turistl\u0259r bizd\u0259n daha \u00e7ox ekoturizm m\u0259hsulu ist\u0259yirl\u0259r. D\u00fcnya t\u0259cr\u00fcb\u0259si g\u00f6st\u0259rir ki, ekoturizmd\u0259 \u0259n u\u011furlu model alp da\u011f ni\u015fanlama sistemidir. Bunu G\u00fcrc\u00fcstan da h\u0259yata ke\u00e7irir. Art\u0131q Quba-Qusar, \u015e\u0259ki-Qax-Zaqatala v\u0259 Tovuz-G\u0259d\u0259b\u0259y-Da\u015fk\u0259s\u0259n \u0259razisinin h\u0259r birind\u0259 5 \u0259d\u0259d bel\u0259 turizm m\u0259hsulumuz var. Burada m\u0259qs\u0259d t\u0259kc\u0259 da\u011fa qalxmaq deyil, eyni zamanda da\u011f k\u0259ndl\u0259rind\u0259 d\u0259 turizmi inki\u015faf etdirm\u0259kdir.<\/p>\n<p>Bu layih\u0259ni bir az da geni\u015fl\u0259ndirm\u0259k fikrind\u0259yik. 2021-ci ilin sonu v\u0259 2022-ci ilin \u0259vv\u0259ll\u0259rind\u0259 Tal\u0131\u015f da\u011flar\u0131na da eyni c\u00fcr layih\u0259 t\u0259qdim ed\u0259c\u0259yik. Uzunm\u00fcdd\u0259tli perspektivl\u0259 Nax\u00e7\u0131vanda da bunu realla\u015fd\u0131rma\u011f\u0131 d\u00fc\u015f\u00fcn\u00fcr\u00fck.2022-ci ild\u0259 h\u0259yata ke\u00e7irilm\u0259si n\u0259z\u0259rd\u0259 tutulan dig\u0259r bir layih\u0259 is\u0259 Transqafqazd\u0131r. Bu layih\u0259 Az\u0259rbaycanla G\u00fcrc\u00fcstan\u0131 birl\u0259\u015fdir\u0259c\u0259k. Zaqatalaya q\u0259d\u0259r olan mar\u015frutu Balak\u0259n\u0259 q\u0259d\u0259r \u00e7atd\u0131r\u0131b, G\u00fcrc\u00fcstanla birl\u0259\u015fdirm\u0259k niyy\u0259tind\u0259yik&#8221;.<\/p>\n","protected":false},"excerpt":{"rendered":"<p>Az\u0259rbaycanda ekoturizm mar\u015frutlar\u0131na ehtiyac var. Amma infrastruktur olmad\u0131\u011f\u0131ndan, bunu t\u0259klif ed\u0259 bilmirik. Bunu\u00a0Trend-\u0259 a\u00e7\u0131qlamas\u0131nda D\u00f6vl\u0259t Turizm Agentliyinin sektor m\u00fcdiri Az\u0259rbaycan Turizm B\u00fcrosunun Turizm m\u0259hsulunun inki\u015faf\u0131 \u015f\u00f6b\u0259sinin direktoru \u015e\u0259rif\u0259 H\u0259s\u0259nova deyib. Onun s\u00f6zl\u0259rin\u0259 g\u00f6r\u0259, bu istiqam\u0259td\u0259 15 da\u011f-piyda mar\u015frutu haz\u0131rlan\u0131b: &#8220;20-y\u0259 yax\u0131n tur agentliyi aras\u0131nda apard\u0131\u011f\u0131m\u0131z sor\u011fuya \u0259sas\u0259n m\u0259lum oldu ki, turistl\u0259r bizd\u0259n daha \u00e7ox ekoturizm m\u0259hsulu ist\u0259yirl\u0259r. D\u00fcnya t\u0259cr\u00fcb\u0259si g\u00f6st\u0259rir ki, ekoturizmd\u0259 \u0259n u\u011furlu model alp da\u011f ni\u015fanlama sistemidir. Bunu G\u00fcrc\u00fcstan da h\u0259yata ke\u00e7irir. Art\u0131q Quba-Qusar, \u015e\u0259ki-Qax-Zaqatala v\u0259 Tovuz-G\u0259d\u0259b\u0259y-Da\u015fk\u0259s\u0259n \u0259razisinin h\u0259r birind\u0259 5 \u0259d\u0259d bel\u0259 turizm m\u0259hsulumuz var. Burada m\u0259qs\u0259d&hellip;<\/p>\n","protected":false},"author":2,"featured_media":365556,"comment_status":"closed","ping_status":"closed","sticky":false,"template":"","format":"standard","meta":{"om_disable_all_campaigns":false,"_monsterinsights_skip_tracking":false,"_monsterinsights_sitenote_active":false,"_monsterinsights_sitenote_note":"","_monsterinsights_sitenote_category":0},"categories":[19],"tags":[],"aioseo_notices":[],"gutentor_comment":0,"rttpg_featured_image_url":{"full":["https:\/\/arantv.az\/wp-content\/uploads\/2021\/08\/971627.jpg",797,595,false],"landscape":["https:\/\/arantv.az\/wp-content\/uploads\/2021\/08\/971627.jpg",797,595,false],"portraits":["https:\/\/arantv.az\/wp-content\/uploads\/2021\/08\/971627.jpg",797,595,false],"thumbnail":["https:\/\/arantv.az\/wp-content\/uploads\/2021\/08\/971627-500x280.jpg",500,280,true],"medium":["https:\/\/arantv.az\/wp-content\/uploads\/2021\/08\/971627-489x365.jpg",489,365,true],"large":["https:\/\/arantv.az\/wp-content\/uploads\/2021\/08\/971627.jpg",640,478,false],"1536x1536":["https:\/\/arantv.az\/wp-content\/uploads\/2021\/08\/971627.jpg",797,595,false],"2048x2048":["https:\/\/arantv.az\/wp-content\/uploads\/2021\/08\/971627.jpg",797,595,false],"post-thumbnail":["https:\/\/arantv.az\/wp-content\/uploads\/2021\/08\/971627-240x172.jpg",240,172,true],"advps-thumb-one":["https:\/\/arantv.az\/wp-content\/uploads\/2021\/08\/971627.jpg",797,595,false]},"rttpg_author":{"display_name":"V\u00fcsal Rafiqo\u011flu","author_link":"https:\/\/arantv.az\/?author=2"},"rttpg_comment":0,"rttpg_category":"<a href=\"https:\/\/arantv.az\/?cat=19\" rel=\"category\">G\u00fcnd\u0259m<\/a>","rttpg_excerpt":"Az\u0259rbaycanda ekoturizm mar\u015frutlar\u0131na ehtiyac var. Amma infrastruktur olmad\u0131\u011f\u0131ndan, bunu t\u0259klif ed\u0259 bilmirik. Bunu\u00a0Trend-\u0259 a\u00e7\u0131qlamas\u0131nda D\u00f6vl\u0259t Turizm Agentliyinin sektor m\u00fcdiri Az\u0259rbaycan Turizm B\u00fcrosunun Turizm m\u0259hsulunun inki\u015faf\u0131 \u015f\u00f6b\u0259sinin direktoru \u015e\u0259rif\u0259 H\u0259s\u0259nova deyib. Onun s\u00f6zl\u0259rin\u0259 g\u00f6r\u0259, bu istiqam\u0259td\u0259 15 da\u011f-piyda mar\u015frutu haz\u0131rlan\u0131b: &#8220;20-y\u0259 yax\u0131n tur agentliyi aras\u0131nda apard\u0131\u011f\u0131m\u0131z sor\u011fuya \u0259sas\u0259n m\u0259lum oldu ki, turistl\u0259r bizd\u0259n daha \u00e7ox ekoturizm&hellip;","_links":{"self":[{"href":"https:\/\/arantv.az\/index.php?rest_route=\/wp\/v2\/posts\/365555"}],"collection":[{"href":"https:\/\/arantv.az\/index.php?rest_route=\/wp\/v2\/posts"}],"about":[{"href":"https:\/\/arantv.az\/index.php?rest_route=\/wp\/v2\/types\/post"}],"author":[{"embeddable":true,"href":"https:\/\/arantv.az\/index.php?rest_route=\/wp\/v2\/users\/2"}],"replies":[{"embeddable":true,"href":"https:\/\/arantv.az\/index.php?rest_route=%2Fwp%2Fv2%2Fcomments&post=365555"}],"version-history":[{"count":0,"href":"https:\/\/arantv.az\/index.php?rest_route=\/wp\/v2\/posts\/365555\/revisions"}],"wp:featuredmedia":[{"embeddable":true,"href":"https:\/\/arantv.az\/index.php?rest_route=\/wp\/v2\/media\/365556"}],"wp:attachment":[{"href":"https:\/\/arantv.az\/index.php?rest_route=%2Fwp%2Fv2%2Fmedia&parent=365555"}],"wp:term":[{"taxonomy":"category","embeddable":true,"href":"https:\/\/arantv.az\/index.php?rest_route=%2Fwp%2Fv2%2Fcategories&post=365555"},{"taxonomy":"post_tag","embeddable":true,"href":"https:\/\/arantv.az\/index.php?rest_route=%2Fwp%2Fv2%2Ftags&post=365555"}],"curies":[{"name":"wp","href":"https:\/\/api.w.org\/{rel}","templated":true}]}}