{"id":365561,"date":"2021-08-12T08:12:47","date_gmt":"2021-08-12T05:12:47","guid":{"rendered":"http:\/\/arantv.az\/?p=365561"},"modified":"2021-08-12T08:12:47","modified_gmt":"2021-08-12T05:12:47","slug":"toydan-cixan-s%c9%99xs-tanisini-bicaqladi-soyus%c9%99-gor%c9%99","status":"publish","type":"post","link":"https:\/\/arantv.az\/?p=365561","title":{"rendered":"Toydan \u00e7\u0131xan \u015f\u0259xs tan\u0131\u015f\u0131n\u0131 b\u0131\u00e7aqlad\u0131 \u2013 S\u00d6Y\u00dc\u015e\u018f G\u00d6R\u018f"},"content":{"rendered":"<p>Ab\u015feron rayon polis idar\u0259si \u0259m\u0259kda\u015flar\u0131n\u0131n ke\u00e7irdikl\u0259ri \u0259m\u0259liyyatla, X\u0131rdalan \u015f\u0259h\u0259ri AAAF park yay\u0131\u015f kompleksind\u0259 tan\u0131\u015f\u0131 M\u00fcbariz Sad\u0131qova s\u00f6y\u00fc\u015f s\u00f6yd\u00fcy\u00fc \u00fc\u00e7\u00fcn b\u0131\u00e7aqla a\u011f\u0131r x\u0259sar\u0259t yetir\u0259n M\u0259mm\u0259d \u0130sg\u0259nd\u0259rov saxlan\u0131l\u0131b.<\/p>\n<p><strong>ARANTV.AZ<\/strong> APA-ya istinad\u0259n x\u0259b\u0259r verir ki, hadis\u0259ni i\u00e7kili halda olaraq t\u00f6r\u0259tdiyini v\u0259 buna g\u00f6r\u0259 pe\u015fiman oldu\u011funu bildirib.<\/p>\n<p>Faktla ba\u011fl\u0131 Ab\u015feron rayon Polis idar\u0259sind\u0259 cinay\u0259t i\u00e7i a\u00e7\u0131l\u0131b, ara\u015fd\u0131rma apar\u0131l\u0131r.<\/p>\n","protected":false},"excerpt":{"rendered":"<p>Ab\u015feron rayon polis idar\u0259si \u0259m\u0259kda\u015flar\u0131n\u0131n ke\u00e7irdikl\u0259ri \u0259m\u0259liyyatla, X\u0131rdalan \u015f\u0259h\u0259ri AAAF park yay\u0131\u015f kompleksind\u0259 tan\u0131\u015f\u0131 M\u00fcbariz Sad\u0131qova s\u00f6y\u00fc\u015f s\u00f6yd\u00fcy\u00fc \u00fc\u00e7\u00fcn b\u0131\u00e7aqla a\u011f\u0131r x\u0259sar\u0259t yetir\u0259n M\u0259mm\u0259d \u0130sg\u0259nd\u0259rov saxlan\u0131l\u0131b. ARANTV.AZ APA-ya istinad\u0259n x\u0259b\u0259r verir ki, hadis\u0259ni i\u00e7kili halda olaraq t\u00f6r\u0259tdiyini v\u0259 buna g\u00f6r\u0259 pe\u015fiman oldu\u011funu bildirib. Faktla ba\u011fl\u0131 Ab\u015feron rayon Polis idar\u0259sind\u0259 cinay\u0259t i\u00e7i a\u00e7\u0131l\u0131b, ara\u015fd\u0131rma apar\u0131l\u0131r.<\/p>\n","protected":false},"author":2,"featured_media":365562,"comment_status":"closed","ping_status":"closed","sticky":false,"template":"","format":"standard","meta":{"om_disable_all_campaigns":false,"_monsterinsights_skip_tracking":false,"_monsterinsights_sitenote_active":false,"_monsterinsights_sitenote_note":"","_monsterinsights_sitenote_category":0},"categories":[5],"tags":[],"aioseo_notices":[],"gutentor_comment":0,"rttpg_featured_image_url":{"full":["https:\/\/arantv.az\/wp-content\/uploads\/2021\/08\/3485t6-77.jpg",750,499,false],"landscape":["https:\/\/arantv.az\/wp-content\/uploads\/2021\/08\/3485t6-77.jpg",750,499,false],"portraits":["https:\/\/arantv.az\/wp-content\/uploads\/2021\/08\/3485t6-77.jpg",750,499,false],"thumbnail":["https:\/\/arantv.az\/wp-content\/uploads\/2021\/08\/3485t6-77-500x280.jpg",500,280,true],"medium":["https:\/\/arantv.az\/wp-content\/uploads\/2021\/08\/3485t6-77-549x365.jpg",549,365,true],"large":["https:\/\/arantv.az\/wp-content\/uploads\/2021\/08\/3485t6-77.jpg",640,426,false],"1536x1536":["https:\/\/arantv.az\/wp-content\/uploads\/2021\/08\/3485t6-77.jpg",750,499,false],"2048x2048":["https:\/\/arantv.az\/wp-content\/uploads\/2021\/08\/3485t6-77.jpg",750,499,false],"post-thumbnail":["https:\/\/arantv.az\/wp-content\/uploads\/2021\/08\/3485t6-77-240x172.jpg",240,172,true],"advps-thumb-one":["https:\/\/arantv.az\/wp-content\/uploads\/2021\/08\/3485t6-77.jpg",750,499,false]},"rttpg_author":{"display_name":"V\u00fcsal Rafiqo\u011flu","author_link":"https:\/\/arantv.az\/?author=2"},"rttpg_comment":0,"rttpg_category":"<a href=\"https:\/\/arantv.az\/?cat=5\" rel=\"category\">Hadis\u0259<\/a>","rttpg_excerpt":"Ab\u015feron rayon polis idar\u0259si \u0259m\u0259kda\u015flar\u0131n\u0131n ke\u00e7irdikl\u0259ri \u0259m\u0259liyyatla, X\u0131rdalan \u015f\u0259h\u0259ri AAAF park yay\u0131\u015f kompleksind\u0259 tan\u0131\u015f\u0131 M\u00fcbariz Sad\u0131qova s\u00f6y\u00fc\u015f s\u00f6yd\u00fcy\u00fc \u00fc\u00e7\u00fcn b\u0131\u00e7aqla a\u011f\u0131r x\u0259sar\u0259t yetir\u0259n M\u0259mm\u0259d \u0130sg\u0259nd\u0259rov saxlan\u0131l\u0131b. ARANTV.AZ APA-ya istinad\u0259n x\u0259b\u0259r verir ki, hadis\u0259ni i\u00e7kili halda olaraq t\u00f6r\u0259tdiyini v\u0259 buna g\u00f6r\u0259 pe\u015fiman oldu\u011funu bildirib. Faktla ba\u011fl\u0131 Ab\u015feron rayon Polis idar\u0259sind\u0259 cinay\u0259t i\u00e7i a\u00e7\u0131l\u0131b, ara\u015fd\u0131rma apar\u0131l\u0131r.","_links":{"self":[{"href":"https:\/\/arantv.az\/index.php?rest_route=\/wp\/v2\/posts\/365561"}],"collection":[{"href":"https:\/\/arantv.az\/index.php?rest_route=\/wp\/v2\/posts"}],"about":[{"href":"https:\/\/arantv.az\/index.php?rest_route=\/wp\/v2\/types\/post"}],"author":[{"embeddable":true,"href":"https:\/\/arantv.az\/index.php?rest_route=\/wp\/v2\/users\/2"}],"replies":[{"embeddable":true,"href":"https:\/\/arantv.az\/index.php?rest_route=%2Fwp%2Fv2%2Fcomments&post=365561"}],"version-history":[{"count":0,"href":"https:\/\/arantv.az\/index.php?rest_route=\/wp\/v2\/posts\/365561\/revisions"}],"wp:featuredmedia":[{"embeddable":true,"href":"https:\/\/arantv.az\/index.php?rest_route=\/wp\/v2\/media\/365562"}],"wp:attachment":[{"href":"https:\/\/arantv.az\/index.php?rest_route=%2Fwp%2Fv2%2Fmedia&parent=365561"}],"wp:term":[{"taxonomy":"category","embeddable":true,"href":"https:\/\/arantv.az\/index.php?rest_route=%2Fwp%2Fv2%2Fcategories&post=365561"},{"taxonomy":"post_tag","embeddable":true,"href":"https:\/\/arantv.az\/index.php?rest_route=%2Fwp%2Fv2%2Ftags&post=365561"}],"curies":[{"name":"wp","href":"https:\/\/api.w.org\/{rel}","templated":true}]}}