{"id":365564,"date":"2021-08-12T08:14:11","date_gmt":"2021-08-12T05:14:11","guid":{"rendered":"http:\/\/arantv.az\/?p=365564"},"modified":"2021-08-12T08:14:11","modified_gmt":"2021-08-12T05:14:11","slug":"minl%c9%99rl%c9%99-amerikali-anomal-istil%c9%99rd%c9%99n-h%c9%99yatini-itirib","status":"publish","type":"post","link":"https:\/\/arantv.az\/?p=365564","title":{"rendered":"Minl\u0259rl\u0259 amerikal\u0131 anomal istil\u0259rd\u0259n h\u0259yat\u0131n\u0131 itirib"},"content":{"rendered":"<p>AB\u015e-da anomal istil\u0259r n\u0259tic\u0259sind\u0259 minl\u0259rl\u0259 insan \u00f6l\u00fcb.<\/p>\n<p><strong>ARANTV.AZ<\/strong> \u00a0&#8220;Report&#8221;a istinad\u0259n\u00a0<a title=\"xeberler son xeberler 2021\" href=\"https:\/\/big.az\/\" target=\"_blank\" rel=\"noopener\">x\u0259b\u0259r<\/a>\u00a0verir ki, g\u00fcnvurma n\u0259tic\u0259sind\u0259 x\u0259st\u0259xanalara d\u00fc\u015f\u0259n amerikal\u0131lar\u0131n say\u0131 daha bir ne\u00e7\u0259 mindir.<\/p>\n<div id=\"AdviadNativeVideo0\" class=\"AdviadNativeVideo\"><\/div>\n<p>Oraqon \u015ftat\u0131nda 83, Va\u015finqtonda 112 n\u0259f\u0259r k\u0259skin istil\u0259rin qurban\u0131 olub.<\/p>\n<p>\u00d6lk\u0259 hakimiyy\u0259ti qlobal istil\u0259\u015fm\u0259nin t\u0259sirl\u0259rini aradan qald\u0131rmaq \u00fc\u00e7\u00fcn yollar axtar\u0131r.<\/p>\n<p>Qeyd ed\u0259k ki, bu ilin iyulunda AB\u015e Konqresi ekstremal istil\u0259rl\u0259 ba\u011fl\u0131 qanun q\u0259bul edib. Anomal hallar\u0131n qar\u015f\u0131s\u0131n\u0131n al\u0131mas\u0131 \u00fc\u00e7\u00fcn 100 milyon dollar v\u0259saitin ayr\u0131lmas\u0131 planla\u015fd\u0131r\u0131l\u0131r.<\/p>\n","protected":false},"excerpt":{"rendered":"<p>AB\u015e-da anomal istil\u0259r n\u0259tic\u0259sind\u0259 minl\u0259rl\u0259 insan \u00f6l\u00fcb. ARANTV.AZ \u00a0&#8220;Report&#8221;a istinad\u0259n\u00a0x\u0259b\u0259r\u00a0verir ki, g\u00fcnvurma n\u0259tic\u0259sind\u0259 x\u0259st\u0259xanalara d\u00fc\u015f\u0259n amerikal\u0131lar\u0131n say\u0131 daha bir ne\u00e7\u0259 mindir. Oraqon \u015ftat\u0131nda 83, Va\u015finqtonda 112 n\u0259f\u0259r k\u0259skin istil\u0259rin qurban\u0131 olub. \u00d6lk\u0259 hakimiyy\u0259ti qlobal istil\u0259\u015fm\u0259nin t\u0259sirl\u0259rini aradan qald\u0131rmaq \u00fc\u00e7\u00fcn yollar axtar\u0131r. Qeyd ed\u0259k ki, bu ilin iyulunda AB\u015e Konqresi ekstremal istil\u0259rl\u0259 ba\u011fl\u0131 qanun q\u0259bul edib. Anomal hallar\u0131n qar\u015f\u0131s\u0131n\u0131n al\u0131mas\u0131 \u00fc\u00e7\u00fcn 100 milyon dollar v\u0259saitin ayr\u0131lmas\u0131 planla\u015fd\u0131r\u0131l\u0131r.<\/p>\n","protected":false},"author":2,"featured_media":365565,"comment_status":"closed","ping_status":"closed","sticky":false,"template":"","format":"standard","meta":{"om_disable_all_campaigns":false,"_monsterinsights_skip_tracking":false,"_monsterinsights_sitenote_active":false,"_monsterinsights_sitenote_note":"","_monsterinsights_sitenote_category":0},"categories":[7],"tags":[],"aioseo_notices":[],"gutentor_comment":0,"rttpg_featured_image_url":{"full":["https:\/\/arantv.az\/wp-content\/uploads\/2021\/08\/minler.jpg",650,405,false],"landscape":["https:\/\/arantv.az\/wp-content\/uploads\/2021\/08\/minler.jpg",650,405,false],"portraits":["https:\/\/arantv.az\/wp-content\/uploads\/2021\/08\/minler.jpg",650,405,false],"thumbnail":["https:\/\/arantv.az\/wp-content\/uploads\/2021\/08\/minler-500x280.jpg",500,280,true],"medium":["https:\/\/arantv.az\/wp-content\/uploads\/2021\/08\/minler-586x365.jpg",586,365,true],"large":["https:\/\/arantv.az\/wp-content\/uploads\/2021\/08\/minler.jpg",640,399,false],"1536x1536":["https:\/\/arantv.az\/wp-content\/uploads\/2021\/08\/minler.jpg",650,405,false],"2048x2048":["https:\/\/arantv.az\/wp-content\/uploads\/2021\/08\/minler.jpg",650,405,false],"post-thumbnail":["https:\/\/arantv.az\/wp-content\/uploads\/2021\/08\/minler-240x172.jpg",240,172,true],"advps-thumb-one":["https:\/\/arantv.az\/wp-content\/uploads\/2021\/08\/minler.jpg",650,405,false]},"rttpg_author":{"display_name":"V\u00fcsal Rafiqo\u011flu","author_link":"https:\/\/arantv.az\/?author=2"},"rttpg_comment":0,"rttpg_category":"<a href=\"https:\/\/arantv.az\/?cat=7\" rel=\"category\">D\u00fcnya<\/a>","rttpg_excerpt":"AB\u015e-da anomal istil\u0259r n\u0259tic\u0259sind\u0259 minl\u0259rl\u0259 insan \u00f6l\u00fcb. ARANTV.AZ \u00a0&#8220;Report&#8221;a istinad\u0259n\u00a0x\u0259b\u0259r\u00a0verir ki, g\u00fcnvurma n\u0259tic\u0259sind\u0259 x\u0259st\u0259xanalara d\u00fc\u015f\u0259n amerikal\u0131lar\u0131n say\u0131 daha bir ne\u00e7\u0259 mindir. Oraqon \u015ftat\u0131nda 83, Va\u015finqtonda 112 n\u0259f\u0259r k\u0259skin istil\u0259rin qurban\u0131 olub. \u00d6lk\u0259 hakimiyy\u0259ti qlobal istil\u0259\u015fm\u0259nin t\u0259sirl\u0259rini aradan qald\u0131rmaq \u00fc\u00e7\u00fcn yollar axtar\u0131r. Qeyd ed\u0259k ki, bu ilin iyulunda AB\u015e Konqresi ekstremal istil\u0259rl\u0259 ba\u011fl\u0131 qanun q\u0259bul edib.&hellip;","_links":{"self":[{"href":"https:\/\/arantv.az\/index.php?rest_route=\/wp\/v2\/posts\/365564"}],"collection":[{"href":"https:\/\/arantv.az\/index.php?rest_route=\/wp\/v2\/posts"}],"about":[{"href":"https:\/\/arantv.az\/index.php?rest_route=\/wp\/v2\/types\/post"}],"author":[{"embeddable":true,"href":"https:\/\/arantv.az\/index.php?rest_route=\/wp\/v2\/users\/2"}],"replies":[{"embeddable":true,"href":"https:\/\/arantv.az\/index.php?rest_route=%2Fwp%2Fv2%2Fcomments&post=365564"}],"version-history":[{"count":0,"href":"https:\/\/arantv.az\/index.php?rest_route=\/wp\/v2\/posts\/365564\/revisions"}],"wp:featuredmedia":[{"embeddable":true,"href":"https:\/\/arantv.az\/index.php?rest_route=\/wp\/v2\/media\/365565"}],"wp:attachment":[{"href":"https:\/\/arantv.az\/index.php?rest_route=%2Fwp%2Fv2%2Fmedia&parent=365564"}],"wp:term":[{"taxonomy":"category","embeddable":true,"href":"https:\/\/arantv.az\/index.php?rest_route=%2Fwp%2Fv2%2Fcategories&post=365564"},{"taxonomy":"post_tag","embeddable":true,"href":"https:\/\/arantv.az\/index.php?rest_route=%2Fwp%2Fv2%2Ftags&post=365564"}],"curies":[{"name":"wp","href":"https:\/\/api.w.org\/{rel}","templated":true}]}}