{"id":365567,"date":"2021-08-12T08:15:22","date_gmt":"2021-08-12T05:15:22","guid":{"rendered":"http:\/\/arantv.az\/?p=365567"},"modified":"2021-08-12T08:15:22","modified_gmt":"2021-08-12T05:15:22","slug":"fhn-nin-m%c9%99sul-%c9%99m%c9%99kdasi-muglada-olmagimizin-s%c9%99b%c9%99bi-az%c9%99rbaycan-turkiy%c9%99-qardasligina-s%c9%99daq%c9%99timizdir","status":"publish","type":"post","link":"https:\/\/arantv.az\/?p=365567","title":{"rendered":"FHN-nin m\u0259sul \u0259m\u0259kda\u015f\u0131: Mu\u011flada olma\u011f\u0131m\u0131z\u0131n s\u0259b\u0259bi Az\u0259rbaycan-T\u00fcrkiy\u0259 qarda\u015fl\u0131\u011f\u0131na s\u0259daq\u0259timizdir"},"content":{"rendered":"<p>Mu\u011flada olma\u011f\u0131m\u0131z\u0131n s\u0259b\u0259bi Az\u0259rbaycan-T\u00fcrkiy\u0259 qarda\u015fl\u0131\u011f\u0131na s\u0259daq\u0259timizdir. F\u00f6vq\u0259lad\u0259 Hallar Nazirliyinin buradak\u0131 \u0259m\u0259kda\u015flar\u0131 b\u00f6y\u00fck ruh y\u00fcks\u0259kliyi il\u0259 \u00e7al\u0131\u015f\u0131rlar. Yan\u011f\u0131n\u0131lar davam edir. \u018fm\u0259kda\u015flar\u0131m\u0131z h\u0259m yan\u011f\u0131nlar\u0131n s\u00f6nd\u00fcr\u00fclm\u0259si, h\u0259m d\u0259 ya\u015fay\u0131\u015f m\u0259sk\u0259nl\u0259rinin yan\u011f\u0131ndan m\u00fchafiz\u0259si \u00fc\u00e7\u00fcn b\u00f6y\u00fck s\u0259y g\u00f6st\u0259rirl\u0259r.<\/p>\n<p><strong>ARANTV.AZ<\/strong> x\u0259b\u0259r verir ki, bu fikirl\u0259ri AZ\u018fRTAC-\u0131n yan\u011f\u0131n b\u00f6lg\u0259sind\u0259 f\u0259aliyy\u0259t g\u00f6st\u0259r\u0259n x\u00fcsusi m\u00fcxbirin\u0259 F\u00f6vq\u0259lad\u0259 Hallar Nazirliyinin (FHN) D\u00f6vl\u0259t Yan\u011f\u0131ndan M\u00fchafiz\u0259 Xidm\u0259tinin b\u00f6lm\u0259 r\u0259isi, daxili xidm\u0259t mayoru Zahid N\u0259z\u0259rli s\u00f6yl\u0259yib.<\/p>\n<p>Xat\u0131rladaq ki, Az\u0259rbaycan Respublikas\u0131n\u0131n Prezidenti \u0130lham \u018fliyevin tap\u015f\u0131r\u0131\u011f\u0131na uy\u011fun olaraq, haz\u0131rda T\u00fcrkiy\u0259 Respublikas\u0131nda olan Az\u0259rbaycan F\u00f6vq\u0259lad\u0259 Hallar Nazirliyinin m\u00fcvafiq yan\u011f\u0131n-xilasetm\u0259 q\u00fcvv\u0259l\u0259ri me\u015f\u0259 yan\u011f\u0131nlar\u0131 il\u0259 m\u00fcbariz\u0259 t\u0259dbirl\u0259rini u\u011furla davam etdirirl\u0259r. Qarda\u015f \u00f6lk\u0259d\u0259 t\u00fc\u011fyan ed\u0259n me\u015f\u0259 yan\u011f\u0131nlar\u0131n\u0131n s\u00f6nd\u00fcr\u00fclm\u0259si \u00fc\u00e7\u00fcn Az\u0259rbaycandan \u00fcmumilikd\u0259 700-d\u0259n \u00e7ox \u015f\u0259xsi t\u0259cr\u00fcb\u0259li v\u0259 pe\u015f\u0259kar hey\u0259t, 93 x\u00fcsusi texnika, 1 helikopter v\u0259 1 amfibiya tipli t\u0259yyar\u0259 g\u00f6nd\u0259rilib. T\u00fcrkiy\u0259d\u0259ki b\u00fct\u00fcn q\u00fcvv\u0259l\u0259rl\u0259 fasil\u0259siz olaraq yan\u011f\u0131nlar\u0131n s\u00f6nd\u00fcr\u00fclm\u0259sind\u0259 i\u015ftirak edirl\u0259r.<\/p>\n<p>FHN-in T\u00fcrkiy\u0259d\u0259ki q\u00fcvv\u0259l\u0259rinin koordinasiyal\u0131 idar\u0259 edilm\u0259si m\u0259qs\u0259dil\u0259 f\u00f6vq\u0259lad\u0259 hallar nazirinin m\u00fcavini general-leytenant Etibar Mirz\u0259yev yan\u011f\u0131n b\u00f6hran b\u00f6lg\u0259sind\u0259ki hey\u0259t\u0259 ba\u015f\u00e7\u0131l\u0131q edir.<\/p>\n","protected":false},"excerpt":{"rendered":"<p>Mu\u011flada olma\u011f\u0131m\u0131z\u0131n s\u0259b\u0259bi Az\u0259rbaycan-T\u00fcrkiy\u0259 qarda\u015fl\u0131\u011f\u0131na s\u0259daq\u0259timizdir. F\u00f6vq\u0259lad\u0259 Hallar Nazirliyinin buradak\u0131 \u0259m\u0259kda\u015flar\u0131 b\u00f6y\u00fck ruh y\u00fcks\u0259kliyi il\u0259 \u00e7al\u0131\u015f\u0131rlar. Yan\u011f\u0131n\u0131lar davam edir. \u018fm\u0259kda\u015flar\u0131m\u0131z h\u0259m yan\u011f\u0131nlar\u0131n s\u00f6nd\u00fcr\u00fclm\u0259si, h\u0259m d\u0259 ya\u015fay\u0131\u015f m\u0259sk\u0259nl\u0259rinin yan\u011f\u0131ndan m\u00fchafiz\u0259si \u00fc\u00e7\u00fcn b\u00f6y\u00fck s\u0259y g\u00f6st\u0259rirl\u0259r. ARANTV.AZ x\u0259b\u0259r verir ki, bu fikirl\u0259ri AZ\u018fRTAC-\u0131n yan\u011f\u0131n b\u00f6lg\u0259sind\u0259 f\u0259aliyy\u0259t g\u00f6st\u0259r\u0259n x\u00fcsusi m\u00fcxbirin\u0259 F\u00f6vq\u0259lad\u0259 Hallar Nazirliyinin (FHN) D\u00f6vl\u0259t Yan\u011f\u0131ndan M\u00fchafiz\u0259 Xidm\u0259tinin b\u00f6lm\u0259 r\u0259isi, daxili xidm\u0259t mayoru Zahid N\u0259z\u0259rli s\u00f6yl\u0259yib. Xat\u0131rladaq ki, Az\u0259rbaycan Respublikas\u0131n\u0131n Prezidenti \u0130lham \u018fliyevin tap\u015f\u0131r\u0131\u011f\u0131na uy\u011fun olaraq, haz\u0131rda T\u00fcrkiy\u0259 Respublikas\u0131nda olan Az\u0259rbaycan F\u00f6vq\u0259lad\u0259 Hallar Nazirliyinin m\u00fcvafiq yan\u011f\u0131n-xilasetm\u0259 q\u00fcvv\u0259l\u0259ri me\u015f\u0259 yan\u011f\u0131nlar\u0131 il\u0259 m\u00fcbariz\u0259 t\u0259dbirl\u0259rini u\u011furla davam&hellip;<\/p>\n","protected":false},"author":2,"featured_media":365568,"comment_status":"closed","ping_status":"closed","sticky":false,"template":"","format":"standard","meta":{"om_disable_all_campaigns":false,"_monsterinsights_skip_tracking":false,"_monsterinsights_sitenote_active":false,"_monsterinsights_sitenote_note":"","_monsterinsights_sitenote_category":0},"categories":[26],"tags":[],"aioseo_notices":[],"gutentor_comment":0,"rttpg_featured_image_url":{"full":["https:\/\/arantv.az\/wp-content\/uploads\/2021\/08\/7deb2df6c7f4cd4fd92338da974173ef_72141_4.jpg",975,540,false],"landscape":["https:\/\/arantv.az\/wp-content\/uploads\/2021\/08\/7deb2df6c7f4cd4fd92338da974173ef_72141_4.jpg",975,540,false],"portraits":["https:\/\/arantv.az\/wp-content\/uploads\/2021\/08\/7deb2df6c7f4cd4fd92338da974173ef_72141_4.jpg",975,540,false],"thumbnail":["https:\/\/arantv.az\/wp-content\/uploads\/2021\/08\/7deb2df6c7f4cd4fd92338da974173ef_72141_4-500x280.jpg",500,280,true],"medium":["https:\/\/arantv.az\/wp-content\/uploads\/2021\/08\/7deb2df6c7f4cd4fd92338da974173ef_72141_4-660x365.jpg",660,365,true],"large":["https:\/\/arantv.az\/wp-content\/uploads\/2021\/08\/7deb2df6c7f4cd4fd92338da974173ef_72141_4-840x465.jpg",640,354,true],"1536x1536":["https:\/\/arantv.az\/wp-content\/uploads\/2021\/08\/7deb2df6c7f4cd4fd92338da974173ef_72141_4.jpg",975,540,false],"2048x2048":["https:\/\/arantv.az\/wp-content\/uploads\/2021\/08\/7deb2df6c7f4cd4fd92338da974173ef_72141_4.jpg",975,540,false],"post-thumbnail":["https:\/\/arantv.az\/wp-content\/uploads\/2021\/08\/7deb2df6c7f4cd4fd92338da974173ef_72141_4-240x172.jpg",240,172,true],"advps-thumb-one":["https:\/\/arantv.az\/wp-content\/uploads\/2021\/08\/7deb2df6c7f4cd4fd92338da974173ef_72141_4.jpg",975,540,false]},"rttpg_author":{"display_name":"V\u00fcsal Rafiqo\u011flu","author_link":"https:\/\/arantv.az\/?author=2"},"rttpg_comment":0,"rttpg_category":"<a href=\"https:\/\/arantv.az\/?cat=26\" rel=\"category\">Sosial<\/a>","rttpg_excerpt":"Mu\u011flada olma\u011f\u0131m\u0131z\u0131n s\u0259b\u0259bi Az\u0259rbaycan-T\u00fcrkiy\u0259 qarda\u015fl\u0131\u011f\u0131na s\u0259daq\u0259timizdir. F\u00f6vq\u0259lad\u0259 Hallar Nazirliyinin buradak\u0131 \u0259m\u0259kda\u015flar\u0131 b\u00f6y\u00fck ruh y\u00fcks\u0259kliyi il\u0259 \u00e7al\u0131\u015f\u0131rlar. Yan\u011f\u0131n\u0131lar davam edir. \u018fm\u0259kda\u015flar\u0131m\u0131z h\u0259m yan\u011f\u0131nlar\u0131n s\u00f6nd\u00fcr\u00fclm\u0259si, h\u0259m d\u0259 ya\u015fay\u0131\u015f m\u0259sk\u0259nl\u0259rinin yan\u011f\u0131ndan m\u00fchafiz\u0259si \u00fc\u00e7\u00fcn b\u00f6y\u00fck s\u0259y g\u00f6st\u0259rirl\u0259r. ARANTV.AZ x\u0259b\u0259r verir ki, bu fikirl\u0259ri AZ\u018fRTAC-\u0131n yan\u011f\u0131n b\u00f6lg\u0259sind\u0259 f\u0259aliyy\u0259t g\u00f6st\u0259r\u0259n x\u00fcsusi m\u00fcxbirin\u0259 F\u00f6vq\u0259lad\u0259 Hallar Nazirliyinin (FHN) D\u00f6vl\u0259t Yan\u011f\u0131ndan M\u00fchafiz\u0259 Xidm\u0259tinin b\u00f6lm\u0259&hellip;","_links":{"self":[{"href":"https:\/\/arantv.az\/index.php?rest_route=\/wp\/v2\/posts\/365567"}],"collection":[{"href":"https:\/\/arantv.az\/index.php?rest_route=\/wp\/v2\/posts"}],"about":[{"href":"https:\/\/arantv.az\/index.php?rest_route=\/wp\/v2\/types\/post"}],"author":[{"embeddable":true,"href":"https:\/\/arantv.az\/index.php?rest_route=\/wp\/v2\/users\/2"}],"replies":[{"embeddable":true,"href":"https:\/\/arantv.az\/index.php?rest_route=%2Fwp%2Fv2%2Fcomments&post=365567"}],"version-history":[{"count":0,"href":"https:\/\/arantv.az\/index.php?rest_route=\/wp\/v2\/posts\/365567\/revisions"}],"wp:featuredmedia":[{"embeddable":true,"href":"https:\/\/arantv.az\/index.php?rest_route=\/wp\/v2\/media\/365568"}],"wp:attachment":[{"href":"https:\/\/arantv.az\/index.php?rest_route=%2Fwp%2Fv2%2Fmedia&parent=365567"}],"wp:term":[{"taxonomy":"category","embeddable":true,"href":"https:\/\/arantv.az\/index.php?rest_route=%2Fwp%2Fv2%2Fcategories&post=365567"},{"taxonomy":"post_tag","embeddable":true,"href":"https:\/\/arantv.az\/index.php?rest_route=%2Fwp%2Fv2%2Ftags&post=365567"}],"curies":[{"name":"wp","href":"https:\/\/api.w.org\/{rel}","templated":true}]}}