{"id":365573,"date":"2021-08-12T08:17:02","date_gmt":"2021-08-12T05:17:02","guid":{"rendered":"http:\/\/arantv.az\/?p=365573"},"modified":"2021-08-12T08:17:02","modified_gmt":"2021-08-12T05:17:02","slug":"elmar-m%c9%99mm%c9%99dyarov-g%c9%99lini-haqqinda-erm%c9%99ni-deyil-bir-t%c9%99r%c9%99fi-irlanddir-bir-t%c9%99r%c9%99fi-italyan","status":"publish","type":"post","link":"https:\/\/arantv.az\/?p=365573","title":{"rendered":"Elmar M\u0259mm\u0259dyarov g\u0259lini haqq\u0131nda: &#8220;Erm\u0259ni deyil, bir t\u0259r\u0259fi irlandd\u0131r, bir t\u0259r\u0259fi italyan&#8221;"},"content":{"rendered":"<p>Az\u0259rbaycan\u0131n sabiq xarici i\u015fl\u0259r naziri Elmar M\u0259mm\u0259dyarovun Demokrat.az-a m\u00fcsahib\u0259 verib.<br \/>\n<strong><br \/>\nMusavat.com<\/strong>\u00a0m\u00fcsahib\u0259ni t\u0259qdim edir:<\/p>\n<p><strong>\u2014 Bu yax\u0131nlarda Rusiya D\u00f6vl\u0259t Dumas\u0131n\u0131n \u00fczv\u00fc Vladimr Jirinovski yenid\u0259n Az\u0259rbaycanla ba\u011fl\u0131 s\u0259rs\u0259m a\u00e7\u0131qlamalar verib. Onun fikirl\u0259ri il\u0259 tan\u0131\u015fs\u0131n\u0131zm\u0131?<\/strong><\/p>\n<p>\u2014 B\u0259li, tan\u0131\u015fam. Bu, Jirinovskinin ilk bel\u0259 a\u00e7\u0131qlamas\u0131 deyil. M\u0259nim nazir f\u0259aliyy\u0259tim d\u00f6vr\u00fcnd\u0259 d\u0259 onun bu c\u00fcr \u00e7\u0131x\u0131\u015flar\u0131 zaman\u0131 Rusiyaya bu \u00f6lk\u0259d\u0259ki s\u0259firliyimiz vasit\u0259sil\u0259 etiraz nota g\u00f6nd\u0259rirdik. Jirinovskinin m\u00f6vqeyi b\u0259llidir. Onun bu c\u00fcr \u00e7\u0131x\u0131\u015flar\u0131 \u0259sas yerli auditoriya \u00fc\u00e7\u00fcn n\u0259z\u0259rd\u0259 tutulub. Onun imici bel\u0259dir. \u0130nanm\u0131ram ki, Jirinovskinin bu a\u00e7\u0131qlamalar\u0131 n\u0259yis\u0259 d\u0259yi\u015fdirsin. Az\u0259rbaycanla Rusiya aras\u0131ndak\u0131 y\u00fcks\u0259k \u0259laq\u0259l\u0259r\u0259 bu c\u00fcr a\u00e7\u0131qlamalar ziyan vurmaz, \u00e7\u00fcnki Jirinovskini ham\u0131 tan\u0131y\u0131r. Moskvadak\u0131 siyasi elitada da o, yax\u015f\u0131 tan\u0131n\u0131r. H\u0259r k\u0259s bilir ki, onun \u00e7\u0131x\u0131\u015flar\u0131 h\u0259r zaman bel\u0259 s\u0259rtdir. Ona g\u00f6r\u0259 d\u0259, onun i\u015fl\u0259tdiyi ifad\u0259l\u0259rin n\u0259yis\u0259 d\u0259yi\u015fdir\u0259c\u0259yini d\u00fc\u015f\u00fcnm\u00fcr\u0259m.<\/p>\n<p><strong>\u2014 Sizc\u0259, Jirinovskinin bu c\u00fcr s\u0259rs\u0259m a\u00e7\u0131qlamalar\u0131n\u0131 ciddiy\u0259 almaq laz\u0131md\u0131rm\u0131?<\/strong><\/p>\n<p>\u2014 M\u0259nc\u0259, onun a\u00e7\u0131qlamalar\u0131na fikir verm\u0259k laz\u0131md\u0131r, amma ciddi q\u0259bul etm\u0259m\u0259liyik. B\u0259zil\u0259ri iddia edir ki, g\u00fcya Jirnovski Rusiya r\u0259hb\u0259rliyini s\u00f6zl\u0259rini \u00e7atd\u0131r\u0131r. Amma m\u0259n inanm\u0131ram ki, Jirinovskinin bu \u00e7\u0131x\u0131\u015f\u0131nda Putinin fikirl\u0259ri olsun. \u018fg\u0259r Jirinovskinin \u0259vv\u0259lki \u00e7\u0131x\u0131\u015flar\u0131 \u00f6z yerini tutsayd\u0131, t\u0259sdiql\u0259ns\u0259ydi, indi bel\u0259 fikirl\u0259\u015fm\u0259k olard\u0131.<\/p>\n<p>Az\u0259rbaycan t\u0259r\u0259fi onun \u00e7\u0131x\u0131\u015f\u0131 il\u0259 ba\u011fl\u0131 \u00f6z m\u00f6vqeyini bildirdi. Bildiyim q\u0259d\u0259r, Az\u0259rbaycan\u0131n Rusiyadak\u0131 s\u0259firi Polad B\u00fclb\u00fclo\u011flu Moskvadan Bak\u0131ya \u00e7a\u011fr\u0131laraq t\u0259limatland\u0131r\u0131l\u0131b, bu m\u0259s\u0259l\u0259y\u0259 s\u0259firimiz d\u0259 \u00f6z etiraz\u0131n\u0131 bildirib. Biz \u00f6z m\u00f6vqeyimizi tam olaraq Rusiyaya \u00e7atd\u0131rm\u0131\u015f\u0131q. Birm\u0259nal\u0131 \u015f\u0259kild\u0259 reaksiya verm\u0259li, m\u00f6vqe bildirm\u0259liyik. Diplomatiyada bu c\u00fcr fikirl\u0259r\u0259 reaksiya verm\u0259m\u0259k h\u0259min fikirl\u0259ri q\u0259bul etm\u0259k kimi d\u0259y\u0259rl\u0259ndirilir. Biz d\u0259 \u00f6z m\u00f6vqeyimizi bildirm\u0259kl\u0259 cavab\u0131m\u0131z\u0131 vermi\u015f olduq. Amma soru\u015fsan\u0131z ki, bununla n\u0259s\u0259 d\u0259yi\u015fdimi, d\u00fc\u015f\u00fcnm\u00fcr\u0259m.<\/p>\n<p><strong>\u2014 T\u00fcrkiy\u0259d\u0259 ba\u015f ver\u0259n yan\u011f\u0131nlarla ba\u011fl\u0131 Az\u0259rbaycan qarda\u015f \u00f6lk\u0259y\u0259 d\u0259st\u0259k g\u00f6st\u0259rir, yard\u0131m qruplar\u0131 g\u00f6nd\u0259rib Bununla ba\u011fl\u0131 siz n\u0259 dey\u0259 bil\u0259rsiniz?<\/strong><\/p>\n<p>\u2014 Bizim c\u0259nab \u00c7avu\u015fo\u011flu il\u0259 dostluq m\u00fcnasib\u0259tl\u0259rimiz var v\u0259 bu g\u00fcnd\u0259 davam edir. Bel\u0259 g\u00fcnl\u0259rd\u0259 T\u00fcrkiy\u0259y\u0259 yard\u0131m m\u00fctl\u0259q laz\u0131m idi. C\u0259nab Prezidentin g\u00f6st\u0259ri\u015fi il\u0259 xeyli sayda texnika v\u0259 canl\u0131 q\u00fcvv\u0259 T\u00fcrkiy\u0259y\u0259 g\u00f6nd\u0259rildi. Bu hadis\u0259l\u0259rd\u0259 qarda\u015f T\u00fcrkiy\u0259nin yan\u0131nda olmal\u0131 idik. Az\u0259rbaycan T\u00fcrkiy\u0259ni birm\u0259nal\u0131 \u015f\u0259kild\u0259 d\u0259st\u0259kl\u0259m\u0259li idi v\u0259 Prezidentin tap\u015f\u0131r\u0131\u011f\u0131 \u0259sas\u0131nda bu, realla\u015fd\u0131. Bu, \u00e7ox b\u00f6y\u00fck v\u0259 qarda\u015fl\u0131\u011fa yara\u015fan add\u0131m oldu. F\u00fcrs\u0259td\u0259n istifad\u0259 edib, qarda\u015f T\u00fcrkiy\u0259nin bu b\u0259ladan tezlikl\u0259 xilas olma\u011f\u0131n\u0131 arzu edir\u0259m.<\/p>\n<p><strong>\u2014 Zaman-zaman \u00f6vladlar\u0131n\u0131z haqq\u0131n\u0131zda erm\u0259nil\u0259rl\u0259 qohumlu\u011funuz bar\u0259d\u0259 s\u00f6hb\u0259tl\u0259r g\u00fcnd\u0259m\u0259 g\u0259lir. H\u0259tta, \u00f6vlad\u0131n\u0131z\u0131n erm\u0259ni \u0259silli xan\u0131mla evl\u0259nm\u0259si kimi x\u0259b\u0259rl\u0259r yay\u0131l\u0131b. \u0130st\u0259rdim ki, bu s\u00f6z-s\u00f6hb\u0259tl\u0259rl\u0259 ba\u011fl\u0131 d\u0259qiq a\u00e7\u0131qlaman\u0131 \u00f6z dilinizd\u0259n e\u015fid\u0259k. O\u011flunuzun erm\u0259ni\u0259silli xan\u0131mla ail\u0259 h\u0259yat\u0131 qurmas\u0131 do\u011frudurmu?<\/strong><\/p>\n<p>\u2014 Xeyr, bu \u0259sla ola bilm\u0259z. N\u0259 m\u0259nim ail\u0259min, n\u0259 d\u0259 g\u0259linimin n\u0259 ana t\u0259r\u0259fd\u0259n, n\u0259 d\u0259 ata t\u0259r\u0259fd\u0259n erm\u0259ni il\u0259 qan qohumlu\u011fu yoxdur, olmay\u0131b da. Bunlar ham\u0131s\u0131 bo\u015f-bo\u015f s\u00f6hb\u0259tl\u0259rdir. \u0130ndi ad qaralamaq ist\u0259y\u0259n adamlar \u00e7oxdur, niy\u0259 etm\u0259k ist\u0259yirl\u0259r bilmir\u0259m, \u00f6zl\u0259ri bil\u0259rl\u0259r. Nec\u0259 dey\u0259rl\u0259r, babal\u0131 onlar\u0131n boynuna. Ona g\u00f6r\u0259 d\u0259, bu m\u0259s\u0259l\u0259ni he\u00e7 \u015f\u0259rh etm\u0259k bel\u0259 ist\u0259mir\u0259m.<\/p>\n<p><strong>\u2014 B\u0259s g\u0259lininiz hans\u0131 mill\u0259tin n\u00fcmay\u0259nd\u0259sidir?<\/strong><\/p>\n<p>\u2014 \u00d6vlad\u0131m\u0131n h\u0259yat yolda\u015f\u0131n\u0131n bir t\u0259r\u0259fi italyan, bir t\u0259r\u0259fi is\u0259 irlandiyal\u0131d\u0131r. Qudalar\u0131m is\u0259 r\u0259hm\u0259t\u0259 gedibl\u0259r. G\u0259linim \u00e7ox yax\u015f\u0131 insand\u0131r, pe\u015f\u0259kar h\u0259kimdir. G\u0259linim o\u011flumla Amerikada universitetd\u0259 bir yerd\u0259 oxuyublar, el\u0259 orada tan\u0131\u015f olub, evl\u0259nibl\u0259r.<\/p>\n","protected":false},"excerpt":{"rendered":"<p>Az\u0259rbaycan\u0131n sabiq xarici i\u015fl\u0259r naziri Elmar M\u0259mm\u0259dyarovun Demokrat.az-a m\u00fcsahib\u0259 verib. Musavat.com\u00a0m\u00fcsahib\u0259ni t\u0259qdim edir: \u2014 Bu yax\u0131nlarda Rusiya D\u00f6vl\u0259t Dumas\u0131n\u0131n \u00fczv\u00fc Vladimr Jirinovski yenid\u0259n Az\u0259rbaycanla ba\u011fl\u0131 s\u0259rs\u0259m a\u00e7\u0131qlamalar verib. Onun fikirl\u0259ri il\u0259 tan\u0131\u015fs\u0131n\u0131zm\u0131? \u2014 B\u0259li, tan\u0131\u015fam. Bu, Jirinovskinin ilk bel\u0259 a\u00e7\u0131qlamas\u0131 deyil. M\u0259nim nazir f\u0259aliyy\u0259tim d\u00f6vr\u00fcnd\u0259 d\u0259 onun bu c\u00fcr \u00e7\u0131x\u0131\u015flar\u0131 zaman\u0131 Rusiyaya bu \u00f6lk\u0259d\u0259ki s\u0259firliyimiz vasit\u0259sil\u0259 etiraz nota g\u00f6nd\u0259rirdik. Jirinovskinin m\u00f6vqeyi b\u0259llidir. Onun bu c\u00fcr \u00e7\u0131x\u0131\u015flar\u0131 \u0259sas yerli auditoriya \u00fc\u00e7\u00fcn n\u0259z\u0259rd\u0259 tutulub. Onun imici bel\u0259dir. \u0130nanm\u0131ram ki, Jirinovskinin bu a\u00e7\u0131qlamalar\u0131 n\u0259yis\u0259 d\u0259yi\u015fdirsin. Az\u0259rbaycanla Rusiya aras\u0131ndak\u0131 y\u00fcks\u0259k \u0259laq\u0259l\u0259r\u0259 bu c\u00fcr a\u00e7\u0131qlamalar&hellip;<\/p>\n","protected":false},"author":2,"featured_media":365574,"comment_status":"closed","ping_status":"closed","sticky":false,"template":"","format":"standard","meta":{"om_disable_all_campaigns":false,"_monsterinsights_skip_tracking":false,"_monsterinsights_sitenote_active":false,"_monsterinsights_sitenote_note":"","_monsterinsights_sitenote_category":0},"categories":[19],"tags":[],"aioseo_notices":[],"gutentor_comment":0,"rttpg_featured_image_url":{"full":["https:\/\/arantv.az\/wp-content\/uploads\/2021\/08\/d1adf1883e82a159fcb90b3e9aac04d8.jpg",450,300,false],"landscape":["https:\/\/arantv.az\/wp-content\/uploads\/2021\/08\/d1adf1883e82a159fcb90b3e9aac04d8.jpg",450,300,false],"portraits":["https:\/\/arantv.az\/wp-content\/uploads\/2021\/08\/d1adf1883e82a159fcb90b3e9aac04d8.jpg",450,300,false],"thumbnail":["https:\/\/arantv.az\/wp-content\/uploads\/2021\/08\/d1adf1883e82a159fcb90b3e9aac04d8-450x280.jpg",450,280,true],"medium":["https:\/\/arantv.az\/wp-content\/uploads\/2021\/08\/d1adf1883e82a159fcb90b3e9aac04d8.jpg",450,300,false],"large":["https:\/\/arantv.az\/wp-content\/uploads\/2021\/08\/d1adf1883e82a159fcb90b3e9aac04d8.jpg",450,300,false],"1536x1536":["https:\/\/arantv.az\/wp-content\/uploads\/2021\/08\/d1adf1883e82a159fcb90b3e9aac04d8.jpg",450,300,false],"2048x2048":["https:\/\/arantv.az\/wp-content\/uploads\/2021\/08\/d1adf1883e82a159fcb90b3e9aac04d8.jpg",450,300,false],"post-thumbnail":["https:\/\/arantv.az\/wp-content\/uploads\/2021\/08\/d1adf1883e82a159fcb90b3e9aac04d8-240x172.jpg",240,172,true],"advps-thumb-one":["https:\/\/arantv.az\/wp-content\/uploads\/2021\/08\/d1adf1883e82a159fcb90b3e9aac04d8.jpg",450,300,false]},"rttpg_author":{"display_name":"V\u00fcsal Rafiqo\u011flu","author_link":"https:\/\/arantv.az\/?author=2"},"rttpg_comment":0,"rttpg_category":"<a href=\"https:\/\/arantv.az\/?cat=19\" rel=\"category\">G\u00fcnd\u0259m<\/a>","rttpg_excerpt":"Az\u0259rbaycan\u0131n sabiq xarici i\u015fl\u0259r naziri Elmar M\u0259mm\u0259dyarovun Demokrat.az-a m\u00fcsahib\u0259 verib. Musavat.com\u00a0m\u00fcsahib\u0259ni t\u0259qdim edir: \u2014 Bu yax\u0131nlarda Rusiya D\u00f6vl\u0259t Dumas\u0131n\u0131n \u00fczv\u00fc Vladimr Jirinovski yenid\u0259n Az\u0259rbaycanla ba\u011fl\u0131 s\u0259rs\u0259m a\u00e7\u0131qlamalar verib. Onun fikirl\u0259ri il\u0259 tan\u0131\u015fs\u0131n\u0131zm\u0131? \u2014 B\u0259li, tan\u0131\u015fam. Bu, Jirinovskinin ilk bel\u0259 a\u00e7\u0131qlamas\u0131 deyil. M\u0259nim nazir f\u0259aliyy\u0259tim d\u00f6vr\u00fcnd\u0259 d\u0259 onun bu c\u00fcr \u00e7\u0131x\u0131\u015flar\u0131 zaman\u0131 Rusiyaya bu \u00f6lk\u0259d\u0259ki s\u0259firliyimiz&hellip;","_links":{"self":[{"href":"https:\/\/arantv.az\/index.php?rest_route=\/wp\/v2\/posts\/365573"}],"collection":[{"href":"https:\/\/arantv.az\/index.php?rest_route=\/wp\/v2\/posts"}],"about":[{"href":"https:\/\/arantv.az\/index.php?rest_route=\/wp\/v2\/types\/post"}],"author":[{"embeddable":true,"href":"https:\/\/arantv.az\/index.php?rest_route=\/wp\/v2\/users\/2"}],"replies":[{"embeddable":true,"href":"https:\/\/arantv.az\/index.php?rest_route=%2Fwp%2Fv2%2Fcomments&post=365573"}],"version-history":[{"count":0,"href":"https:\/\/arantv.az\/index.php?rest_route=\/wp\/v2\/posts\/365573\/revisions"}],"wp:featuredmedia":[{"embeddable":true,"href":"https:\/\/arantv.az\/index.php?rest_route=\/wp\/v2\/media\/365574"}],"wp:attachment":[{"href":"https:\/\/arantv.az\/index.php?rest_route=%2Fwp%2Fv2%2Fmedia&parent=365573"}],"wp:term":[{"taxonomy":"category","embeddable":true,"href":"https:\/\/arantv.az\/index.php?rest_route=%2Fwp%2Fv2%2Fcategories&post=365573"},{"taxonomy":"post_tag","embeddable":true,"href":"https:\/\/arantv.az\/index.php?rest_route=%2Fwp%2Fv2%2Ftags&post=365573"}],"curies":[{"name":"wp","href":"https:\/\/api.w.org\/{rel}","templated":true}]}}