{"id":365582,"date":"2021-08-12T08:19:42","date_gmt":"2021-08-12T05:19:42","guid":{"rendered":"http:\/\/arantv.az\/?p=365582"},"modified":"2021-08-12T08:19:42","modified_gmt":"2021-08-12T05:19:42","slug":"erm%c9%99nistanin-%c9%99halisi-azalir-yoxsullar-v%c9%99-xarici-borcu-artir-xank%c9%99ndi-bosalir-yeni-ilginc-r%c9%99q%c9%99ml%c9%99r","status":"publish","type":"post","link":"https:\/\/arantv.az\/?p=365582","title":{"rendered":"Erm\u0259nistan\u0131n \u0259halisi azal\u0131r, yoxsullar v\u0259 xarici borcu art\u0131r, Xank\u0259ndi bo\u015fal\u0131r &#8211; yeni ilginc r\u0259q\u0259ml\u0259r"},"content":{"rendered":"<h3><strong>Qlobal g\u00fccl\u0259rin oyununda al\u0259t kimi qalan m\u0259\u011flub \u00f6lk\u0259 \u00f6z sonunu s\u00fcr\u0259tl\u0259 yax\u0131nla\u015fd\u0131r\u0131r; Bak\u0131 v\u0259 Ankaran\u0131 ill\u0259rdir blokada siyas\u0259ti aparmaqda su\u00e7layan \u0130r\u0259van t\u0259cridd\u0259n niy\u0259 \u00e7\u0131xmaq ist\u0259mir? Erm\u0259ni iqtisad\u00e7\u0131lardan SOS: \u201cBiz u\u00e7uruma gedirik&#8230;\u201d<\/strong><\/h3>\n<p><strong>\u201cMiatsum\u201d virusundan h\u0259l\u0259 d\u0259 qurtula bilm\u0259y\u0259n, x\u0259st\u0259 t\u0259f\u0259kk\u00fcrl\u00fc erm\u0259ni toplumun psixologiyas\u0131n\u0131 anlamaq do\u011frudan da q\u0259liz m\u0259s\u0259l\u0259dir. Diqq\u0259t edin, ill\u0259rdir Bak\u0131 v\u0259 Ankaran\u0131 Erm\u0259nistan\u0131 blokadada saxlamaqda ittiham ed\u0259n r\u0259smi \u0130r\u0259van indi d\u0259 ba\u015fqa havaya girib, 10 noyabr 2020 v\u0259 11 yanvar 2021-ci il \u00fc\u00e7t\u0259r\u0259fli sazi\u015fl\u0259rl\u0259 \u00f6z \u00fcz\u0259rin\u0259 g\u00f6t\u00fcrd\u00fcy\u00fc v\u0259 b\u00f6lg\u0259d\u0259 kommunikasiyalar\u0131n, n\u0259qliyyat yollar\u0131n\u0131n qeyd-\u015f\u0259rtsiz a\u00e7\u0131lmas\u0131n\u0131 ehtiva ed\u0259n \u00f6hd\u0259likl\u0259ri n\u0259 q\u0259d\u0259r q\u0259rib\u0259 d\u0259 olsa, yerin\u0259 yetirm\u0259kd\u0259n yay\u0131n\u0131r, bel\u0259likl\u0259, faktiki \u00f6z\u00fc-\u00f6z\u00fcn\u00fc izolyasiyada saxlamaqda davam edir.<\/strong><\/p>\n<p>Regionda b\u00f6y\u00fck s\u00fclh\u00fc v\u0259 \u0259m\u0259kda\u015fl\u0131\u011f\u0131 min b\u0259han\u0259 il\u0259 l\u0259ngid\u0259n Erm\u0259nistan t\u0259bii ki, bunun alt\u0131n\u0131 da \u0259n \u00e7ox el\u0259 \u00f6z\u00fc \u00e7\u0259kir. M\u0259s\u0259l\u0259n, m\u0259\u011flub \u00f6lk\u0259nin demoqrafik durumu he\u00e7 vaxt olmad\u0131\u011f\u0131 q\u0259d\u0259r indi ac\u0131nacaql\u0131 s\u0259viyy\u0259d\u0259dir. Son m\u0259lumatlara g\u00f6r\u0259, \u00f6lk\u0259d\u0259 \u0259halinin k\u0259skin azalmas\u0131 prosesi gedir, \u00f6z\u00fc d\u0259 b\u00fct\u00fcn b\u00f6lg\u0259l\u0259r \u00fczr\u0259.<\/p>\n<p>*****<\/p>\n<p><em>\u201cPandemiya d\u00f6vr\u00fcnd\u0259 s\u0259rh\u0259dl\u0259rin ba\u011flanmas\u0131 s\u0259b\u0259bind\u0259n dem\u0259k olar, d\u00fcnyan\u0131n b\u00fct\u00fcn \u00f6lk\u0259l\u0259rind\u0259 \u0259halinin say\u0131 il\u0259 ba\u011fl\u0131 m\u00fcsb\u0259t m\u0259lumatlar m\u00fc\u015fahid\u0259 olunur. Amma Erm\u0259nistana s\u0259rh\u0259dl\u0259rin ba\u011flanmas\u0131 da k\u00f6m\u0259k etm\u0259di. \u00d6lk\u0259 \u0259halisi f\u0259lak\u0259tli sur\u0259tl\u0259 azal\u0131r\u201d.<\/em><\/p>\n<p><strong>Bunu Erm\u0259nistan\u0131n tan\u0131nm\u0131\u015f iqtisad\u00e7\u0131s\u0131 Ara Qaloyan deyib. Onun s\u00f6zl\u0259rin\u0259 g\u00f6r\u0259, Erm\u0259nistanda h\u0259m \u015f\u0259h\u0259r, h\u0259m d\u0259 k\u0259nd \u0259halisi azal\u0131r: \u201cR\u0259smi m\u0259lumatlara g\u00f6r\u0259, \u00f6t\u0259n il, m\u0259s\u0259l\u0259n, G\u00fcmr\u00fcd\u0259 112,5 min \u0259hali ya\u015fay\u0131rd\u0131. Bu il r\u0259smi r\u0259q\u0259m 111 mindir. Eyni tendensiya Erm\u0259nistan\u0131n b\u00fct\u00fcn vilay\u0259t m\u0259rk\u0259zl\u0259rind\u0259 m\u00fc\u015fahid\u0259 olunur. \u0130stisnas\u0131z olaraq, ke\u00e7\u0259n ill\u0259 m\u00fcqayis\u0259d\u0259 b\u00fct\u00fcn rayon m\u0259rk\u0259zl\u0259rinin \u0259halisi azal\u0131b\u201d.<\/strong><\/p>\n<p>Qaloyan \u00f6t\u0259n ill\u0259 m\u00fcqayis\u0259d\u0259 sakinl\u0259rin say\u0131n\u0131n daha \u00e7ox azalmas\u0131n\u0131n Qafanda, Gorusda, Mehri v\u0259 Qarakils\u0259d\u0259 m\u00fc\u015fahid\u0259 olundu\u011funu vur\u011fulay\u0131b. \u201cBir s\u00f6zl\u0259, bu gedi\u015fl\u0259 Z\u0259ng\u0259zur v\u0259 Tavu\u015f vilay\u0259tl\u0259rind\u0259 bir ne\u00e7\u0259 ild\u0259n sonra bir erm\u0259ni bel\u0259 qalmayacaq. Bu regionlar\u0131n \u0259halisi k\u00fctl\u0259vi \u015f\u0259kild\u0259 paytaxt \u0130r\u0259van istiqam\u0259tin\u0259 k\u00f6\u00e7 etm\u0259y\u0259 davam edir\u201d, &#8211; dey\u0259 erm\u0259ni iqtisad\u00e7\u0131 \u0259lav\u0259 edib.<\/p>\n<p>Ba\u015fqa bir erm\u0259ni iqtisad\u00e7\u0131s\u0131, \u201cErm\u0259nistan\u201d blokundan olan deputat Tadevos Avetisyan is\u0259 \u00f6lk\u0259d\u0259 yoxsullar\u0131n say\u0131n\u0131n durmadan artd\u0131\u011f\u0131n\u0131 v\u0259 bahala\u015fma getdiyini\u00a0 bildirib.<\/p>\n<p><strong>\u201cYeni M\u00fcsavat\u201d\u0131n m\u0259lumat\u0131na g\u00f6r\u0259, bu bar\u0259d\u0259 o, \u00f6z\u00fcn\u00fcn t\u0259hlil m\u0259qal\u0259sind\u0259 yaz\u0131b. Qeyd edib ki, \u00f6lk\u0259d\u0259 sosial-iqtisadi b\u00f6hran 2021-ci ilin birinci yar\u0131s\u0131nda da davam edib.<\/strong><\/p>\n<p><strong><img src=\"http:\/\/c.files.bbci.co.uk\/108D3\/production\/_106959776_gettyimages-1131114056.jpg\" alt=\"Erm\u0259nil\u0259r La\u00e7\u0131n\u0131 t\u0259rk edirl\u0259r - BBC News Az\u0259rbaycanca\" \/><\/strong><\/p>\n<p>H\u0259y\u0259can t\u0259bili \u00e7alan erm\u0259ni iqtisad\u00e7\u0131 h\u0259m\u00e7inin yaz\u0131b: \u201cBu m\u00fcdd\u0259td\u0259 \u0259rzaq m\u0259hsullar\u0131n\u0131n orta qiym\u0259tl\u0259ri 7,9%, o c\u00fcml\u0259d\u0259n \u00e7\u00f6r\u0259k &#8211; 8,3%, s\u00fcd m\u0259hsullar\u0131 &#8211; 12,1%, \u015f\u0259k\u0259r &#8211; 41,7%, dig\u0259r qida ya\u011flar\u0131 &#8211; 57,8%, yumurta &#8211; 48,8%, t\u0259r\u0259v\u0259z &#8211; 9%\u00a0 v\u0259 s. art\u0131b. Bu m\u0259nfi tendensiya davam edir. G\u00f6st\u0259ril\u0259n inflyasiya d\u0259r\u0259c\u0259l\u0259ri 2021-ci ilin iyul ay\u0131nda art\u0131b, baxmayaraq ki, erm\u0259ni dram\u0131 AB\u015e dollar\u0131na nisb\u0259td\u0259 4,3% ucuzla\u015f\u0131b v\u0259 orta m\u0259z\u0259nn\u0259 2020-ci ilin iyul ay\u0131nda eyni adl\u0131 m\u0259z\u0259nn\u0259y\u0259 b\u0259rab\u0259r olub. Y\u0259ni v\u0259t\u0259nda\u015flar\u0131n real g\u0259lirl\u0259ri daim azal\u0131r, i\u015fsizl\u0259r t\u0259b\u0259q\u0259si d\u0259 daxil olmaqla, yoxsullar\u0131n v\u0259 ifrat yoxsullar\u0131n say\u0131 is\u0259 daim art\u0131r\u201d.<\/p>\n<p>Erm\u0259ni iqtisad\u00e7\u0131n\u0131n s\u00f6zl\u0259rin\u0259 g\u00f6r\u0259, 2020-ci ilin \u0259vv\u0259lin\u0259 nisb\u0259t\u0259n, son alt\u0131 ay \u0259rzind\u0259 Erm\u0259nistan\u0131n xarici borcu da b\u00f6y\u00fcy\u00fcb. \u201cBu m\u00fcdd\u0259td\u0259 xarici borc 10,3% v\u0259 ya t\u0259xmin\u0259n 625 milyon dollar art\u0131b. Xarici d\u00f6vl\u0259t borcunun m\u00fcnt\u0259z\u0259m \u015f\u0259kild\u0259 artmas\u0131 is\u0259 h\u0259m d\u0259 \u00f6lk\u0259mizin inki\u015faf imkanlar\u0131n\u0131 m\u0259hdudla\u015fd\u0131r\u0131r\u201d, &#8211; dey\u0259 o qeyd edib.<\/p>\n<p>*****<\/p>\n<p><img src=\"http:\/\/moderator.az\/cphoto\/670x420\/2021\/07\/05\/1625499429_lain-ermeniler-2021-yay.jpg\" alt=\"Az\u0259rbaycan La\u00e7\u0131n d\u0259hlizind\u0259n ke\u00e7\u0259n n\u0259inki h\u0259r avtomobili, h\u0259r \u015f\u0259xsi bel\u0259,  g\u00f6r\u0259 bilir...\u201d \u00bb Qarabaginfo.az\" \/><\/p>\n<p><strong>Bu arada h\u0259m d\u0259 erm\u0259nil\u0259rin Qaraba\u011fdan b\u00f6y\u00fck k\u00f6\u00e7\u00fc ba\u015flay\u0131b. Erm\u0259nil\u0259r b\u00f6lg\u0259ni La\u00e7\u0131n d\u0259hlizi il\u0259 t\u0259rk edib gedirl\u0259r. La\u00e7\u0131n d\u0259hlizi il\u0259 avtomobill\u0259rin h\u0259r\u0259k\u0259tin\u0259 dair \u0259ld\u0259 olunan \u0259trafl\u0131 statistikaya \u0259sas\u0259n, son bir ayda d\u0259hlizl\u0259 Erm\u0259nistandan g\u0259l\u0259n 15 min avtomobil daxil olub, 21100 avtomobil \u00e7\u0131x\u0131b. Aradak\u0131 f\u0259rq b\u00f6y\u00fckd\u00fcr &#8211; 6100 avtomobil (Virtulaaz.org).<\/strong><\/p>\n<p>Statistika \u0259halinin h\u0259r\u0259k\u0259ti m\u0259s\u0259l\u0259sin\u0259 d\u0259 ayd\u0131nl\u0131q g\u0259tirir: g\u00f6st\u0259ril\u0259n m\u00fcdd\u0259t \u0259rzind\u0259 Rusiya s\u00fclhm\u0259raml\u0131lar\u0131n\u0131n n\u0259zar\u0259tind\u0259ki zonaya 15 700 n\u0259f\u0259r daxil olub, 22 360 n\u0259f\u0259r \u00e7\u0131x\u0131b. Y\u0259ni Qaraba\u011fdak\u0131 erm\u0259nil\u0259rin say\u0131 s\u00fcr\u0259tl\u0259 azal\u0131r v\u0259 \u0259halinin bu hiss olunacaq ax\u0131n\u0131n\u0131n s\u0259b\u0259bi sabaha inams\u0131zl\u0131q v\u0259 qeyri-m\u00fc\u0259yy\u0259nlikdir. Bunu \u201cKomsomolskaya Pravda\u201d q\u0259zetinin m\u00fcxbiri Darya Aslamovaya separat\u00e7\u0131lar\u0131n n\u00fcmay\u0259nd\u0259si, \u00f6z\u00fcn\u00fc oyuncaq qurumda \u201cxarici i\u015fl\u0259r naziri\u201d adland\u0131ran David Babayan da etiraf edir.<\/p>\n<p><img src=\"https:\/\/armenpress.am\/static\/news\/b\/2020\/10\/1032736.jpg\" alt=\"Azerbaijani armed forces target another international reporter in Artsakh |  ARMENPRESS Armenian News Agency\" \/><\/p>\n<p><strong>Darya Aslamova\u00a0<\/strong><\/p>\n<p>Darya Aslamova bug\u00fcnl\u0259rd\u0259 d\u0259rc edilmi\u015f s\u0259s-k\u00fcyl\u00fc reportaj\u0131nda erm\u0259nil\u0259rin Qaraba\u011fdan k\u00f6\u00e7\u00fcn\u0259 x\u00fcsusi diqq\u0259t ay\u0131r\u0131b. \u00abArtsax TV&#8221; kanal\u0131n\u0131n apar\u0131c\u0131s\u0131 Tsovinar Barxudaryan is\u0259 \u201cEurasianet\u201d portal\u0131na m\u00fcsahib\u0259sind\u0259 deyib ki, Qaraba\u011f erm\u0259nil\u0259rinin \u00e7oxu \u00e7amadan \u0259hval-ruhiyy\u0259sind\u0259dir. \u201cG\u0259l\u0259c\u0259k ayd\u0131n deyil. \u0130nsanlar d\u00fc\u015f\u00fcn\u00fcr ki, qals\u0131nlar, yoxsa getsinl\u0259r. Biz h\u0259tta bilmirik ki, bir h\u0259ft\u0259 sonra n\u0259l\u0259r olacaq, n\u0259inki 4 il sonra\u201d, &#8211; o deyir.<\/p>\n<p><img src=\"http:\/\/newscenter.az\/uploads\/posts\/2020-04\/1587550917_ermenistan-2.jpg\" alt=\"Erm\u0259nistanda m\u0259hbuslar acl\u0131q aksiyas\u0131 ke\u00e7irir \u00bb Newscenter.az\" \/><\/p>\n<p><strong>Ba\u015fqa s\u00f6zl\u0259, g\u00f6zl\u0259rimiz \u00f6n\u00fcnd\u0259 tarixi hadis\u0259 &#8211; erm\u0259nil\u0259rin Qaraba\u011fdan k\u00f6\u00e7\u00fc ba\u015f verir. Onlar\u0131n h\u0259r biri q\u0259lbind\u0259 d\u0259rk edir ki, bura onlar\u0131n evi deyil. N\u0259 \u0130r\u0259van h\u00f6kum\u0259tinin Qaraba\u011f erm\u0259nil\u0259rini \u0259l\u0259 almaq c\u0259hdl\u0259ri, n\u0259 Rusiya s\u00fclhm\u0259raml\u0131lar\u0131n\u0131n mandat\u0131 situasiyan\u0131 d\u0259yi\u015fm\u0259k g\u00fcc\u00fcnd\u0259 deyil. Bu haqda Qaraba\u011fda qalan erm\u0259nil\u0259rin d\u0259 \u00f6zl\u0259ri art\u0131q a\u00e7\u0131q dan\u0131\u015f\u0131rlar.<\/strong><\/p>\n<p>*****<\/p>\n<p>Erm\u0259nistan h\u00f6kum\u0259ti is\u0259 ilk n\u00f6vb\u0259d\u0259 azalan \u0259halisinin sosial-iqtisadi durumunu yax\u015f\u0131la\u015fd\u0131rmaq, blokadadan \u00e7\u0131xmaq \u00fc\u00e7\u00fcn real add\u0131mlar atmaq, Az\u0259rbaycanla s\u00fclh m\u00fcqavil\u0259si imzalay\u0131b he\u00e7 olmasa, Qaraba\u011fda qalan 5-10 minlik erm\u0259ni \u0259halinin fiziki varl\u0131\u011f\u0131na d\u00f6vl\u0259timizin t\u0259rkibind\u0259 z\u0259man\u0259t almaq \u0259v\u0259zin\u0259, h\u0259l\u0259 d\u0259 qlobal g\u00fccl\u0259rin oyununda k\u00f6hn\u0259 al\u0259t rolu oyma\u011fa \u00fcst\u00fcnl\u00fck verir, bununla da \u00f6z\u00fcn\u00fcn iki \u0259sas qon\u015fusu &#8211; Az\u0259rbaycan v\u0259 T\u00fcrkiy\u0259y\u0259 qar\u015f\u0131 d\u00fc\u015fm\u0259n\u00e7iliyi davam etdirir.<\/p>\n<p>Ancaq h\u0259r oyunun bir sonu g\u0259lir. \u0130r\u0259vanda anlamaq ist\u0259mirl\u0259r ki, bel\u0259 oyunlarda \u201cpiyada\u201d olmaqla\u00a0 Erm\u0259nistan yaln\u0131z \u00f6z sonunu yax\u0131nla\u015fd\u0131r\u0131r. Bu sonun \u0259lam\u0259tl\u0259ri art\u0131q ortadad\u0131r&#8230;<\/p>\n<p>Analitik xidm\u0259t,<\/p>\n<p>\u201cYeni M\u00fcsavat\u201d<\/p>\n","protected":false},"excerpt":{"rendered":"<p>Qlobal g\u00fccl\u0259rin oyununda al\u0259t kimi qalan m\u0259\u011flub \u00f6lk\u0259 \u00f6z sonunu s\u00fcr\u0259tl\u0259 yax\u0131nla\u015fd\u0131r\u0131r; Bak\u0131 v\u0259 Ankaran\u0131 ill\u0259rdir blokada siyas\u0259ti aparmaqda su\u00e7layan \u0130r\u0259van t\u0259cridd\u0259n niy\u0259 \u00e7\u0131xmaq ist\u0259mir? Erm\u0259ni iqtisad\u00e7\u0131lardan SOS: \u201cBiz u\u00e7uruma gedirik&#8230;\u201d \u201cMiatsum\u201d virusundan h\u0259l\u0259 d\u0259 qurtula bilm\u0259y\u0259n, x\u0259st\u0259 t\u0259f\u0259kk\u00fcrl\u00fc erm\u0259ni toplumun psixologiyas\u0131n\u0131 anlamaq do\u011frudan da q\u0259liz m\u0259s\u0259l\u0259dir. Diqq\u0259t edin, ill\u0259rdir Bak\u0131 v\u0259 Ankaran\u0131 Erm\u0259nistan\u0131 blokadada saxlamaqda ittiham ed\u0259n r\u0259smi \u0130r\u0259van indi d\u0259 ba\u015fqa havaya girib, 10 noyabr 2020 v\u0259 11 yanvar 2021-ci il \u00fc\u00e7t\u0259r\u0259fli sazi\u015fl\u0259rl\u0259 \u00f6z \u00fcz\u0259rin\u0259 g\u00f6t\u00fcrd\u00fcy\u00fc v\u0259 b\u00f6lg\u0259d\u0259 kommunikasiyalar\u0131n, n\u0259qliyyat yollar\u0131n\u0131n qeyd-\u015f\u0259rtsiz a\u00e7\u0131lmas\u0131n\u0131 ehtiva ed\u0259n \u00f6hd\u0259likl\u0259ri n\u0259 q\u0259d\u0259r&hellip;<\/p>\n","protected":false},"author":2,"featured_media":365583,"comment_status":"closed","ping_status":"closed","sticky":false,"template":"","format":"standard","meta":{"om_disable_all_campaigns":false,"_monsterinsights_skip_tracking":false,"_monsterinsights_sitenote_active":false,"_monsterinsights_sitenote_note":"","_monsterinsights_sitenote_category":0},"categories":[19],"tags":[],"aioseo_notices":[],"gutentor_comment":0,"rttpg_featured_image_url":{"full":["https:\/\/arantv.az\/wp-content\/uploads\/2021\/08\/de15d265b6513996ec53a9818877d8ed.jpg",450,300,false],"landscape":["https:\/\/arantv.az\/wp-content\/uploads\/2021\/08\/de15d265b6513996ec53a9818877d8ed.jpg",450,300,false],"portraits":["https:\/\/arantv.az\/wp-content\/uploads\/2021\/08\/de15d265b6513996ec53a9818877d8ed.jpg",450,300,false],"thumbnail":["https:\/\/arantv.az\/wp-content\/uploads\/2021\/08\/de15d265b6513996ec53a9818877d8ed-450x280.jpg",450,280,true],"medium":["https:\/\/arantv.az\/wp-content\/uploads\/2021\/08\/de15d265b6513996ec53a9818877d8ed.jpg",450,300,false],"large":["https:\/\/arantv.az\/wp-content\/uploads\/2021\/08\/de15d265b6513996ec53a9818877d8ed.jpg",450,300,false],"1536x1536":["https:\/\/arantv.az\/wp-content\/uploads\/2021\/08\/de15d265b6513996ec53a9818877d8ed.jpg",450,300,false],"2048x2048":["https:\/\/arantv.az\/wp-content\/uploads\/2021\/08\/de15d265b6513996ec53a9818877d8ed.jpg",450,300,false],"post-thumbnail":["https:\/\/arantv.az\/wp-content\/uploads\/2021\/08\/de15d265b6513996ec53a9818877d8ed-240x172.jpg",240,172,true],"advps-thumb-one":["https:\/\/arantv.az\/wp-content\/uploads\/2021\/08\/de15d265b6513996ec53a9818877d8ed.jpg",450,300,false]},"rttpg_author":{"display_name":"V\u00fcsal Rafiqo\u011flu","author_link":"https:\/\/arantv.az\/?author=2"},"rttpg_comment":0,"rttpg_category":"<a href=\"https:\/\/arantv.az\/?cat=19\" rel=\"category\">G\u00fcnd\u0259m<\/a>","rttpg_excerpt":"Qlobal g\u00fccl\u0259rin oyununda al\u0259t kimi qalan m\u0259\u011flub \u00f6lk\u0259 \u00f6z sonunu s\u00fcr\u0259tl\u0259 yax\u0131nla\u015fd\u0131r\u0131r; Bak\u0131 v\u0259 Ankaran\u0131 ill\u0259rdir blokada siyas\u0259ti aparmaqda su\u00e7layan \u0130r\u0259van t\u0259cridd\u0259n niy\u0259 \u00e7\u0131xmaq ist\u0259mir? Erm\u0259ni iqtisad\u00e7\u0131lardan SOS: \u201cBiz u\u00e7uruma gedirik&#8230;\u201d \u201cMiatsum\u201d virusundan h\u0259l\u0259 d\u0259 qurtula bilm\u0259y\u0259n, x\u0259st\u0259 t\u0259f\u0259kk\u00fcrl\u00fc erm\u0259ni toplumun psixologiyas\u0131n\u0131 anlamaq do\u011frudan da q\u0259liz m\u0259s\u0259l\u0259dir. Diqq\u0259t edin, ill\u0259rdir Bak\u0131 v\u0259 Ankaran\u0131 Erm\u0259nistan\u0131 blokadada&hellip;","_links":{"self":[{"href":"https:\/\/arantv.az\/index.php?rest_route=\/wp\/v2\/posts\/365582"}],"collection":[{"href":"https:\/\/arantv.az\/index.php?rest_route=\/wp\/v2\/posts"}],"about":[{"href":"https:\/\/arantv.az\/index.php?rest_route=\/wp\/v2\/types\/post"}],"author":[{"embeddable":true,"href":"https:\/\/arantv.az\/index.php?rest_route=\/wp\/v2\/users\/2"}],"replies":[{"embeddable":true,"href":"https:\/\/arantv.az\/index.php?rest_route=%2Fwp%2Fv2%2Fcomments&post=365582"}],"version-history":[{"count":0,"href":"https:\/\/arantv.az\/index.php?rest_route=\/wp\/v2\/posts\/365582\/revisions"}],"wp:featuredmedia":[{"embeddable":true,"href":"https:\/\/arantv.az\/index.php?rest_route=\/wp\/v2\/media\/365583"}],"wp:attachment":[{"href":"https:\/\/arantv.az\/index.php?rest_route=%2Fwp%2Fv2%2Fmedia&parent=365582"}],"wp:term":[{"taxonomy":"category","embeddable":true,"href":"https:\/\/arantv.az\/index.php?rest_route=%2Fwp%2Fv2%2Fcategories&post=365582"},{"taxonomy":"post_tag","embeddable":true,"href":"https:\/\/arantv.az\/index.php?rest_route=%2Fwp%2Fv2%2Ftags&post=365582"}],"curies":[{"name":"wp","href":"https:\/\/api.w.org\/{rel}","templated":true}]}}