{"id":365585,"date":"2021-08-12T08:20:34","date_gmt":"2021-08-12T05:20:34","guid":{"rendered":"http:\/\/arantv.az\/?p=365585"},"modified":"2021-08-12T08:20:34","modified_gmt":"2021-08-12T05:20:34","slug":"taninmis-agdamlilardan-agdama-turist-s%c9%99f%c9%99rl%c9%99ri-il%c9%99-bagli-etirazlar","status":"publish","type":"post","link":"https:\/\/arantv.az\/?p=365585","title":{"rendered":"Tan\u0131nm\u0131\u015f a\u011fdaml\u0131lardan A\u011fdama turist s\u0259f\u0259rl\u0259ri il\u0259 ba\u011fl\u0131 etirazlar"},"content":{"rendered":"<p><strong>D\u00f6vl\u0259t Turizm Agentliyi (DTA) Qaraba\u011fa turist s\u0259f\u0259rl\u0259rinin t\u0259\u015fkil edilm\u0259sin\u0259 ba\u015flay\u0131r. Bu bar\u0259d\u0259 agentliyin s\u0259dri Fuad Na\u011f\u0131yev m\u0259lumat verib. Onun s\u00f6zl\u0259rin\u0259 g\u00f6r\u0259, ilk s\u0259f\u0259r bu ay\u0131n sonunda A\u011fdama t\u0259\u015fkil olunacaq: \u201cBu s\u0259f\u0259r \u201dYolumuz A\u011fdamad\u0131r&#8221; ad\u0131 il\u0259 ba\u015f tutacaq. Biz A\u011fdamda do\u011fulmu\u015f v\u0259 t\u0259xmin\u0259n 30 ildir ki, ora ged\u0259 bilm\u0259y\u0259n sakinl\u0259rin ziyar\u0259tini t\u0259\u015fkil ed\u0259c\u0259yik&#8221;.<\/strong><\/p>\n<p>DTA-n\u0131n Regional inki\u015faf sektorunun m\u00fcdiri Elg\u00fcn Cavadov is\u0259 bildirib ki, bu ilin \u0259vv\u0259lind\u0259n Qaraba\u011f Turizm Mar\u015frutlar\u0131 konsepsiyas\u0131 haz\u0131rlan\u0131b: \u201cKonsepsiyaya A\u011fdam v\u0259 F\u00fczuli-Xocav\u0259nd mar\u015frutlar\u0131 daxildir. A\u011fdama s\u0259f\u0259r bar\u0259d\u0259 ictimaiyy\u0259t\u0259 m\u0259lumat veril\u0259c\u0259k. \u00c7\u00fcnki i\u015ftirak\u00e7\u0131l\u0131q m\u0259s\u0259l\u0259si var. H\u0259m\u00e7inin biletl\u0259rin onlayn v\u0259 oflayn al\u0131nmas\u0131 m\u0259s\u0259l\u0259si var. Qiym\u0259tl\u0259r\u0259 g\u0259linc\u0259 is\u0259 haz\u0131rda bu bar\u0259d\u0259 m\u00fczakir\u0259l\u0259r apar\u0131l\u0131r. Bel\u0259 ki, haz\u0131rda \u0130dar\u0259l\u0259raras\u0131 M\u0259rk\u0259z s\u0259viyy\u0259sind\u0259 m\u00fczakir\u0259l\u0259r gedir v\u0259 biz t\u0259klifl\u0259rimizi vermi\u015fik. Sonuncu m\u00fczakir\u0259d\u0259 qiym\u0259tl\u0259rl\u0259 ba\u011fl\u0131 q\u0259rar veril\u0259c\u0259k. F\u00fczuli-Xocav\u0259nd mar\u015frutu \u00fczr\u0259 is\u0259 biz \u00f6z\u00fcm\u00fcz oralarda olmu\u015fuq v\u0259 maraq yaranarsa, g\u0259l\u0259n ild\u0259n bu istiqam\u0259td\u0259 d\u0259 turlar t\u0259\u015fkil ed\u0259 bil\u0259rik\u201d.<\/p>\n<p>B\u0259s niy\u0259 turist s\u0259f\u0259rl\u0259ri ilk olaraq A\u011fdama t\u0259\u015fkil edilir, \u015eu\u015faya yox? Bel\u0259 turist s\u0259f\u0259rl\u0259rinin t\u0259\u015fkili nec\u0259 qiym\u0259tl\u0259ndirlir? Bu suallar\u0131 \u0259sl\u0259n A\u011fdamdan olan tan\u0131nm\u0131\u015flara \u00fcnvanlad\u0131q.<\/p>\n<p><strong>Deputat Aqil Abbas bel\u0259 s\u0259f\u0259rl\u0259rin t\u0259\u015fkilinin \u0259leyhin\u0259dir:<\/strong>\u00a0\u201cBu s\u0259f\u0259rl\u0259rd\u0259 i\u015ftirak etm\u0259k fikrim yoxdur. \u0130st\u0259diyim vaxt oralara ged\u0259 bilir\u0259m. Bir d\u0259 A\u011fdam\u0131ma niy\u0259 turist kimi getm\u0259liy\u0259m? \u0130nsanlar var ki, ged\u0259 bilmirl\u0259r. Onlar\u0131n s\u0259f\u0259rl\u0259rini t\u0259\u015fkil etsinl\u0259r, amma onlara turist dem\u0259sinl\u0259r. Yoxsa a\u011fdaml\u0131 A\u011fdama turist kimi gedir?<\/p>\n<p><img src=\"https:\/\/apa.az\/storage\/news\/2020\/june\/29\/big\/1593417602523_yero2tKP.jpg\" alt=\"Aqil Abbas: \u201cDeputat k\u00f6m\u0259k\u00e7il\u0259rinin s\u0259rb\u0259st h\u0259r\u0259k\u0259tin\u0259 icaz\u0259 verilm\u0259lidir\u201d\" \/><\/p>\n<p>Aqil Abbas: \u201cA\u011fdam\u0131ma niy\u0259 turist kimi getm\u0259liy\u0259m ki?\u201d<\/p>\n<p>\u015e\u0259h\u0259rin m\u0259rk\u0259zind\u0259 mina t\u0259mizl\u0259nib. T\u0259hl\u00fck\u0259li durum yoxdur. Bel\u0259 olan \u015f\u0259raitd\u0259 a\u011fdaml\u0131lar\u0131 turist kimi oralara aparmaq do\u011fru deyil. Bir t\u0259\u015f\u0259bb\u00fcs g\u00f6st\u0259rilib, bunun n\u0259 lehin\u0259, n\u0259 d\u0259 \u0259leyhin\u0259y\u0259m. Amma A\u011fdam mar\u015frutu a\u00e7a bil\u0259rl\u0259r, k\u00f6n\u00fcll\u00fc \u015f\u0259kild\u0259 kim ist\u0259s\u0259 ged\u0259 bil\u0259r. H\u0259mi\u015f\u0259 a\u011fdaml\u0131lar A\u011fdamdan pul qazan\u0131blar, eybi yox, qoy bu d\u0259f\u0259 d\u0259 ba\u015fqalar\u0131 A\u011fdamdan pul qazans\u0131nlar.<\/p>\n<p>Qaraba\u011fa turizm mar\u015frutlar\u0131 haz\u0131rlay\u0131rlarsa, \u015eu\u015fadan ba\u015flas\u0131nlar, \u015eu\u015fa yerind\u0259dir. A\u011fdama gedib n\u0259yi g\u00f6r\u0259c\u0259kl\u0259r? \u015e\u0259h\u0259r darmada\u011f\u0131nd\u0131r. Bir d\u0259n\u0259 m\u0259scid qal\u0131b. K\u0259lb\u0259c\u0259r\u0259 mar\u015frut a\u00e7s\u0131nlar. Bu g\u00fcn o xarabal\u0131qlar\u0131 g\u00f6st\u0259rm\u0259k o q\u0259d\u0259r d\u0259 uy\u011fun deyil. Bunun turizm\u0259 n\u0259 d\u0259xli var? \u0130nsanlar\u0131 m\u0259nz\u0259r\u0259li yerl\u0259r\u0259 deyil, da\u011f\u0131d\u0131lm\u0131\u015f \u0259razil\u0259r\u0259, \u00f6z\u00fc d\u0259 turist ad\u0131 il\u0259 aparma\u011f\u0131n n\u0259 anlam\u0131 var? \u0130ndiy\u0259 q\u0259d\u0259r A\u011fdama t\u0259xmin\u0259n 2-3 min adam gedib. Sakinl\u0259rin d\u0259 hiss\u0259-hiss\u0259 turist kimi deyil, v\u0259t\u0259nl\u0259rinin h\u0259sr\u0259ti il\u0259 ya\u015fayan insan kimi apar\u0131lmas\u0131 \u0259n do\u011frusu olard\u0131&#8221;.<\/p>\n<p><img src=\"https:\/\/tia.az\/public\/uploads\/2018\/04\/aki.jpg\" alt=\"Akif Na\u011f\u0131: \u201cM\u0259ni v\u0259h\u015fi kimi g\u00f6st\u0259rmi\u015fdil\u0259r\u201d\" \/><\/p>\n<p><strong>Akif Na\u011f\u0131: \u201cBel\u0259 ziyar\u0259tin t\u0259\u015fkilini turizm \u015firk\u0259tl\u0259rin\u0259 etibar etm\u0259k olmaz\u201d<\/strong><\/p>\n<p><strong>Qaraba\u011f Azadl\u0131q T\u0259\u015fkilat\u0131n\u0131n s\u0259dri Akif Na\u011f\u0131 bel\u0259 s\u0259f\u0259rl\u0259ri vacib say\u0131r:<\/strong>\u00a0\u201c\u0130\u015f\u011faldan azad olunmu\u015f \u0259razil\u0259r\u0259 insanlar\u0131n s\u0259f\u0259rl\u0259rinin t\u0259\u015fkili vacibdir. Bununla ba\u011fl\u0131 biz bir qrup a\u011fdaml\u0131 il\u0259 birlikd\u0259 Prezident\u0259 m\u00fcraci\u0259t etmi\u015fdik, verdiyimiz t\u0259klifl\u0259rin i\u00e7\u0259risind\u0259 bu m\u0259s\u0259l\u0259ni d\u0259 xahi\u015f etmi\u015fdik. \u0130ndi bu proses ba\u015flay\u0131r, \u00e7ox yax\u015f\u0131. Amma bunu tur v\u0259 ya turist s\u0259f\u0259ri adland\u0131rmaq olmaz, ziyar\u0259t adland\u0131r\u0131lmal\u0131d\u0131r. Tur v\u0259 ya turist s\u0259f\u0259ri \u00e7ox g\u00fclm\u0259li v\u0259 t\u0259hqiredici g\u00f6r\u00fcn\u00fcr. 30 il torpa\u011f\u0131na h\u0259sr\u0259t qalan insan oraya turist kimi qay\u0131da bilm\u0259z, bu, \u00e7ox b\u00f6y\u00fck biab\u0131r\u00e7\u0131l\u0131qd\u0131r. Bu ziyar\u0259tin t\u0259\u015fkilini d\u0259 turizm \u015firk\u0259tl\u0259rin\u0259 etibar etm\u0259k olmaz. H\u0259tta K\u0259b\u0259 ziyar\u0259tl\u0259rind\u0259 d\u0259 bu turizm \u015firk\u0259tl\u0259rinin hans\u0131 oyunlardan \u00e7\u0131xd\u0131\u011f\u0131n\u0131 bilirik. Onlar\u0131n \u0259ks\u0259riyy\u0259ti d\u0259l\u0259duzluqla m\u0259\u015f\u011fuldur. Tam \u0259min ola bil\u0259rsiniz ki, onlarla r\u0259smi, qeyri-r\u0259smi turizm \u015firk\u0259ti bu i\u015f\u0259 qo\u015fulacaq, baha qiym\u0259t\u0259 biletl\u0259r satacaqlar, adamlar gedib qalacaqlar A\u011fdam\u0131n gir\u0259c\u0259yind\u0259, t\u0131xaclar, n\u00f6vb\u0259l\u0259r yaranacaq. Adamlar orada saatlarla, b\u0259lk\u0259 g\u00fcnl\u0259rl\u0259 g\u00f6zl\u0259m\u0259li olacaqlar. M\u00f6ht\u0259kirlik ba\u015f al\u0131b ged\u0259c\u0259k, ham\u0131 naraz\u0131 qalacaq. Biz t\u0259klif edirik ki, ziyar\u0259t\u0259 getm\u0259k ist\u0259y\u0259nl\u0259r Daxili \u0130\u015fl\u0259r Nazirliyind\u0259ki portala m\u00fcraci\u0259t etsinl\u0259r, portal \u0259m\u0259kda\u015flar\u0131 adamlar\u0131 on-on qrupla\u015fd\u0131rs\u0131nlar, bu qruplara m\u0259lumat g\u00f6nd\u0259rsinl\u0259r ki, filan tarix, filan saatda Quzanl\u0131da v\u0259 ya ba\u015fqa yerd\u0259 olun, sizi oradan ziyar\u0259t\u0259 g\u00f6t\u00fcr\u0259c\u0259kl\u0259r. Oradandan D\u0130N v\u0259 ANAMA \u0259m\u0259kda\u015flar\u0131n\u0131n, h\u0259m\u00e7inin k\u00f6n\u00fcll\u00fcl\u0259rin i\u015ftirak\u0131 il\u0259 ham\u0131n\u0131 raz\u0131 salan ziyar\u0259t t\u0259\u015fkil edil\u0259 bil\u0259r\u201d.<\/p>\n<p><strong>Cavan\u015fir ABBASLI,<\/strong><br \/>\n<strong>\u201cYeni M\u00fcsavat\u201d<\/strong><\/p>\n","protected":false},"excerpt":{"rendered":"<p>D\u00f6vl\u0259t Turizm Agentliyi (DTA) Qaraba\u011fa turist s\u0259f\u0259rl\u0259rinin t\u0259\u015fkil edilm\u0259sin\u0259 ba\u015flay\u0131r. Bu bar\u0259d\u0259 agentliyin s\u0259dri Fuad Na\u011f\u0131yev m\u0259lumat verib. Onun s\u00f6zl\u0259rin\u0259 g\u00f6r\u0259, ilk s\u0259f\u0259r bu ay\u0131n sonunda A\u011fdama t\u0259\u015fkil olunacaq: \u201cBu s\u0259f\u0259r \u201dYolumuz A\u011fdamad\u0131r&#8221; ad\u0131 il\u0259 ba\u015f tutacaq. Biz A\u011fdamda do\u011fulmu\u015f v\u0259 t\u0259xmin\u0259n 30 ildir ki, ora ged\u0259 bilm\u0259y\u0259n sakinl\u0259rin ziyar\u0259tini t\u0259\u015fkil ed\u0259c\u0259yik&#8221;. DTA-n\u0131n Regional inki\u015faf sektorunun m\u00fcdiri Elg\u00fcn Cavadov is\u0259 bildirib ki, bu ilin \u0259vv\u0259lind\u0259n Qaraba\u011f Turizm Mar\u015frutlar\u0131 konsepsiyas\u0131 haz\u0131rlan\u0131b: \u201cKonsepsiyaya A\u011fdam v\u0259 F\u00fczuli-Xocav\u0259nd mar\u015frutlar\u0131 daxildir. A\u011fdama s\u0259f\u0259r bar\u0259d\u0259 ictimaiyy\u0259t\u0259 m\u0259lumat veril\u0259c\u0259k. \u00c7\u00fcnki i\u015ftirak\u00e7\u0131l\u0131q m\u0259s\u0259l\u0259si var. H\u0259m\u00e7inin biletl\u0259rin onlayn v\u0259&hellip;<\/p>\n","protected":false},"author":2,"featured_media":365586,"comment_status":"closed","ping_status":"closed","sticky":false,"template":"","format":"standard","meta":{"om_disable_all_campaigns":false,"_monsterinsights_skip_tracking":false,"_monsterinsights_sitenote_active":false,"_monsterinsights_sitenote_note":"","_monsterinsights_sitenote_category":0},"categories":[26],"tags":[],"aioseo_notices":[],"gutentor_comment":0,"rttpg_featured_image_url":{"full":["https:\/\/arantv.az\/wp-content\/uploads\/2021\/08\/b241b127f90da5f02af2ad7c12200835.jpg",450,300,false],"landscape":["https:\/\/arantv.az\/wp-content\/uploads\/2021\/08\/b241b127f90da5f02af2ad7c12200835.jpg",450,300,false],"portraits":["https:\/\/arantv.az\/wp-content\/uploads\/2021\/08\/b241b127f90da5f02af2ad7c12200835.jpg",450,300,false],"thumbnail":["https:\/\/arantv.az\/wp-content\/uploads\/2021\/08\/b241b127f90da5f02af2ad7c12200835-450x280.jpg",450,280,true],"medium":["https:\/\/arantv.az\/wp-content\/uploads\/2021\/08\/b241b127f90da5f02af2ad7c12200835.jpg",450,300,false],"large":["https:\/\/arantv.az\/wp-content\/uploads\/2021\/08\/b241b127f90da5f02af2ad7c12200835.jpg",450,300,false],"1536x1536":["https:\/\/arantv.az\/wp-content\/uploads\/2021\/08\/b241b127f90da5f02af2ad7c12200835.jpg",450,300,false],"2048x2048":["https:\/\/arantv.az\/wp-content\/uploads\/2021\/08\/b241b127f90da5f02af2ad7c12200835.jpg",450,300,false],"post-thumbnail":["https:\/\/arantv.az\/wp-content\/uploads\/2021\/08\/b241b127f90da5f02af2ad7c12200835-240x172.jpg",240,172,true],"advps-thumb-one":["https:\/\/arantv.az\/wp-content\/uploads\/2021\/08\/b241b127f90da5f02af2ad7c12200835.jpg",450,300,false]},"rttpg_author":{"display_name":"V\u00fcsal Rafiqo\u011flu","author_link":"https:\/\/arantv.az\/?author=2"},"rttpg_comment":0,"rttpg_category":"<a href=\"https:\/\/arantv.az\/?cat=26\" rel=\"category\">Sosial<\/a>","rttpg_excerpt":"D\u00f6vl\u0259t Turizm Agentliyi (DTA) Qaraba\u011fa turist s\u0259f\u0259rl\u0259rinin t\u0259\u015fkil edilm\u0259sin\u0259 ba\u015flay\u0131r. Bu bar\u0259d\u0259 agentliyin s\u0259dri Fuad Na\u011f\u0131yev m\u0259lumat verib. Onun s\u00f6zl\u0259rin\u0259 g\u00f6r\u0259, ilk s\u0259f\u0259r bu ay\u0131n sonunda A\u011fdama t\u0259\u015fkil olunacaq: \u201cBu s\u0259f\u0259r \u201dYolumuz A\u011fdamad\u0131r&#8221; ad\u0131 il\u0259 ba\u015f tutacaq. Biz A\u011fdamda do\u011fulmu\u015f v\u0259 t\u0259xmin\u0259n 30 ildir ki, ora ged\u0259 bilm\u0259y\u0259n sakinl\u0259rin ziyar\u0259tini t\u0259\u015fkil ed\u0259c\u0259yik&#8221;. DTA-n\u0131n Regional inki\u015faf&hellip;","_links":{"self":[{"href":"https:\/\/arantv.az\/index.php?rest_route=\/wp\/v2\/posts\/365585"}],"collection":[{"href":"https:\/\/arantv.az\/index.php?rest_route=\/wp\/v2\/posts"}],"about":[{"href":"https:\/\/arantv.az\/index.php?rest_route=\/wp\/v2\/types\/post"}],"author":[{"embeddable":true,"href":"https:\/\/arantv.az\/index.php?rest_route=\/wp\/v2\/users\/2"}],"replies":[{"embeddable":true,"href":"https:\/\/arantv.az\/index.php?rest_route=%2Fwp%2Fv2%2Fcomments&post=365585"}],"version-history":[{"count":0,"href":"https:\/\/arantv.az\/index.php?rest_route=\/wp\/v2\/posts\/365585\/revisions"}],"wp:featuredmedia":[{"embeddable":true,"href":"https:\/\/arantv.az\/index.php?rest_route=\/wp\/v2\/media\/365586"}],"wp:attachment":[{"href":"https:\/\/arantv.az\/index.php?rest_route=%2Fwp%2Fv2%2Fmedia&parent=365585"}],"wp:term":[{"taxonomy":"category","embeddable":true,"href":"https:\/\/arantv.az\/index.php?rest_route=%2Fwp%2Fv2%2Fcategories&post=365585"},{"taxonomy":"post_tag","embeddable":true,"href":"https:\/\/arantv.az\/index.php?rest_route=%2Fwp%2Fv2%2Ftags&post=365585"}],"curies":[{"name":"wp","href":"https:\/\/api.w.org\/{rel}","templated":true}]}}