{"id":365627,"date":"2021-08-12T09:24:27","date_gmt":"2021-08-12T06:24:27","guid":{"rendered":"http:\/\/arantv.az\/?p=365627"},"modified":"2021-08-12T09:24:27","modified_gmt":"2021-08-12T06:24:27","slug":"butov-bir-ordu-korpusu-doyussuz-talibana-t%c9%99slim-oldu-video","status":"publish","type":"post","link":"https:\/\/arantv.az\/?p=365627","title":{"rendered":"B\u00fct\u00f6v bir ordu korpusu d\u00f6y\u00fc\u015fs\u00fcz \u201cTaliban\u201da t\u0259slim oldu &#8211; V\u0130DEO"},"content":{"rendered":"<article class=\"news\">\n<div class=\"news-inner\">\n<p>\u018ffqan\u0131stan ordusunun y\u00fczl\u0259rl\u0259 h\u0259rb\u00e7isi \u00f6lk\u0259nin \u015fimal\u0131nda yerl\u0259\u015f\u0259n K\u00fcnduz vilay\u0259tind\u0259 \u201cTaliban\u201da m\u00fcqavim\u0259t g\u00f6st\u0259rm\u0259kd\u0259n imtina ed\u0259r\u0259k t\u0259slim olublar.<\/p>\n<p>Bu bar\u0259d\u0259 \u201cThe Washington Post\u201d n\u0259\u015fri m\u0259lumat yay\u0131b.<\/p>\n<p>Q\u0259zet yaz\u0131r ki, bu, AB\u015e qo\u015funlar\u0131n\u0131n geri \u00e7\u0259kilm\u0259sind\u0259n sonra \u018ffqan\u0131stan ordusunun s\u0131ralar\u0131nda \u0259n b\u00f6y\u00fck seyr\u0259lm\u0259dir.<\/p>\n<div id=\"AdviadNativeVideo0\" class=\"AdviadNativeVideo\"><\/div>\n<p>H\u0259m\u00e7inin qeyd olunur ki, t\u0259slim olan h\u0259rb\u00e7il\u0259r \u0259sas\u0259n AB\u015e istehsal\u0131 olan qiym\u0259tli silah-sursat\u0131 \u201cTalibana\u201da t\u0259hvil veribl\u0259r.<\/p>\n<p>Ordu \u00fczvl\u0259ri \u201cTaliban\u201d t\u0259r\u0259find\u0259n ba\u015fqa \u0259raziy\u0259 apar\u0131l\u0131b.<\/p>\n<p>Onlar\u0131n t\u0259hl\u00fck\u0259sizliyi vilay\u0259ti t\u0259rk etm\u0259m\u0259k \u015f\u0259rti il\u0259 t\u0259min olunacaq.<\/p>\n<div>\n<div class=\"twitter-tweet twitter-tweet-rendered\"><iframe id=\"twitter-widget-0\" class=\"\" title=\"Twitter Tweet\" src=\"https:\/\/platform.twitter.com\/embed\/Tweet.html?creatorScreenName=oxuaz&amp;dnt=false&amp;embedId=twitter-widget-0&amp;features=eyJ0ZndfZXhwZXJpbWVudHNfY29va2llX2V4cGlyYXRpb24iOnsiYnVja2V0IjoxMjA5NjAwLCJ2ZXJzaW9uIjpudWxsfSwidGZ3X2hvcml6b25fdHdlZXRfZW1iZWRfOTU1NSI6eyJidWNrZXQiOiJodGUiLCJ2ZXJzaW9uIjpudWxsfSwidGZ3X3NwYWNlX2NhcmQiOnsiYnVja2V0Ijoib2ZmIiwidmVyc2lvbiI6bnVsbH19&amp;frame=false&amp;hideCard=false&amp;hideThread=false&amp;id=1425526839456436228&amp;lang=en&amp;origin=https%3A%2F%2Foxu.az%2Fworld%2F519837&amp;sessionId=7a10e48f924d34f6fbdcbd47bac44114a4a83e1d&amp;siteScreenName=oxuaz&amp;theme=light&amp;widgetsVersion=1890d59c%3A1627936082797&amp;width=550px\" frameborder=\"0\" scrolling=\"no\" allowfullscreen=\"allowfullscreen\" data-tweet-id=\"1425526839456436228\" data-mce-fragment=\"1\"><\/iframe><\/div>\n<\/div>\n<\/div>\n<\/article>\n","protected":false},"excerpt":{"rendered":"<p>\u018ffqan\u0131stan ordusunun y\u00fczl\u0259rl\u0259 h\u0259rb\u00e7isi \u00f6lk\u0259nin \u015fimal\u0131nda yerl\u0259\u015f\u0259n K\u00fcnduz vilay\u0259tind\u0259 \u201cTaliban\u201da m\u00fcqavim\u0259t g\u00f6st\u0259rm\u0259kd\u0259n imtina ed\u0259r\u0259k t\u0259slim olublar. Bu bar\u0259d\u0259 \u201cThe Washington Post\u201d n\u0259\u015fri m\u0259lumat yay\u0131b. Q\u0259zet yaz\u0131r ki, bu, AB\u015e qo\u015funlar\u0131n\u0131n geri \u00e7\u0259kilm\u0259sind\u0259n sonra \u018ffqan\u0131stan ordusunun s\u0131ralar\u0131nda \u0259n b\u00f6y\u00fck seyr\u0259lm\u0259dir. H\u0259m\u00e7inin qeyd olunur ki, t\u0259slim olan h\u0259rb\u00e7il\u0259r \u0259sas\u0259n AB\u015e istehsal\u0131 olan qiym\u0259tli silah-sursat\u0131 \u201cTalibana\u201da t\u0259hvil veribl\u0259r. Ordu \u00fczvl\u0259ri \u201cTaliban\u201d t\u0259r\u0259find\u0259n ba\u015fqa \u0259raziy\u0259 apar\u0131l\u0131b. Onlar\u0131n t\u0259hl\u00fck\u0259sizliyi vilay\u0259ti t\u0259rk etm\u0259m\u0259k \u015f\u0259rti il\u0259 t\u0259min olunacaq.<\/p>\n","protected":false},"author":2,"featured_media":365628,"comment_status":"closed","ping_status":"closed","sticky":false,"template":"","format":"standard","meta":{"om_disable_all_campaigns":false,"_monsterinsights_skip_tracking":false,"_monsterinsights_sitenote_active":false,"_monsterinsights_sitenote_note":"","_monsterinsights_sitenote_category":0},"categories":[7],"tags":[],"aioseo_notices":[],"gutentor_comment":0,"rttpg_featured_image_url":{"full":["https:\/\/arantv.az\/wp-content\/uploads\/2021\/08\/20210812_090446.jpg",620,413,false],"landscape":["https:\/\/arantv.az\/wp-content\/uploads\/2021\/08\/20210812_090446.jpg",620,413,false],"portraits":["https:\/\/arantv.az\/wp-content\/uploads\/2021\/08\/20210812_090446.jpg",620,413,false],"thumbnail":["https:\/\/arantv.az\/wp-content\/uploads\/2021\/08\/20210812_090446-500x280.jpg",500,280,true],"medium":["https:\/\/arantv.az\/wp-content\/uploads\/2021\/08\/20210812_090446-548x365.jpg",548,365,true],"large":["https:\/\/arantv.az\/wp-content\/uploads\/2021\/08\/20210812_090446.jpg",620,413,false],"1536x1536":["https:\/\/arantv.az\/wp-content\/uploads\/2021\/08\/20210812_090446.jpg",620,413,false],"2048x2048":["https:\/\/arantv.az\/wp-content\/uploads\/2021\/08\/20210812_090446.jpg",620,413,false],"post-thumbnail":["https:\/\/arantv.az\/wp-content\/uploads\/2021\/08\/20210812_090446-240x172.jpg",240,172,true],"advps-thumb-one":["https:\/\/arantv.az\/wp-content\/uploads\/2021\/08\/20210812_090446.jpg",620,413,false]},"rttpg_author":{"display_name":"V\u00fcsal Rafiqo\u011flu","author_link":"https:\/\/arantv.az\/?author=2"},"rttpg_comment":0,"rttpg_category":"<a href=\"https:\/\/arantv.az\/?cat=7\" rel=\"category\">D\u00fcnya<\/a>","rttpg_excerpt":"\u018ffqan\u0131stan ordusunun y\u00fczl\u0259rl\u0259 h\u0259rb\u00e7isi \u00f6lk\u0259nin \u015fimal\u0131nda yerl\u0259\u015f\u0259n K\u00fcnduz vilay\u0259tind\u0259 \u201cTaliban\u201da m\u00fcqavim\u0259t g\u00f6st\u0259rm\u0259kd\u0259n imtina ed\u0259r\u0259k t\u0259slim olublar. Bu bar\u0259d\u0259 \u201cThe Washington Post\u201d n\u0259\u015fri m\u0259lumat yay\u0131b. Q\u0259zet yaz\u0131r ki, bu, AB\u015e qo\u015funlar\u0131n\u0131n geri \u00e7\u0259kilm\u0259sind\u0259n sonra \u018ffqan\u0131stan ordusunun s\u0131ralar\u0131nda \u0259n b\u00f6y\u00fck seyr\u0259lm\u0259dir. H\u0259m\u00e7inin qeyd olunur ki, t\u0259slim olan h\u0259rb\u00e7il\u0259r \u0259sas\u0259n AB\u015e istehsal\u0131 olan qiym\u0259tli silah-sursat\u0131 \u201cTalibana\u201da t\u0259hvil veribl\u0259r.&hellip;","_links":{"self":[{"href":"https:\/\/arantv.az\/index.php?rest_route=\/wp\/v2\/posts\/365627"}],"collection":[{"href":"https:\/\/arantv.az\/index.php?rest_route=\/wp\/v2\/posts"}],"about":[{"href":"https:\/\/arantv.az\/index.php?rest_route=\/wp\/v2\/types\/post"}],"author":[{"embeddable":true,"href":"https:\/\/arantv.az\/index.php?rest_route=\/wp\/v2\/users\/2"}],"replies":[{"embeddable":true,"href":"https:\/\/arantv.az\/index.php?rest_route=%2Fwp%2Fv2%2Fcomments&post=365627"}],"version-history":[{"count":0,"href":"https:\/\/arantv.az\/index.php?rest_route=\/wp\/v2\/posts\/365627\/revisions"}],"wp:featuredmedia":[{"embeddable":true,"href":"https:\/\/arantv.az\/index.php?rest_route=\/wp\/v2\/media\/365628"}],"wp:attachment":[{"href":"https:\/\/arantv.az\/index.php?rest_route=%2Fwp%2Fv2%2Fmedia&parent=365627"}],"wp:term":[{"taxonomy":"category","embeddable":true,"href":"https:\/\/arantv.az\/index.php?rest_route=%2Fwp%2Fv2%2Fcategories&post=365627"},{"taxonomy":"post_tag","embeddable":true,"href":"https:\/\/arantv.az\/index.php?rest_route=%2Fwp%2Fv2%2Ftags&post=365627"}],"curies":[{"name":"wp","href":"https:\/\/api.w.org\/{rel}","templated":true}]}}