{"id":366055,"date":"2021-08-13T09:01:13","date_gmt":"2021-08-13T06:01:13","guid":{"rendered":"http:\/\/arantv.az\/?p=366055"},"modified":"2021-08-13T09:01:13","modified_gmt":"2021-08-13T06:01:13","slug":"bmt-az%c9%99rbaycana-kom%c9%99k-gost%c9%99rm%c9%99y%c9%99-hazirdir","status":"publish","type":"post","link":"https:\/\/arantv.az\/?p=366055","title":{"rendered":"BMT: Az\u0259rbaycana k\u00f6m\u0259k g\u00f6st\u0259rm\u0259y\u0259 haz\u0131rd\u0131r"},"content":{"rendered":"<p>BMT r\u0259smisi Z\u0259ngilan rayonu \u0259razisind\u0259n ke\u00e7\u0259r\u0259k Araz \u00e7ay\u0131na t\u00f6k\u00fcl\u0259n, Erm\u0259nistan t\u0259r\u0259find\u0259n ekoloji terrora m\u0259ruz qalan Ox\u00e7u\u00e7ay\u0131n z\u0259h\u0259rli tullant\u0131larla \u00e7irkl\u0259ndirilm\u0259sin\u0259 m\u00fcnasib\u0259t bildirib.<\/p>\n<p><strong>ARANTV.AZ<\/strong>\u00a0 x\u0259b\u0259r verir ki, bununla ba\u011fl\u0131 \u201cReport\u201dun sual\u0131n\u0131 cavabland\u0131ran BMT-nin \u018ftraf M\u00fchit Proqram\u0131n\u0131n (UNEP \u2013 \u201cThe United Nations Environment Programme\u201d) \u0130ctimaiyy\u0259tl\u0259 \u0259laq\u0259l\u0259r \u015f\u00f6b\u0259sinin r\u0259hb\u0259ri Kei\u015famaza Rukikaire m\u0259s\u0259l\u0259d\u0259n x\u0259b\u0259rsiz olduqlar\u0131n\u0131 deyib.<\/p>\n<p>\u201cAz\u0259rbaycan d\u00f6vl\u0259ti bu m\u0259s\u0259l\u0259 il\u0259 ba\u011fl\u0131 BMT-nin \u018ftraf M\u00fchit Proqram\u0131 (UNEP) il\u0259 \u0259laq\u0259 yaratmay\u0131b. Ancaq t\u0259l\u0259b olunarsa, \u018ftraf M\u00fchit Proqram\u0131 t\u0259cr\u00fcb\u0259 v\u0259 s\u0259lahiyy\u0259tl\u0259rimiz daxilind\u0259 Az\u0259rbaycana k\u00f6m\u0259k g\u00f6st\u0259rm\u0259y\u0259 haz\u0131rd\u0131r. Bunu BMT-nin Az\u0259rbaycandak\u0131 Rezident Koordinatorunun koordinasiyas\u0131 v\u0259 r\u0259hb\u0259rliyi alt\u0131nda ed\u0259 bil\u0259rik\u201d, &#8211; dey\u0259 o bildirib.<\/p>\n<p>Qeyd ed\u0259k ki, BMT-nin \u018ftraf M\u00fchit Proqram\u0131 (UNEP) \u00fczv d\u00f6vl\u0259tl\u0259rin \u0259traf m\u00fchitl\u0259 ba\u011fl\u0131 f\u0259aliyy\u0259tini koordinasiya edir, inki\u015faf etmi\u015f \u00f6lk\u0259l\u0259rin \u0259traf m\u00fchit siyas\u0259tl\u0259rinin v\u0259 t\u0259cr\u00fcb\u0259l\u0259rinin implementasiyas\u0131n\u0131 h\u0259yata ke\u00e7irir.<\/p>\n","protected":false},"excerpt":{"rendered":"<p>BMT r\u0259smisi Z\u0259ngilan rayonu \u0259razisind\u0259n ke\u00e7\u0259r\u0259k Araz \u00e7ay\u0131na t\u00f6k\u00fcl\u0259n, Erm\u0259nistan t\u0259r\u0259find\u0259n ekoloji terrora m\u0259ruz qalan Ox\u00e7u\u00e7ay\u0131n z\u0259h\u0259rli tullant\u0131larla \u00e7irkl\u0259ndirilm\u0259sin\u0259 m\u00fcnasib\u0259t bildirib. ARANTV.AZ\u00a0 x\u0259b\u0259r verir ki, bununla ba\u011fl\u0131 \u201cReport\u201dun sual\u0131n\u0131 cavabland\u0131ran BMT-nin \u018ftraf M\u00fchit Proqram\u0131n\u0131n (UNEP \u2013 \u201cThe United Nations Environment Programme\u201d) \u0130ctimaiyy\u0259tl\u0259 \u0259laq\u0259l\u0259r \u015f\u00f6b\u0259sinin r\u0259hb\u0259ri Kei\u015famaza Rukikaire m\u0259s\u0259l\u0259d\u0259n x\u0259b\u0259rsiz olduqlar\u0131n\u0131 deyib. \u201cAz\u0259rbaycan d\u00f6vl\u0259ti bu m\u0259s\u0259l\u0259 il\u0259 ba\u011fl\u0131 BMT-nin \u018ftraf M\u00fchit Proqram\u0131 (UNEP) il\u0259 \u0259laq\u0259 yaratmay\u0131b. Ancaq t\u0259l\u0259b olunarsa, \u018ftraf M\u00fchit Proqram\u0131 t\u0259cr\u00fcb\u0259 v\u0259 s\u0259lahiyy\u0259tl\u0259rimiz daxilind\u0259 Az\u0259rbaycana k\u00f6m\u0259k g\u00f6st\u0259rm\u0259y\u0259 haz\u0131rd\u0131r. Bunu BMT-nin Az\u0259rbaycandak\u0131 Rezident Koordinatorunun koordinasiyas\u0131 v\u0259 r\u0259hb\u0259rliyi alt\u0131nda ed\u0259 bil\u0259rik\u201d,&hellip;<\/p>\n","protected":false},"author":2,"featured_media":366056,"comment_status":"closed","ping_status":"closed","sticky":false,"template":"","format":"standard","meta":{"om_disable_all_campaigns":false,"_monsterinsights_skip_tracking":false,"_monsterinsights_sitenote_active":false,"_monsterinsights_sitenote_note":"","_monsterinsights_sitenote_category":0},"categories":[4],"tags":[],"aioseo_notices":[],"gutentor_comment":0,"rttpg_featured_image_url":{"full":["https:\/\/arantv.az\/wp-content\/uploads\/2021\/08\/b20f663f2992034d855601c2427941e1-1.jpg",450,300,false],"landscape":["https:\/\/arantv.az\/wp-content\/uploads\/2021\/08\/b20f663f2992034d855601c2427941e1-1.jpg",450,300,false],"portraits":["https:\/\/arantv.az\/wp-content\/uploads\/2021\/08\/b20f663f2992034d855601c2427941e1-1.jpg",450,300,false],"thumbnail":["https:\/\/arantv.az\/wp-content\/uploads\/2021\/08\/b20f663f2992034d855601c2427941e1-1-450x280.jpg",450,280,true],"medium":["https:\/\/arantv.az\/wp-content\/uploads\/2021\/08\/b20f663f2992034d855601c2427941e1-1.jpg",450,300,false],"large":["https:\/\/arantv.az\/wp-content\/uploads\/2021\/08\/b20f663f2992034d855601c2427941e1-1.jpg",450,300,false],"1536x1536":["https:\/\/arantv.az\/wp-content\/uploads\/2021\/08\/b20f663f2992034d855601c2427941e1-1.jpg",450,300,false],"2048x2048":["https:\/\/arantv.az\/wp-content\/uploads\/2021\/08\/b20f663f2992034d855601c2427941e1-1.jpg",450,300,false],"post-thumbnail":["https:\/\/arantv.az\/wp-content\/uploads\/2021\/08\/b20f663f2992034d855601c2427941e1-1-240x172.jpg",240,172,true],"advps-thumb-one":["https:\/\/arantv.az\/wp-content\/uploads\/2021\/08\/b20f663f2992034d855601c2427941e1-1.jpg",450,300,false]},"rttpg_author":{"display_name":"V\u00fcsal Rafiqo\u011flu","author_link":"https:\/\/arantv.az\/?author=2"},"rttpg_comment":0,"rttpg_category":"<a href=\"https:\/\/arantv.az\/?cat=4\" rel=\"category\">Siyas\u0259t<\/a>","rttpg_excerpt":"BMT r\u0259smisi Z\u0259ngilan rayonu \u0259razisind\u0259n ke\u00e7\u0259r\u0259k Araz \u00e7ay\u0131na t\u00f6k\u00fcl\u0259n, Erm\u0259nistan t\u0259r\u0259find\u0259n ekoloji terrora m\u0259ruz qalan Ox\u00e7u\u00e7ay\u0131n z\u0259h\u0259rli tullant\u0131larla \u00e7irkl\u0259ndirilm\u0259sin\u0259 m\u00fcnasib\u0259t bildirib. ARANTV.AZ\u00a0 x\u0259b\u0259r verir ki, bununla ba\u011fl\u0131 \u201cReport\u201dun sual\u0131n\u0131 cavabland\u0131ran BMT-nin \u018ftraf M\u00fchit Proqram\u0131n\u0131n (UNEP \u2013 \u201cThe United Nations Environment Programme\u201d) \u0130ctimaiyy\u0259tl\u0259 \u0259laq\u0259l\u0259r \u015f\u00f6b\u0259sinin r\u0259hb\u0259ri Kei\u015famaza Rukikaire m\u0259s\u0259l\u0259d\u0259n x\u0259b\u0259rsiz olduqlar\u0131n\u0131 deyib. \u201cAz\u0259rbaycan d\u00f6vl\u0259ti bu m\u0259s\u0259l\u0259&hellip;","_links":{"self":[{"href":"https:\/\/arantv.az\/index.php?rest_route=\/wp\/v2\/posts\/366055"}],"collection":[{"href":"https:\/\/arantv.az\/index.php?rest_route=\/wp\/v2\/posts"}],"about":[{"href":"https:\/\/arantv.az\/index.php?rest_route=\/wp\/v2\/types\/post"}],"author":[{"embeddable":true,"href":"https:\/\/arantv.az\/index.php?rest_route=\/wp\/v2\/users\/2"}],"replies":[{"embeddable":true,"href":"https:\/\/arantv.az\/index.php?rest_route=%2Fwp%2Fv2%2Fcomments&post=366055"}],"version-history":[{"count":0,"href":"https:\/\/arantv.az\/index.php?rest_route=\/wp\/v2\/posts\/366055\/revisions"}],"wp:featuredmedia":[{"embeddable":true,"href":"https:\/\/arantv.az\/index.php?rest_route=\/wp\/v2\/media\/366056"}],"wp:attachment":[{"href":"https:\/\/arantv.az\/index.php?rest_route=%2Fwp%2Fv2%2Fmedia&parent=366055"}],"wp:term":[{"taxonomy":"category","embeddable":true,"href":"https:\/\/arantv.az\/index.php?rest_route=%2Fwp%2Fv2%2Fcategories&post=366055"},{"taxonomy":"post_tag","embeddable":true,"href":"https:\/\/arantv.az\/index.php?rest_route=%2Fwp%2Fv2%2Ftags&post=366055"}],"curies":[{"name":"wp","href":"https:\/\/api.w.org\/{rel}","templated":true}]}}