{"id":366071,"date":"2021-08-13T09:27:55","date_gmt":"2021-08-13T06:27:55","guid":{"rendered":"http:\/\/arantv.az\/?p=366071"},"modified":"2021-08-13T09:27:55","modified_gmt":"2021-08-13T06:27:55","slug":"norvecli-siyas%c9%99tci-ruslar-duz-qapimizin-agzindadir","status":"publish","type":"post","link":"https:\/\/arantv.az\/?p=366071","title":{"rendered":"Norve\u00e7li siyas\u0259t\u00e7i: Ruslar d\u00fcz qap\u0131m\u0131z\u0131n a\u011fz\u0131ndad\u0131r"},"content":{"rendered":"<p><strong>Moskvan\u0131n artan h\u0259rbi g\u00fcc\u00fcn\u0259 g\u00f6r\u0259 AB\u015e v\u0259 silahda\u015flar\u0131 il\u0259 \u0259m\u0259kda\u015fl\u0131\u011f\u0131 g\u00fccl\u0259ndirm\u0259liyik.<\/strong><\/p>\n<p><strong>ARANTV.AZ\u00a0<\/strong> axar.az-a istinad\u0259n bildirir ki, bu s\u00f6zl\u0259ri norve\u00e7li siyas\u0259t\u00e7i Xorek Elvenes deyib.<\/p>\n<p>&#8220;Rusiyan\u0131n h\u0259rbi g\u00fcc\u00fcn\u00fcn v\u0259 aktivliyinin artmas\u0131 yeni t\u0259hl\u00fck\u0259l\u0259r meydana \u00e7\u0131xar\u0131r. Moskva NATO-ya s\u0259rb\u0259st h\u0259r\u0259k\u0259t\u0259 mane ola bil\u0259c\u0259yini g\u00f6st\u0259rm\u0259k ist\u0259yir. \u015eimal cinah\u0131n Rusiya \u00fc\u00e7\u00fcn \u0259h\u0259miyy\u0259tini anlay\u0131ram, lakin narahatam ki, b\u0259zi manevrl\u0259r (Rusiyan\u0131n h\u0259rbi t\u0259liml\u0259ri &#8211; red.) Norve\u00e7in d\u00fcz &#8220;qap\u0131s\u0131n\u0131n a\u011fz\u0131nda&#8221; ke\u00e7irilir&#8221;, &#8211; dey\u0259 ekspert bildirib.<\/p>\n","protected":false},"excerpt":{"rendered":"<p>Moskvan\u0131n artan h\u0259rbi g\u00fcc\u00fcn\u0259 g\u00f6r\u0259 AB\u015e v\u0259 silahda\u015flar\u0131 il\u0259 \u0259m\u0259kda\u015fl\u0131\u011f\u0131 g\u00fccl\u0259ndirm\u0259liyik. ARANTV.AZ\u00a0 axar.az-a istinad\u0259n bildirir ki, bu s\u00f6zl\u0259ri norve\u00e7li siyas\u0259t\u00e7i Xorek Elvenes deyib. &#8220;Rusiyan\u0131n h\u0259rbi g\u00fcc\u00fcn\u00fcn v\u0259 aktivliyinin artmas\u0131 yeni t\u0259hl\u00fck\u0259l\u0259r meydana \u00e7\u0131xar\u0131r. Moskva NATO-ya s\u0259rb\u0259st h\u0259r\u0259k\u0259t\u0259 mane ola bil\u0259c\u0259yini g\u00f6st\u0259rm\u0259k ist\u0259yir. \u015eimal cinah\u0131n Rusiya \u00fc\u00e7\u00fcn \u0259h\u0259miyy\u0259tini anlay\u0131ram, lakin narahatam ki, b\u0259zi manevrl\u0259r (Rusiyan\u0131n h\u0259rbi t\u0259liml\u0259ri &#8211; red.) Norve\u00e7in d\u00fcz &#8220;qap\u0131s\u0131n\u0131n a\u011fz\u0131nda&#8221; ke\u00e7irilir&#8221;, &#8211; dey\u0259 ekspert bildirib.<\/p>\n","protected":false},"author":2,"featured_media":366072,"comment_status":"closed","ping_status":"closed","sticky":false,"template":"","format":"standard","meta":{"om_disable_all_campaigns":false,"_monsterinsights_skip_tracking":false,"_monsterinsights_sitenote_active":false,"_monsterinsights_sitenote_note":"","_monsterinsights_sitenote_category":0},"categories":[7],"tags":[],"aioseo_notices":[],"gutentor_comment":0,"rttpg_featured_image_url":{"full":["https:\/\/arantv.az\/wp-content\/uploads\/2021\/08\/971870.jpg",800,600,false],"landscape":["https:\/\/arantv.az\/wp-content\/uploads\/2021\/08\/971870.jpg",800,600,false],"portraits":["https:\/\/arantv.az\/wp-content\/uploads\/2021\/08\/971870.jpg",800,600,false],"thumbnail":["https:\/\/arantv.az\/wp-content\/uploads\/2021\/08\/971870-500x280.jpg",500,280,true],"medium":["https:\/\/arantv.az\/wp-content\/uploads\/2021\/08\/971870-487x365.jpg",487,365,true],"large":["https:\/\/arantv.az\/wp-content\/uploads\/2021\/08\/971870.jpg",640,480,false],"1536x1536":["https:\/\/arantv.az\/wp-content\/uploads\/2021\/08\/971870.jpg",800,600,false],"2048x2048":["https:\/\/arantv.az\/wp-content\/uploads\/2021\/08\/971870.jpg",800,600,false],"post-thumbnail":["https:\/\/arantv.az\/wp-content\/uploads\/2021\/08\/971870-240x172.jpg",240,172,true],"advps-thumb-one":["https:\/\/arantv.az\/wp-content\/uploads\/2021\/08\/971870.jpg",800,600,false]},"rttpg_author":{"display_name":"V\u00fcsal Rafiqo\u011flu","author_link":"https:\/\/arantv.az\/?author=2"},"rttpg_comment":0,"rttpg_category":"<a href=\"https:\/\/arantv.az\/?cat=7\" rel=\"category\">D\u00fcnya<\/a>","rttpg_excerpt":"Moskvan\u0131n artan h\u0259rbi g\u00fcc\u00fcn\u0259 g\u00f6r\u0259 AB\u015e v\u0259 silahda\u015flar\u0131 il\u0259 \u0259m\u0259kda\u015fl\u0131\u011f\u0131 g\u00fccl\u0259ndirm\u0259liyik. ARANTV.AZ\u00a0 axar.az-a istinad\u0259n bildirir ki, bu s\u00f6zl\u0259ri norve\u00e7li siyas\u0259t\u00e7i Xorek Elvenes deyib. &#8220;Rusiyan\u0131n h\u0259rbi g\u00fcc\u00fcn\u00fcn v\u0259 aktivliyinin artmas\u0131 yeni t\u0259hl\u00fck\u0259l\u0259r meydana \u00e7\u0131xar\u0131r. Moskva NATO-ya s\u0259rb\u0259st h\u0259r\u0259k\u0259t\u0259 mane ola bil\u0259c\u0259yini g\u00f6st\u0259rm\u0259k ist\u0259yir. \u015eimal cinah\u0131n Rusiya \u00fc\u00e7\u00fcn \u0259h\u0259miyy\u0259tini anlay\u0131ram, lakin narahatam ki, b\u0259zi manevrl\u0259r (Rusiyan\u0131n h\u0259rbi&hellip;","_links":{"self":[{"href":"https:\/\/arantv.az\/index.php?rest_route=\/wp\/v2\/posts\/366071"}],"collection":[{"href":"https:\/\/arantv.az\/index.php?rest_route=\/wp\/v2\/posts"}],"about":[{"href":"https:\/\/arantv.az\/index.php?rest_route=\/wp\/v2\/types\/post"}],"author":[{"embeddable":true,"href":"https:\/\/arantv.az\/index.php?rest_route=\/wp\/v2\/users\/2"}],"replies":[{"embeddable":true,"href":"https:\/\/arantv.az\/index.php?rest_route=%2Fwp%2Fv2%2Fcomments&post=366071"}],"version-history":[{"count":0,"href":"https:\/\/arantv.az\/index.php?rest_route=\/wp\/v2\/posts\/366071\/revisions"}],"wp:featuredmedia":[{"embeddable":true,"href":"https:\/\/arantv.az\/index.php?rest_route=\/wp\/v2\/media\/366072"}],"wp:attachment":[{"href":"https:\/\/arantv.az\/index.php?rest_route=%2Fwp%2Fv2%2Fmedia&parent=366071"}],"wp:term":[{"taxonomy":"category","embeddable":true,"href":"https:\/\/arantv.az\/index.php?rest_route=%2Fwp%2Fv2%2Fcategories&post=366071"},{"taxonomy":"post_tag","embeddable":true,"href":"https:\/\/arantv.az\/index.php?rest_route=%2Fwp%2Fv2%2Ftags&post=366071"}],"curies":[{"name":"wp","href":"https:\/\/api.w.org\/{rel}","templated":true}]}}