{"id":366077,"date":"2021-08-13T09:31:32","date_gmt":"2021-08-13T06:31:32","guid":{"rendered":"http:\/\/arantv.az\/?p=366077"},"modified":"2021-08-13T09:31:32","modified_gmt":"2021-08-13T06:31:32","slug":"almaniya-aviasirk%c9%99ti-bakiya-ucuslari-b%c9%99rpa-etdi-foto","status":"publish","type":"post","link":"https:\/\/arantv.az\/?p=366077","title":{"rendered":"Almaniya avia\u015firk\u0259ti Bak\u0131ya u\u00e7u\u015flar\u0131 b\u0259rpa etdi &#8211; FOTO"},"content":{"rendered":"<p>Almaniyan\u0131n milli aviada\u015f\u0131y\u0131c\u0131s\u0131 &#8211; \u201cLufthansa\u201d \u015firk\u0259ti \u00f6lk\u0259nin Frankfurt \u015f\u0259h\u0259rind\u0259n Bak\u0131ya u\u00e7u\u015flar\u0131 b\u0259rpa edib.<\/p>\n<p><strong>ARANTV.AZ <\/strong>\u00a0x\u0259b\u0259r verir ki, bu bar\u0259d\u0259 Heyd\u0259r \u018fliyev Beyn\u0259lxalq Aeroportu m\u0259lumat yay\u0131b.<\/p>\n<div id=\"AdviadNativeVideo0\" class=\"AdviadNativeVideo\"><\/div>\n<p>Bildirilib ki, avia\u015firk\u0259tin t\u0259yyar\u0259si hava liman\u0131nda \u0259n\u0259n\u0259vi olaraq su arkas\u0131 il\u0259 qar\u015f\u0131lan\u0131b.<\/p>\n<p>Bak\u0131dan Frankfurta u\u00e7u\u015f h\u0259r h\u0259ft\u0259nin \u015f\u0259nb\u0259 g\u00fcnl\u0259ri h\u0259yata ke\u00e7iril\u0259c\u0259k.<\/p>\n<p>&nbsp;<\/p>\n<div class=\"gallery\">\n<div class=\"gallery-i\"><img src=\"https:\/\/cdn.oxu.az\/uploads\/W1siZiIsIjIwMjEvMDgvMTMvMDkvMjUvNTUvZDQ0ZGFmZTktOWNmNS00OTFjLTk2YTEtOWUzMTM0MDU2MTY0LzIzMjg5MTA2Ml80NTY4ODAyNDczMTU0MzM3XzY1MDg2ODM3NzAwOTcxNDIyMDZfbiAoMSkuanBnIl0sWyJwIiwiZW5jb2RlIiwianBnIiwiLXF1YWxpdHkgODAiXSxbInAiLCJ0aHVtYiIsIjU5MHg1OTBcdTAwM2UiXV0?sha=bd80103e8d23d0f7\" alt=\"\" \/><\/p>\n<div class=\"gallery-i-caption\"><\/div>\n<\/div>\n<div class=\"gallery-i\"><img src=\"https:\/\/cdn.oxu.az\/uploads\/W1siZiIsIjIwMjEvMDgvMTMvMDkvMjUvNTUvYzYxNDljMWEtODhkYi00MjA4LThhNGItMDM3YjExYTZiYmNhLzIzMzA0MTIwM180NTY4ODAyMTQzMTU0MzcwXzc4MTkzMDQwNzczNTk5Nzk5MDBfbi5qcGciXSxbInAiLCJlbmNvZGUiLCJqcGciLCItcXVhbGl0eSA4MCJdLFsicCIsInRodW1iIiwiNTkweDU5MFx1MDAzZSJdXQ?sha=77dde72a64b8708e\" alt=\"\" \/><\/p>\n<div class=\"gallery-i-caption\"><\/div>\n<\/div>\n<div class=\"gallery-i\"><img src=\"https:\/\/cdn.oxu.az\/uploads\/W1siZiIsIjIwMjEvMDgvMTMvMDkvMjUvNTYvYWZmNGQ5N2QtOWRiMC00OGJlLTkzNmEtNTI4NWY2MTgyMGEyLzIzNjE3NjExMl80NTY4ODAyMjk5ODIxMDIxXzkwNDUyMjE4MTMwODY1MzExMjZfbi5qcGciXSxbInAiLCJlbmNvZGUiLCJqcGciLCItcXVhbGl0eSA4MCJdLFsicCIsInRodW1iIiwiNTkweDU5MFx1MDAzZSJdXQ?sha=05b42148d0f4913c\" alt=\"\" \/><\/div>\n<\/div>\n","protected":false},"excerpt":{"rendered":"<p>Almaniyan\u0131n milli aviada\u015f\u0131y\u0131c\u0131s\u0131 &#8211; \u201cLufthansa\u201d \u015firk\u0259ti \u00f6lk\u0259nin Frankfurt \u015f\u0259h\u0259rind\u0259n Bak\u0131ya u\u00e7u\u015flar\u0131 b\u0259rpa edib. ARANTV.AZ \u00a0x\u0259b\u0259r verir ki, bu bar\u0259d\u0259 Heyd\u0259r \u018fliyev Beyn\u0259lxalq Aeroportu m\u0259lumat yay\u0131b. Bildirilib ki, avia\u015firk\u0259tin t\u0259yyar\u0259si hava liman\u0131nda \u0259n\u0259n\u0259vi olaraq su arkas\u0131 il\u0259 qar\u015f\u0131lan\u0131b. Bak\u0131dan Frankfurta u\u00e7u\u015f h\u0259r h\u0259ft\u0259nin \u015f\u0259nb\u0259 g\u00fcnl\u0259ri h\u0259yata ke\u00e7iril\u0259c\u0259k. &nbsp;<\/p>\n","protected":false},"author":2,"featured_media":366078,"comment_status":"closed","ping_status":"closed","sticky":false,"template":"","format":"standard","meta":{"om_disable_all_campaigns":false,"_monsterinsights_skip_tracking":false,"_monsterinsights_sitenote_active":false,"_monsterinsights_sitenote_note":"","_monsterinsights_sitenote_category":0},"categories":[26],"tags":[],"aioseo_notices":[],"gutentor_comment":0,"rttpg_featured_image_url":{"full":["https:\/\/arantv.az\/wp-content\/uploads\/2021\/08\/b25b911f162883504231791484910091827.jpg",975,540,false],"landscape":["https:\/\/arantv.az\/wp-content\/uploads\/2021\/08\/b25b911f162883504231791484910091827.jpg",975,540,false],"portraits":["https:\/\/arantv.az\/wp-content\/uploads\/2021\/08\/b25b911f162883504231791484910091827.jpg",975,540,false],"thumbnail":["https:\/\/arantv.az\/wp-content\/uploads\/2021\/08\/b25b911f162883504231791484910091827-500x280.jpg",500,280,true],"medium":["https:\/\/arantv.az\/wp-content\/uploads\/2021\/08\/b25b911f162883504231791484910091827-660x365.jpg",660,365,true],"large":["https:\/\/arantv.az\/wp-content\/uploads\/2021\/08\/b25b911f162883504231791484910091827-840x465.jpg",640,354,true],"1536x1536":["https:\/\/arantv.az\/wp-content\/uploads\/2021\/08\/b25b911f162883504231791484910091827.jpg",975,540,false],"2048x2048":["https:\/\/arantv.az\/wp-content\/uploads\/2021\/08\/b25b911f162883504231791484910091827.jpg",975,540,false],"post-thumbnail":["https:\/\/arantv.az\/wp-content\/uploads\/2021\/08\/b25b911f162883504231791484910091827-240x172.jpg",240,172,true],"advps-thumb-one":["https:\/\/arantv.az\/wp-content\/uploads\/2021\/08\/b25b911f162883504231791484910091827.jpg",975,540,false]},"rttpg_author":{"display_name":"V\u00fcsal Rafiqo\u011flu","author_link":"https:\/\/arantv.az\/?author=2"},"rttpg_comment":0,"rttpg_category":"<a href=\"https:\/\/arantv.az\/?cat=26\" rel=\"category\">Sosial<\/a>","rttpg_excerpt":"Almaniyan\u0131n milli aviada\u015f\u0131y\u0131c\u0131s\u0131 &#8211; \u201cLufthansa\u201d \u015firk\u0259ti \u00f6lk\u0259nin Frankfurt \u015f\u0259h\u0259rind\u0259n Bak\u0131ya u\u00e7u\u015flar\u0131 b\u0259rpa edib. ARANTV.AZ \u00a0x\u0259b\u0259r verir ki, bu bar\u0259d\u0259 Heyd\u0259r \u018fliyev Beyn\u0259lxalq Aeroportu m\u0259lumat yay\u0131b. Bildirilib ki, avia\u015firk\u0259tin t\u0259yyar\u0259si hava liman\u0131nda \u0259n\u0259n\u0259vi olaraq su arkas\u0131 il\u0259 qar\u015f\u0131lan\u0131b. Bak\u0131dan Frankfurta u\u00e7u\u015f h\u0259r h\u0259ft\u0259nin \u015f\u0259nb\u0259 g\u00fcnl\u0259ri h\u0259yata ke\u00e7iril\u0259c\u0259k. &nbsp;","_links":{"self":[{"href":"https:\/\/arantv.az\/index.php?rest_route=\/wp\/v2\/posts\/366077"}],"collection":[{"href":"https:\/\/arantv.az\/index.php?rest_route=\/wp\/v2\/posts"}],"about":[{"href":"https:\/\/arantv.az\/index.php?rest_route=\/wp\/v2\/types\/post"}],"author":[{"embeddable":true,"href":"https:\/\/arantv.az\/index.php?rest_route=\/wp\/v2\/users\/2"}],"replies":[{"embeddable":true,"href":"https:\/\/arantv.az\/index.php?rest_route=%2Fwp%2Fv2%2Fcomments&post=366077"}],"version-history":[{"count":0,"href":"https:\/\/arantv.az\/index.php?rest_route=\/wp\/v2\/posts\/366077\/revisions"}],"wp:featuredmedia":[{"embeddable":true,"href":"https:\/\/arantv.az\/index.php?rest_route=\/wp\/v2\/media\/366078"}],"wp:attachment":[{"href":"https:\/\/arantv.az\/index.php?rest_route=%2Fwp%2Fv2%2Fmedia&parent=366077"}],"wp:term":[{"taxonomy":"category","embeddable":true,"href":"https:\/\/arantv.az\/index.php?rest_route=%2Fwp%2Fv2%2Fcategories&post=366077"},{"taxonomy":"post_tag","embeddable":true,"href":"https:\/\/arantv.az\/index.php?rest_route=%2Fwp%2Fv2%2Ftags&post=366077"}],"curies":[{"name":"wp","href":"https:\/\/api.w.org\/{rel}","templated":true}]}}