{"id":366080,"date":"2021-08-13T09:32:07","date_gmt":"2021-08-13T06:32:07","guid":{"rendered":"http:\/\/arantv.az\/?p=366080"},"modified":"2021-08-13T09:32:07","modified_gmt":"2021-08-13T06:32:07","slug":"yasatin-himay%c9%99cilik-surasinin-uzvu-agir-yarali-qazil%c9%99rimizi-muayin%c9%99-etdi-foto","status":"publish","type":"post","link":"https:\/\/arantv.az\/?p=366080","title":{"rendered":"\u201cYA\u015eAT\u201d\u0131n Himay\u0259\u00e7ilik \u015euras\u0131n\u0131n \u00fczv\u00fc a\u011f\u0131r yaral\u0131 qazil\u0259rimizi m\u00fcayin\u0259 etdi &#8211; FOTO"},"content":{"rendered":"<p>\u201cYA\u015eAT\u201d Fondu t\u0259r\u0259find\u0259n yaral\u0131lar\u0131m\u0131z\u0131n m\u00fcalic\u0259si istiqam\u0259tind\u0259 t\u0259dbirl\u0259r davam etdirilir.<\/p>\n<p>Fonddan bildirilib ki, qeyd olunan t\u0259dbirl\u0259r \u00e7\u0259r\u00e7iv\u0259sind\u0259 Fondun Himay\u0259\u00e7ilik \u015euras\u0131n\u0131n \u00fczv\u00fc, Kopenhagen Universitetinin nevrologiya \u00fczr\u0259 professor v\u0259 ba\u015f m\u0259sl\u0259h\u0259t\u00e7isi, Beyn\u0259lxalq Ba\u015f A\u011fr\u0131lar\u0131 C\u0259miyy\u0259tinin r\u0259hb\u0259ri v\u0259 \u0130nsan Miqreni Ara\u015fd\u0131rma Birliyinin direktoru M\u0259sud A\u015fina t\u0259r\u0259find\u0259n yaral\u0131lar\u0131m\u0131z\u0131n m\u00fcayin\u0259si h\u0259yata ke\u00e7irilib.<\/p>\n<p>Bel\u0259 ki,\u00a0M\u0259sud A\u015fina v\u0259 dig\u0259r h\u0259kim hey\u0259ti \u015fidd\u0259tli ba\u015f a\u011fr\u0131lar\u0131ndan \u0259ziyy\u0259t \u00e7\u0259k\u0259n yaral\u0131lar\u0131m\u0131z\u0131 m\u00fcayin\u0259 ed\u0259r\u0259k,\u00a0h\u0259r birin\u0259 uy\u011fun m\u00fcalic\u0259 t\u0259yin edib.<\/p>\n<div id=\"AdviadNativeVideo0\" class=\"AdviadNativeVideo\"><\/div>\n<p>Xat\u0131rladaq ki, \u201cYA\u015eAT\u201d Fondunun Himay\u0259\u00e7ilik \u015euras\u0131n\u0131n \u00fczv\u00fc, Danimarkada Az\u0259rbaycan diasporunun f\u0259al \u00fczv\u00fc, az\u0259rbaycanl\u0131 tibb professoru M\u0259sud A\u015fina ba\u015f a\u011fr\u0131lar\u0131 sah\u0259sind\u0259 d\u00fcnyan\u0131n \u0259n m\u0259hsuldar alimi se\u00e7ilib.<\/p>\n<p>\u018fsas qay\u0259si d\u00fcnyan\u0131n \u0259n bilikli h\u0259kiml\u0259rini v\u0259 sa\u011flaml\u0131q m\u00fct\u0259x\u0259ssisl\u0259rini tapma\u011fa k\u00f6m\u0259k etm\u0259k olan \u201cExpertscape\u201d n\u0259\u015frinin son on il \u0259rzind\u0259 d\u00fcnyada ba\u015f a\u011fr\u0131lar\u0131 sah\u0259sind\u0259 \u0259n y\u00fcks\u0259k m\u0259hsuldarl\u0131q g\u00f6st\u0259rmi\u015f v\u0259 elmi t\u00f6hf\u0259 vermi\u015f aliml\u0259rin siyah\u0131s\u0131nda professor M\u0259sud A\u015fina birinci yerd\u0259 q\u0259rarla\u015f\u0131b.<\/p>\n<p>Az\u0259rbaycan Respublikas\u0131n\u0131n Prezidenti \u0130lham \u018fliyevin m\u00fcvafiq S\u0259r\u0259ncam\u0131 il\u0259 M\u0259sud A\u015fina \u201cYA\u015eAT\u201d Fondunun Himay\u0259\u00e7ilik \u015euras\u0131n\u0131n \u00fczv\u00fc se\u00e7ilib.<\/p>\n<p>&nbsp;<\/p>\n<div class=\"gallery\">\n<div class=\"gallery-i\"><img src=\"https:\/\/cdn.oxu.az\/uploads\/W1siZiIsIjIwMjEvMDgvMTMvMTAvMTQvMTEvOTg1NDI1MTQtMzRkNy00MDlkLTg1MzYtNTIyMTc4YTg1MDk4LzIzNjc3NDUyOV8yNDQ1MjY2MTQxOTAwMjBfNTAwODk0MjE0MDA0MDEzMjQ0MV9uICgxKS5qcGciXSxbInAiLCJlbmNvZGUiLCJqcGciLCItcXVhbGl0eSA4MCJdLFsicCIsInRodW1iIiwiNTkweDU5MFx1MDAzZSJdXQ?sha=40b805cf1a33749b\" alt=\"\" \/><\/p>\n<div class=\"gallery-i-caption\"><\/div>\n<\/div>\n<div class=\"gallery-i\"><img src=\"https:\/\/cdn.oxu.az\/uploads\/W1siZiIsIjIwMjEvMDgvMTMvMTAvMTQvMTEvZTU2OTNkYzUtOWRiMS00MDU3LThlZjMtMTVhODQ0NzFlNWZlLzIzNjQzNTI4N18yNDQ1MjY1MzA4NTY2OTVfNDIwNTU5MDAyNjcyMjI3OTQzNF9uLmpwZyJdLFsicCIsImVuY29kZSIsImpwZyIsIi1xdWFsaXR5IDgwIl0sWyJwIiwidGh1bWIiLCI1OTB4NTkwXHUwMDNlIl1d?sha=ae5c6a36e0e9ae0a\" alt=\"\" \/><\/p>\n<div class=\"gallery-i-caption\"><\/div>\n<\/div>\n<div class=\"gallery-i\"><img src=\"https:\/\/cdn.oxu.az\/uploads\/W1siZiIsIjIwMjEvMDgvMTMvMTAvMTQvMTEvZjRhYzkxNGMtZmU3OS00YmVhLWExYzktMzM0ZDZjYTU5ZmFkLzIzNjUyMzYzOV8yNDQ1MjY0NzA4NTY3MDFfNDUxNjIyOTkxMTQ1NjU5MDQ2MF9uLmpwZyJdLFsicCIsImVuY29kZSIsImpwZyIsIi1xdWFsaXR5IDgwIl0sWyJwIiwidGh1bWIiLCI1OTB4NTkwXHUwMDNlIl1d?sha=d1f43677c704addc\" alt=\"\" \/><\/p>\n<div class=\"gallery-i-caption\"><\/div>\n<\/div>\n<div class=\"gallery-i\"><img src=\"https:\/\/cdn.oxu.az\/uploads\/W1siZiIsIjIwMjEvMDgvMTMvMTAvMTQvMTIvMTdlZjMzZjMtZWRiNy00MTgzLThjNjQtYTI4NDkwNzYwNDIwLzIzNjQ2NDQ4NV8yNDQ1MjY1NTc1MjMzNTlfMTc0ODA0NjI1NTA2ODY4Mjg4NV9uLmpwZyJdLFsicCIsImVuY29kZSIsImpwZyIsIi1xdWFsaXR5IDgwIl0sWyJwIiwidGh1bWIiLCI1OTB4NTkwXHUwMDNlIl1d?sha=9c7d05ca7b718bdd\" alt=\"\" \/><\/p>\n<div class=\"gallery-i-caption\"><\/div>\n<\/div>\n<div class=\"gallery-i\"><img src=\"https:\/\/cdn.oxu.az\/uploads\/W1siZiIsIjIwMjEvMDgvMTMvMTAvMTQvMTIvZDA1NDEzYjgtZjI3OS00YTUxLWEwZDEtNjA1OWMzN2FlMGYwLzIzNzEyMTA3MV8yNDQ1MjY1ODc1MjMzNTZfMzYyMDM2NTQxNTM3NTAxNDE0OF9uLmpwZyJdLFsicCIsImVuY29kZSIsImpwZyIsIi1xdWFsaXR5IDgwIl0sWyJwIiwidGh1bWIiLCI1OTB4NTkwXHUwMDNlIl1d?sha=0c113c4e97441bf9\" alt=\"\" \/><\/p>\n<div class=\"gallery-i-caption\"><\/div>\n<\/div>\n<div class=\"gallery-i\"><img src=\"https:\/\/cdn.oxu.az\/uploads\/W1siZiIsIjIwMjEvMDgvMTMvMTAvMTQvMTIvODVhZTZmY2ItN2E0ZS00MDJmLWIyZGQtNmI0NjJiMTZmMmE2LzIzNjYyMjY0OF8yNDQ1MjY0OTc1MjMzNjVfNzg2MTAzMjgzMDkwMTY4MDk5NV9uLmpwZyJdLFsicCIsImVuY29kZSIsImpwZyIsIi1xdWFsaXR5IDgwIl0sWyJwIiwidGh1bWIiLCI1OTB4NTkwXHUwMDNlIl1d?sha=6a14fe366ccf722c\" alt=\"\" \/><\/p>\n<div class=\"gallery-i-caption\"><\/div>\n<\/div>\n<div class=\"gallery-i\"><img src=\"https:\/\/cdn.oxu.az\/uploads\/W1siZiIsIjIwMjEvMDgvMTMvMTAvMTQvMTIvYTgxOGFkZjctZjcxNy00NDRjLWE0MjktYzQxMDg1ZTkzMzQxLzIzNjQxNDI4OF8yNDQ1MjY2NjQxOTAwMTVfNTc1MTU5NDAwNjU3OTI5MDEyNF9uLmpwZyJdLFsicCIsImVuY29kZSIsImpwZyIsIi1xdWFsaXR5IDgwIl0sWyJwIiwidGh1bWIiLCI1OTB4NTkwXHUwMDNlIl1d?sha=434c5c7bb5b8a297\" alt=\"\" \/><\/p>\n<div class=\"gallery-i-caption\"><\/div>\n<\/div>\n<div class=\"gallery-i\"><img src=\"https:\/\/cdn.oxu.az\/uploads\/W1siZiIsIjIwMjEvMDgvMTMvMTAvMTQvMTIvNTNjZDI5N2QtMTgwOC00NGUyLTg0M2EtMDJjNDVkMzYyN2U1LzIzNjc3NDUyOV8yNDQ1MjY2MTQxOTAwMjBfNTAwODk0MjE0MDA0MDEzMjQ0MV9uLmpwZyJdLFsicCIsImVuY29kZSIsImpwZyIsIi1xdWFsaXR5IDgwIl0sWyJwIiwidGh1bWIiLCI1OTB4NTkwXHUwMDNlIl1d?sha=1cbc1dab475ea226\" alt=\"\" \/><\/div>\n<\/div>\n","protected":false},"excerpt":{"rendered":"<p>\u201cYA\u015eAT\u201d Fondu t\u0259r\u0259find\u0259n yaral\u0131lar\u0131m\u0131z\u0131n m\u00fcalic\u0259si istiqam\u0259tind\u0259 t\u0259dbirl\u0259r davam etdirilir. Fonddan bildirilib ki, qeyd olunan t\u0259dbirl\u0259r \u00e7\u0259r\u00e7iv\u0259sind\u0259 Fondun Himay\u0259\u00e7ilik \u015euras\u0131n\u0131n \u00fczv\u00fc, Kopenhagen Universitetinin nevrologiya \u00fczr\u0259 professor v\u0259 ba\u015f m\u0259sl\u0259h\u0259t\u00e7isi, Beyn\u0259lxalq Ba\u015f A\u011fr\u0131lar\u0131 C\u0259miyy\u0259tinin r\u0259hb\u0259ri v\u0259 \u0130nsan Miqreni Ara\u015fd\u0131rma Birliyinin direktoru M\u0259sud A\u015fina t\u0259r\u0259find\u0259n yaral\u0131lar\u0131m\u0131z\u0131n m\u00fcayin\u0259si h\u0259yata ke\u00e7irilib. Bel\u0259 ki,\u00a0M\u0259sud A\u015fina v\u0259 dig\u0259r h\u0259kim hey\u0259ti \u015fidd\u0259tli ba\u015f a\u011fr\u0131lar\u0131ndan \u0259ziyy\u0259t \u00e7\u0259k\u0259n yaral\u0131lar\u0131m\u0131z\u0131 m\u00fcayin\u0259 ed\u0259r\u0259k,\u00a0h\u0259r birin\u0259 uy\u011fun m\u00fcalic\u0259 t\u0259yin edib. Xat\u0131rladaq ki, \u201cYA\u015eAT\u201d Fondunun Himay\u0259\u00e7ilik \u015euras\u0131n\u0131n \u00fczv\u00fc, Danimarkada Az\u0259rbaycan diasporunun f\u0259al \u00fczv\u00fc, az\u0259rbaycanl\u0131 tibb professoru M\u0259sud A\u015fina ba\u015f a\u011fr\u0131lar\u0131 sah\u0259sind\u0259 d\u00fcnyan\u0131n \u0259n m\u0259hsuldar alimi&hellip;<\/p>\n","protected":false},"author":2,"featured_media":366081,"comment_status":"closed","ping_status":"closed","sticky":false,"template":"","format":"standard","meta":{"om_disable_all_campaigns":false,"_monsterinsights_skip_tracking":false,"_monsterinsights_sitenote_active":false,"_monsterinsights_sitenote_note":"","_monsterinsights_sitenote_category":0},"categories":[26],"tags":[],"aioseo_notices":[],"gutentor_comment":0,"rttpg_featured_image_url":{"full":["https:\/\/arantv.az\/wp-content\/uploads\/2021\/08\/237121071_244526587523356_3620365415375014148_n.jpg",620,413,false],"landscape":["https:\/\/arantv.az\/wp-content\/uploads\/2021\/08\/237121071_244526587523356_3620365415375014148_n.jpg",620,413,false],"portraits":["https:\/\/arantv.az\/wp-content\/uploads\/2021\/08\/237121071_244526587523356_3620365415375014148_n.jpg",620,413,false],"thumbnail":["https:\/\/arantv.az\/wp-content\/uploads\/2021\/08\/237121071_244526587523356_3620365415375014148_n-500x280.jpg",500,280,true],"medium":["https:\/\/arantv.az\/wp-content\/uploads\/2021\/08\/237121071_244526587523356_3620365415375014148_n-548x365.jpg",548,365,true],"large":["https:\/\/arantv.az\/wp-content\/uploads\/2021\/08\/237121071_244526587523356_3620365415375014148_n.jpg",620,413,false],"1536x1536":["https:\/\/arantv.az\/wp-content\/uploads\/2021\/08\/237121071_244526587523356_3620365415375014148_n.jpg",620,413,false],"2048x2048":["https:\/\/arantv.az\/wp-content\/uploads\/2021\/08\/237121071_244526587523356_3620365415375014148_n.jpg",620,413,false],"post-thumbnail":["https:\/\/arantv.az\/wp-content\/uploads\/2021\/08\/237121071_244526587523356_3620365415375014148_n-240x172.jpg",240,172,true],"advps-thumb-one":["https:\/\/arantv.az\/wp-content\/uploads\/2021\/08\/237121071_244526587523356_3620365415375014148_n.jpg",620,413,false]},"rttpg_author":{"display_name":"V\u00fcsal Rafiqo\u011flu","author_link":"https:\/\/arantv.az\/?author=2"},"rttpg_comment":0,"rttpg_category":"<a href=\"https:\/\/arantv.az\/?cat=26\" rel=\"category\">Sosial<\/a>","rttpg_excerpt":"\u201cYA\u015eAT\u201d Fondu t\u0259r\u0259find\u0259n yaral\u0131lar\u0131m\u0131z\u0131n m\u00fcalic\u0259si istiqam\u0259tind\u0259 t\u0259dbirl\u0259r davam etdirilir. Fonddan bildirilib ki, qeyd olunan t\u0259dbirl\u0259r \u00e7\u0259r\u00e7iv\u0259sind\u0259 Fondun Himay\u0259\u00e7ilik \u015euras\u0131n\u0131n \u00fczv\u00fc, Kopenhagen Universitetinin nevrologiya \u00fczr\u0259 professor v\u0259 ba\u015f m\u0259sl\u0259h\u0259t\u00e7isi, Beyn\u0259lxalq Ba\u015f A\u011fr\u0131lar\u0131 C\u0259miyy\u0259tinin r\u0259hb\u0259ri v\u0259 \u0130nsan Miqreni Ara\u015fd\u0131rma Birliyinin direktoru M\u0259sud A\u015fina t\u0259r\u0259find\u0259n yaral\u0131lar\u0131m\u0131z\u0131n m\u00fcayin\u0259si h\u0259yata ke\u00e7irilib. Bel\u0259 ki,\u00a0M\u0259sud A\u015fina v\u0259 dig\u0259r h\u0259kim hey\u0259ti \u015fidd\u0259tli ba\u015f&hellip;","_links":{"self":[{"href":"https:\/\/arantv.az\/index.php?rest_route=\/wp\/v2\/posts\/366080"}],"collection":[{"href":"https:\/\/arantv.az\/index.php?rest_route=\/wp\/v2\/posts"}],"about":[{"href":"https:\/\/arantv.az\/index.php?rest_route=\/wp\/v2\/types\/post"}],"author":[{"embeddable":true,"href":"https:\/\/arantv.az\/index.php?rest_route=\/wp\/v2\/users\/2"}],"replies":[{"embeddable":true,"href":"https:\/\/arantv.az\/index.php?rest_route=%2Fwp%2Fv2%2Fcomments&post=366080"}],"version-history":[{"count":0,"href":"https:\/\/arantv.az\/index.php?rest_route=\/wp\/v2\/posts\/366080\/revisions"}],"wp:featuredmedia":[{"embeddable":true,"href":"https:\/\/arantv.az\/index.php?rest_route=\/wp\/v2\/media\/366081"}],"wp:attachment":[{"href":"https:\/\/arantv.az\/index.php?rest_route=%2Fwp%2Fv2%2Fmedia&parent=366080"}],"wp:term":[{"taxonomy":"category","embeddable":true,"href":"https:\/\/arantv.az\/index.php?rest_route=%2Fwp%2Fv2%2Fcategories&post=366080"},{"taxonomy":"post_tag","embeddable":true,"href":"https:\/\/arantv.az\/index.php?rest_route=%2Fwp%2Fv2%2Ftags&post=366080"}],"curies":[{"name":"wp","href":"https:\/\/api.w.org\/{rel}","templated":true}]}}