{"id":366088,"date":"2021-08-13T09:42:15","date_gmt":"2021-08-13T06:42:15","guid":{"rendered":"http:\/\/arantv.az\/?p=366088"},"modified":"2021-08-13T09:42:15","modified_gmt":"2021-08-13T06:42:15","slug":"bakida-d%c9%99hs%c9%99t-azyasli-baci-v%c9%99-qardas-isg%c9%99nc%c9%99l%c9%99r%c9%99-m%c9%99ruz-qaldi-r%c9%99smi","status":"publish","type":"post","link":"https:\/\/arantv.az\/?p=366088","title":{"rendered":"Bak\u0131da d\u0259h\u015f\u0259t: Azya\u015fl\u0131 bac\u0131 v\u0259 qarda\u015f i\u015fg\u0259nc\u0259l\u0259r\u0259 m\u0259ruz qald\u0131 &#8211; R\u018fSM\u0130"},"content":{"rendered":"<p>Bin\u0259q\u0259di rayonu, Xocah\u0259s\u0259n q\u0259s\u0259b\u0259sind\u0259 ya\u015fayan G\u00fcnel V\u0259liyevan\u0131n (adlar \u015f\u0259rtidir) 2015-ci il t\u0259v\u0259ll\u00fcdl\u00fc o\u011flu v\u0259 2007-ci il t\u0259v\u0259ll\u00fcdl\u00fc q\u0131z\u0131n\u0131n \u00f6gey qarda\u015f\u0131 v\u0259 arvad\u0131 t\u0259r\u0259find\u0259n fiziki v\u0259 psixi zorak\u0131l\u0131q h\u0259r\u0259k\u0259tl\u0259rin\u0259 m\u0259ruz qalmas\u0131 bar\u0259d\u0259 m\u00fcraci\u0259ti \u00fczr\u0259 Bin\u0259q\u0259di rayon prokurorlu\u011funda ara\u015fd\u0131rma apar\u0131l\u0131b.<\/p>\n<p>Bin\u0259q\u0259di rayon prokurorlu\u011funda apar\u0131lan ara\u015fd\u0131rmalarla m\u00fc\u0259yy\u0259n edilib ki, \u0130dris V\u0259liyev (ad \u015f\u0259rtidir) 8 avqust 2021-ci il tarixd\u0259 \u00f6gey bac\u0131s\u0131n\u0131n 2015-ci il t\u0259v\u0259ll\u00fcdl\u00fc o\u011flunun nadinc h\u0259r\u0259k\u0259tl\u0259r etm\u0259sini b\u0259han\u0259 ed\u0259r\u0259k, b\u0131\u00e7a\u011f\u0131 q\u0131zd\u0131raraq onun sa\u011fr\u0131 nahiy\u0259sin\u0259 bir ne\u00e7\u0259 d\u0259f\u0259 bas\u0131b, \u0130dris V\u0259liyevin arvad\u0131 Arzu V\u0259liyeva (ad \u015f\u0259rtidir) is\u0259 G\u00fcnel V\u0259liyevan\u0131n 2007-ci il t\u0259v\u0259ll\u00fcdl\u00fc q\u0131z\u0131n\u0131n sa\u00e7\u0131n\u0131 v\u0259 qa\u015f\u0131n\u0131 k\u0259smi\u015f, h\u0259m\u00e7inin ona m\u00fcxt\u0259lif d\u0259r\u0259c\u0259li b\u0259d\u0259n x\u0259sar\u0259tl\u0259ri yetirib.<\/p>\n<div id=\"AdviadNativeVideo0\" class=\"AdviadNativeVideo\"><\/div>\n<p>Fakta g\u00f6r\u0259 Bin\u0259q\u0259di rayon prokurorlu\u011funda Cinay\u0259t M\u0259c\u0259ll\u0259sinin 133.2.1 (iki v\u0259 ya daha \u00e7ox \u015f\u0259xs\u0259 qar\u015f\u0131 \u0259zab verm\u0259), 133.2.4-c\u00fc (t\u0259qsirkar \u015f\u0259xs \u00fc\u00e7\u00fcn a\u015fkar sur\u0259td\u0259 yetkinlik ya\u015f\u0131na \u00e7atmayan, habel\u0259 k\u00f6m\u0259ksiz v\u0259ziyy\u0259td\u0259 olan \u015f\u0259xs\u0259 qar\u015f\u0131 \u0259zab verm\u0259) v\u0259 133.2.6 (i\u015fg\u0259nc\u0259 verm\u0259kl\u0259 \u0259zab verm\u0259) madd\u0259l\u0259ri il\u0259 cinay\u0259t i\u015fi ba\u015flanaraq aidiyy\u0259ti \u00fczr\u0259 rayon polis idar\u0259sinin \u0130stintaq \u015f\u00f6b\u0259sin\u0259 g\u00f6nd\u0259rilib.<\/p>\n<p>N\u0259tic\u0259si bar\u0259d\u0259 ictimaiyy\u0259t\u0259 m\u0259lumat\u0131n verilm\u0259si t\u0259min edil\u0259c\u0259kdir.<\/p>\n","protected":false},"excerpt":{"rendered":"<p>Bin\u0259q\u0259di rayonu, Xocah\u0259s\u0259n q\u0259s\u0259b\u0259sind\u0259 ya\u015fayan G\u00fcnel V\u0259liyevan\u0131n (adlar \u015f\u0259rtidir) 2015-ci il t\u0259v\u0259ll\u00fcdl\u00fc o\u011flu v\u0259 2007-ci il t\u0259v\u0259ll\u00fcdl\u00fc q\u0131z\u0131n\u0131n \u00f6gey qarda\u015f\u0131 v\u0259 arvad\u0131 t\u0259r\u0259find\u0259n fiziki v\u0259 psixi zorak\u0131l\u0131q h\u0259r\u0259k\u0259tl\u0259rin\u0259 m\u0259ruz qalmas\u0131 bar\u0259d\u0259 m\u00fcraci\u0259ti \u00fczr\u0259 Bin\u0259q\u0259di rayon prokurorlu\u011funda ara\u015fd\u0131rma apar\u0131l\u0131b. Bin\u0259q\u0259di rayon prokurorlu\u011funda apar\u0131lan ara\u015fd\u0131rmalarla m\u00fc\u0259yy\u0259n edilib ki, \u0130dris V\u0259liyev (ad \u015f\u0259rtidir) 8 avqust 2021-ci il tarixd\u0259 \u00f6gey bac\u0131s\u0131n\u0131n 2015-ci il t\u0259v\u0259ll\u00fcdl\u00fc o\u011flunun nadinc h\u0259r\u0259k\u0259tl\u0259r etm\u0259sini b\u0259han\u0259 ed\u0259r\u0259k, b\u0131\u00e7a\u011f\u0131 q\u0131zd\u0131raraq onun sa\u011fr\u0131 nahiy\u0259sin\u0259 bir ne\u00e7\u0259 d\u0259f\u0259 bas\u0131b, \u0130dris V\u0259liyevin arvad\u0131 Arzu V\u0259liyeva (ad \u015f\u0259rtidir) is\u0259 G\u00fcnel V\u0259liyevan\u0131n 2007-ci il t\u0259v\u0259ll\u00fcdl\u00fc q\u0131z\u0131n\u0131n sa\u00e7\u0131n\u0131&hellip;<\/p>\n","protected":false},"author":2,"featured_media":321880,"comment_status":"closed","ping_status":"closed","sticky":false,"template":"","format":"standard","meta":{"om_disable_all_campaigns":false,"_monsterinsights_skip_tracking":false,"_monsterinsights_sitenote_active":false,"_monsterinsights_sitenote_note":"","_monsterinsights_sitenote_category":0},"categories":[26],"tags":[],"aioseo_notices":[],"gutentor_comment":0,"rttpg_featured_image_url":{"full":["https:\/\/arantv.az\/wp-content\/uploads\/2021\/04\/zorakiliq_qiz_zorlama5.jpg",800,450,false],"landscape":["https:\/\/arantv.az\/wp-content\/uploads\/2021\/04\/zorakiliq_qiz_zorlama5.jpg",800,450,false],"portraits":["https:\/\/arantv.az\/wp-content\/uploads\/2021\/04\/zorakiliq_qiz_zorlama5.jpg",800,450,false],"thumbnail":["https:\/\/arantv.az\/wp-content\/uploads\/2021\/04\/zorakiliq_qiz_zorlama5-150x150.jpg",150,150,true],"medium":["https:\/\/arantv.az\/wp-content\/uploads\/2021\/04\/zorakiliq_qiz_zorlama5-300x169.jpg",300,169,true],"large":["https:\/\/arantv.az\/wp-content\/uploads\/2021\/04\/zorakiliq_qiz_zorlama5.jpg",640,360,false],"1536x1536":["https:\/\/arantv.az\/wp-content\/uploads\/2021\/04\/zorakiliq_qiz_zorlama5.jpg",800,450,false],"2048x2048":["https:\/\/arantv.az\/wp-content\/uploads\/2021\/04\/zorakiliq_qiz_zorlama5.jpg",800,450,false],"post-thumbnail":["https:\/\/arantv.az\/wp-content\/uploads\/2021\/04\/zorakiliq_qiz_zorlama5-240x172.jpg",240,172,true],"advps-thumb-one":["https:\/\/arantv.az\/wp-content\/uploads\/2021\/04\/zorakiliq_qiz_zorlama5.jpg",800,450,false]},"rttpg_author":{"display_name":"V\u00fcsal Rafiqo\u011flu","author_link":"https:\/\/arantv.az\/?author=2"},"rttpg_comment":0,"rttpg_category":"<a href=\"https:\/\/arantv.az\/?cat=26\" rel=\"category\">Sosial<\/a>","rttpg_excerpt":"Bin\u0259q\u0259di rayonu, Xocah\u0259s\u0259n q\u0259s\u0259b\u0259sind\u0259 ya\u015fayan G\u00fcnel V\u0259liyevan\u0131n (adlar \u015f\u0259rtidir) 2015-ci il t\u0259v\u0259ll\u00fcdl\u00fc o\u011flu v\u0259 2007-ci il t\u0259v\u0259ll\u00fcdl\u00fc q\u0131z\u0131n\u0131n \u00f6gey qarda\u015f\u0131 v\u0259 arvad\u0131 t\u0259r\u0259find\u0259n fiziki v\u0259 psixi zorak\u0131l\u0131q h\u0259r\u0259k\u0259tl\u0259rin\u0259 m\u0259ruz qalmas\u0131 bar\u0259d\u0259 m\u00fcraci\u0259ti \u00fczr\u0259 Bin\u0259q\u0259di rayon prokurorlu\u011funda ara\u015fd\u0131rma apar\u0131l\u0131b. Bin\u0259q\u0259di rayon prokurorlu\u011funda apar\u0131lan ara\u015fd\u0131rmalarla m\u00fc\u0259yy\u0259n edilib ki, \u0130dris V\u0259liyev (ad \u015f\u0259rtidir) 8 avqust 2021-ci il tarixd\u0259&hellip;","_links":{"self":[{"href":"https:\/\/arantv.az\/index.php?rest_route=\/wp\/v2\/posts\/366088"}],"collection":[{"href":"https:\/\/arantv.az\/index.php?rest_route=\/wp\/v2\/posts"}],"about":[{"href":"https:\/\/arantv.az\/index.php?rest_route=\/wp\/v2\/types\/post"}],"author":[{"embeddable":true,"href":"https:\/\/arantv.az\/index.php?rest_route=\/wp\/v2\/users\/2"}],"replies":[{"embeddable":true,"href":"https:\/\/arantv.az\/index.php?rest_route=%2Fwp%2Fv2%2Fcomments&post=366088"}],"version-history":[{"count":0,"href":"https:\/\/arantv.az\/index.php?rest_route=\/wp\/v2\/posts\/366088\/revisions"}],"wp:featuredmedia":[{"embeddable":true,"href":"https:\/\/arantv.az\/index.php?rest_route=\/wp\/v2\/media\/321880"}],"wp:attachment":[{"href":"https:\/\/arantv.az\/index.php?rest_route=%2Fwp%2Fv2%2Fmedia&parent=366088"}],"wp:term":[{"taxonomy":"category","embeddable":true,"href":"https:\/\/arantv.az\/index.php?rest_route=%2Fwp%2Fv2%2Fcategories&post=366088"},{"taxonomy":"post_tag","embeddable":true,"href":"https:\/\/arantv.az\/index.php?rest_route=%2Fwp%2Fv2%2Ftags&post=366088"}],"curies":[{"name":"wp","href":"https:\/\/api.w.org\/{rel}","templated":true}]}}