{"id":366708,"date":"2021-08-16T08:30:37","date_gmt":"2021-08-16T05:30:37","guid":{"rendered":"http:\/\/arantv.az\/?p=366708"},"modified":"2021-08-16T08:30:37","modified_gmt":"2021-08-16T05:30:37","slug":"az%c9%99rbaycan-prezidenti-biz-muharib%c9%99ni-l%c9%99yaq%c9%99tl%c9%99-aparmisiq-v%c9%99-savasa-xas-olan-butun-qaydalara-riay%c9%99t-etmisik","status":"publish","type":"post","link":"https:\/\/arantv.az\/?p=366708","title":{"rendered":"Az\u0259rbaycan Prezidenti: \u201cBiz m\u00fcharib\u0259ni l\u0259yaq\u0259tl\u0259 aparm\u0131\u015f\u0131q v\u0259 sava\u015fa xas olan b\u00fct\u00fcn qaydalara riay\u0259t etmi\u015fik\u201d"},"content":{"rendered":"<p>\u201c\u0130kinci Qaraba\u011f sava\u015f\u0131 d\u00f6n\u0259mind\u0259 d\u0259 Erm\u0259nistan d\u00f6y\u00fc\u015f meydan\u0131nda ilk g\u00fcnd\u0259n m\u0259\u011flubiyy\u0259t\u0259 u\u011frama\u011fa ba\u015flam\u0131\u015fd\u0131. 44 g\u00fcn \u0259rzind\u0259 h\u0259r g\u00fcn biz ir\u0259li gedirdik, bir g\u00fcn bel\u0259 geri add\u0131m atmad\u0131q. H\u0259tta manevr etm\u0259k m\u0259qs\u0259dil\u0259 d\u0259 geri add\u0131m atmad\u0131q\u201d.<\/p>\n<p><a href=\"https:\/\/azertag.az\/xeber\/Azerbaycan_Prezidenti_Biz_muharibeni_leyaqetle_aparmisiq_ve_savasa_xas_olan_butun_qaydalara_riayet_etmisik-1852859?fbclid=IwAR1JPy5FsJFYdBo2IZco15Fb2S2udVVnyUHX7apK-Qr0MJGTunglH7iDKho\" target=\"_blank\" rel=\"noopener\">AZ\u018fRTAC<\/a>\u00a0x\u0259b\u0259r verir ki, bunu Prezident \u0130lham \u018fliyev \u201cCNN T\u00fcrk\u201d televiziya kanal\u0131na m\u00fcsahib\u0259sind\u0259 bildirib.<\/p>\n<div id=\"AdviadNativeVideo0\" class=\"AdviadNativeVideo\"><\/div>\n<p>D\u00f6vl\u0259timizin ba\u015f\u00e7\u0131s\u0131 qeyd edib ki, Erm\u0259nistan \u00f6z qa\u00e7\u0131lmaz m\u0259\u011flubiyy\u0259tini d\u0259rk ed\u0259r\u0259k bizi durdurmaq v\u0259 m\u00fclki \u0259haliy\u0259 b\u00f6y\u00fck z\u0259r\u0259r verm\u0259k \u00fc\u00e7\u00fcn \u015f\u0259h\u0259r v\u0259 k\u0259ndl\u0259rimizi ballistik raketl\u0259rl\u0259, artilleriya qur\u011fular\u0131 il\u0259 daim at\u0259\u015f\u0259 tuturdu. Bunun n\u0259tic\u0259sind\u0259 100-d\u0259n \u00e7ox m\u00fclki \u015f\u0259xs, o c\u00fcml\u0259d\u0259n qad\u0131nlar v\u0259 u\u015faqlar h\u0259lak oldular. Bu g\u00f6r\u00fcnt\u00fcl\u0259r var. G\u0259nc\u0259, B\u0259rd\u0259, A\u011fdam, Goranboy, Naftalan, T\u0259rt\u0259r, F\u00fczuli v\u0259 dig\u0259r b\u00f6lg\u0259l\u0259rimizi h\u0259r g\u00fcn at\u0259\u015f\u0259 tuturdular.<\/p>\n<p>\u201cT\u0259rt\u0259r \u015f\u0259h\u0259rin\u0259, &#8211; o q\u0259d\u0259r d\u0259 b\u00f6y\u00fck \u015f\u0259h\u0259r deyil, &#8211; 20 min\u0259 yax\u0131n raket d\u00fc\u015fm\u00fc\u015fd\u00fcr. Ancaq Az\u0259rbaycan xalq\u0131n\u0131n irad\u0259sini q\u0131ra bilm\u0259dil\u0259r. \u00d6z yax\u0131nlar\u0131n\u0131, \u00f6z qohumlar\u0131n\u0131, \u0259qr\u0259balar\u0131n\u0131 itirmi\u015f insanlar da deyirdil\u0259r ki, ancaq ir\u0259li getm\u0259liyik. Y\u0259ni, erm\u0259nil\u0259rin bu qeyri-insani davran\u0131\u015f\u0131 da onlara he\u00e7 bir xeyir, m\u0259nf\u0259\u0259t g\u0259tirm\u0259di, sad\u0259c\u0259 olaraq, d\u00fcnyan\u0131n g\u00f6z\u00fc qar\u015f\u0131s\u0131nda \u00f6zl\u0259rini n\u00f6vb\u0259ti d\u0259f\u0259 v\u0259h\u015fi\u00a0kimi g\u00f6st\u0259rdil\u0259r. Biz is\u0259 buna cavab verm\u0259dik, onun \u00fc\u00e7\u00fcn Erm\u0259nistan t\u0259r\u0259find\u0259 m\u00fclki \u0259hali aras\u0131nda itkil\u0259r \u00e7ox azd\u0131r, t\u0259qrib\u0259n 30 civar\u0131nda v\u0259 onlar\u0131n b\u00f6y\u00fck \u0259ks\u0259riyy\u0259ti sava\u015fda i\u015ftirak ed\u0259nl\u0259rdir. Bu, videokadrlarda da var. Biz g\u00f6r\u00fcrd\u00fck ki, b\u0259zi artilleriya qur\u011fular\u0131n\u0131n yan\u0131nda m\u00fclki \u015f\u0259xsl\u0259r d\u0259 var v\u0259 t\u0259bii ki, bizim at\u0259\u015fimiz ora d\u00fc\u015f\u0259nd\u0259 onlar da h\u0259yatlar\u0131n\u0131 itirirdil\u0259r. Qaraba\u011f b\u00f6lg\u0259sind\u0259 &#8211; erm\u0259nil\u0259rin i\u015f\u011fal\u0131 alt\u0131nda olan yerl\u0259rd\u0259 v\u0259 onlar\u0131n ya\u015fad\u0131qlar\u0131 yerl\u0259rd\u0259 he\u00e7 bir da\u011f\u0131nt\u0131\u00a0olmam\u0131\u015fd\u0131r. Y\u0259ni, bu, bir daha onu g\u00f6st\u0259rir ki, biz m\u00fcharib\u0259ni d\u0259 l\u0259yaq\u0259tl\u0259 aparm\u0131\u015f\u0131q v\u0259 sava\u015fa xas olan b\u00fct\u00fcn qaydalara riay\u0259t etmi\u015fik\u201d, &#8211; dey\u0259 Prezident \u0130lham \u018fliyev vur\u011fulay\u0131b.<\/p>\n","protected":false},"excerpt":{"rendered":"<p>\u201c\u0130kinci Qaraba\u011f sava\u015f\u0131 d\u00f6n\u0259mind\u0259 d\u0259 Erm\u0259nistan d\u00f6y\u00fc\u015f meydan\u0131nda ilk g\u00fcnd\u0259n m\u0259\u011flubiyy\u0259t\u0259 u\u011frama\u011fa ba\u015flam\u0131\u015fd\u0131. 44 g\u00fcn \u0259rzind\u0259 h\u0259r g\u00fcn biz ir\u0259li gedirdik, bir g\u00fcn bel\u0259 geri add\u0131m atmad\u0131q. H\u0259tta manevr etm\u0259k m\u0259qs\u0259dil\u0259 d\u0259 geri add\u0131m atmad\u0131q\u201d. AZ\u018fRTAC\u00a0x\u0259b\u0259r verir ki, bunu Prezident \u0130lham \u018fliyev \u201cCNN T\u00fcrk\u201d televiziya kanal\u0131na m\u00fcsahib\u0259sind\u0259 bildirib. D\u00f6vl\u0259timizin ba\u015f\u00e7\u0131s\u0131 qeyd edib ki, Erm\u0259nistan \u00f6z qa\u00e7\u0131lmaz m\u0259\u011flubiyy\u0259tini d\u0259rk ed\u0259r\u0259k bizi durdurmaq v\u0259 m\u00fclki \u0259haliy\u0259 b\u00f6y\u00fck z\u0259r\u0259r verm\u0259k \u00fc\u00e7\u00fcn \u015f\u0259h\u0259r v\u0259 k\u0259ndl\u0259rimizi ballistik raketl\u0259rl\u0259, artilleriya qur\u011fular\u0131 il\u0259 daim at\u0259\u015f\u0259 tuturdu. Bunun n\u0259tic\u0259sind\u0259 100-d\u0259n \u00e7ox m\u00fclki \u015f\u0259xs, o c\u00fcml\u0259d\u0259n qad\u0131nlar v\u0259 u\u015faqlar&hellip;<\/p>\n","protected":false},"author":2,"featured_media":366709,"comment_status":"closed","ping_status":"closed","sticky":false,"template":"","format":"standard","meta":{"om_disable_all_campaigns":false,"_monsterinsights_skip_tracking":false,"_monsterinsights_sitenote_active":false,"_monsterinsights_sitenote_note":"","_monsterinsights_sitenote_category":0},"categories":[4],"tags":[],"aioseo_notices":[],"gutentor_comment":0,"rttpg_featured_image_url":{"full":["https:\/\/arantv.az\/wp-content\/uploads\/2021\/08\/prezident-5.jpg",620,439,false],"landscape":["https:\/\/arantv.az\/wp-content\/uploads\/2021\/08\/prezident-5.jpg",620,439,false],"portraits":["https:\/\/arantv.az\/wp-content\/uploads\/2021\/08\/prezident-5.jpg",620,439,false],"thumbnail":["https:\/\/arantv.az\/wp-content\/uploads\/2021\/08\/prezident-5-500x280.jpg",500,280,true],"medium":["https:\/\/arantv.az\/wp-content\/uploads\/2021\/08\/prezident-5-515x365.jpg",515,365,true],"large":["https:\/\/arantv.az\/wp-content\/uploads\/2021\/08\/prezident-5.jpg",620,439,false],"1536x1536":["https:\/\/arantv.az\/wp-content\/uploads\/2021\/08\/prezident-5.jpg",620,439,false],"2048x2048":["https:\/\/arantv.az\/wp-content\/uploads\/2021\/08\/prezident-5.jpg",620,439,false],"post-thumbnail":["https:\/\/arantv.az\/wp-content\/uploads\/2021\/08\/prezident-5-240x172.jpg",240,172,true],"advps-thumb-one":["https:\/\/arantv.az\/wp-content\/uploads\/2021\/08\/prezident-5.jpg",620,439,false]},"rttpg_author":{"display_name":"V\u00fcsal Rafiqo\u011flu","author_link":"https:\/\/arantv.az\/?author=2"},"rttpg_comment":0,"rttpg_category":"<a href=\"https:\/\/arantv.az\/?cat=4\" rel=\"category\">Siyas\u0259t<\/a>","rttpg_excerpt":"\u201c\u0130kinci Qaraba\u011f sava\u015f\u0131 d\u00f6n\u0259mind\u0259 d\u0259 Erm\u0259nistan d\u00f6y\u00fc\u015f meydan\u0131nda ilk g\u00fcnd\u0259n m\u0259\u011flubiyy\u0259t\u0259 u\u011frama\u011fa ba\u015flam\u0131\u015fd\u0131. 44 g\u00fcn \u0259rzind\u0259 h\u0259r g\u00fcn biz ir\u0259li gedirdik, bir g\u00fcn bel\u0259 geri add\u0131m atmad\u0131q. H\u0259tta manevr etm\u0259k m\u0259qs\u0259dil\u0259 d\u0259 geri add\u0131m atmad\u0131q\u201d. AZ\u018fRTAC\u00a0x\u0259b\u0259r verir ki, bunu Prezident \u0130lham \u018fliyev \u201cCNN T\u00fcrk\u201d televiziya kanal\u0131na m\u00fcsahib\u0259sind\u0259 bildirib. D\u00f6vl\u0259timizin ba\u015f\u00e7\u0131s\u0131 qeyd edib ki, Erm\u0259nistan \u00f6z&hellip;","_links":{"self":[{"href":"https:\/\/arantv.az\/index.php?rest_route=\/wp\/v2\/posts\/366708"}],"collection":[{"href":"https:\/\/arantv.az\/index.php?rest_route=\/wp\/v2\/posts"}],"about":[{"href":"https:\/\/arantv.az\/index.php?rest_route=\/wp\/v2\/types\/post"}],"author":[{"embeddable":true,"href":"https:\/\/arantv.az\/index.php?rest_route=\/wp\/v2\/users\/2"}],"replies":[{"embeddable":true,"href":"https:\/\/arantv.az\/index.php?rest_route=%2Fwp%2Fv2%2Fcomments&post=366708"}],"version-history":[{"count":0,"href":"https:\/\/arantv.az\/index.php?rest_route=\/wp\/v2\/posts\/366708\/revisions"}],"wp:featuredmedia":[{"embeddable":true,"href":"https:\/\/arantv.az\/index.php?rest_route=\/wp\/v2\/media\/366709"}],"wp:attachment":[{"href":"https:\/\/arantv.az\/index.php?rest_route=%2Fwp%2Fv2%2Fmedia&parent=366708"}],"wp:term":[{"taxonomy":"category","embeddable":true,"href":"https:\/\/arantv.az\/index.php?rest_route=%2Fwp%2Fv2%2Fcategories&post=366708"},{"taxonomy":"post_tag","embeddable":true,"href":"https:\/\/arantv.az\/index.php?rest_route=%2Fwp%2Fv2%2Ftags&post=366708"}],"curies":[{"name":"wp","href":"https:\/\/api.w.org\/{rel}","templated":true}]}}