{"id":366712,"date":"2021-08-16T08:31:13","date_gmt":"2021-08-16T05:31:13","guid":{"rendered":"http:\/\/arantv.az\/?p=366712"},"modified":"2021-08-16T08:31:13","modified_gmt":"2021-08-16T05:31:13","slug":"ilham-%c9%99liyev-erm%c9%99nistan-biz%c9%99-mina-x%c9%99rit%c9%99l%c9%99ri-t%c9%99qdim-edib-onlarin-d%c9%99qiqliyi-25-faizdir-video","status":"publish","type":"post","link":"https:\/\/arantv.az\/?p=366712","title":{"rendered":"\u0130lham \u018fliyev: \u201cErm\u0259nistan biz\u0259 mina x\u0259rit\u0259l\u0259ri t\u0259qdim edib, onlar\u0131n d\u0259qiqliyi 25 faizdir\u201d &#8211; V\u0130DEO"},"content":{"rendered":"<p>Prezident \u0130lham \u018fliyev \u201cCNN T\u00fcrk\u201d\u0259 m\u00fcsahib\u0259sind\u0259 Erm\u0259nistan\u0131n i\u015f\u011faldan azad edil\u0259n \u0259razil\u0259rin mina x\u0259rit\u0259l\u0259rini verm\u0259kd\u0259n imtina etm\u0259sin\u0259 diqq\u0259t \u00e7\u0259kib.<\/p>\n<p><strong>ARANTV.AZ<\/strong>-\u0131n m\u0259lumat\u0131na \u0259sas\u0259n, \u0130lham \u018fliyev Erm\u0259nistan\u0131n Az\u0259rbaycana t\u0259qdim etdiyi mina x\u0259rit\u0259l\u0259rinin d\u0259qiqliyinin \u015f\u00fcbh\u0259 do\u011furdu\u011funu bildirib.<\/p>\n<p>\u201cErm\u0259nistan biz\u0259 mina x\u0259rit\u0259l\u0259ri t\u0259qdim edib, onlar\u0131n d\u0259qiqliyi 25 faizdir\u201d, &#8211; dey\u0259 \u0130lham \u018fliyev \u0259lav\u0259 edib.<\/p>\n<div id=\"AdviadNativeVideo0\" class=\"AdviadNativeVideo\"><\/div>\n<p>Qeyd ed\u0259k ki, Erm\u0259nistan A\u011fdam, F\u00fczuli v\u0259 Z\u0259ngilan\u0131n mina x\u0259rit\u0259l\u0259rini Az\u0259rbaycana verib.<\/p>\n<div><iframe loading=\"lazy\" title=\"YouTube video player\" src=\"https:\/\/www.youtube.com\/embed\/4lgy2ZZ-ZHM\" width=\"560\" height=\"315\" frameborder=\"0\" allowfullscreen=\"allowfullscreen\" data-mce-fragment=\"1\"><\/iframe><\/div>\n<p>&nbsp;<\/p>\n","protected":false},"excerpt":{"rendered":"<p>Prezident \u0130lham \u018fliyev \u201cCNN T\u00fcrk\u201d\u0259 m\u00fcsahib\u0259sind\u0259 Erm\u0259nistan\u0131n i\u015f\u011faldan azad edil\u0259n \u0259razil\u0259rin mina x\u0259rit\u0259l\u0259rini verm\u0259kd\u0259n imtina etm\u0259sin\u0259 diqq\u0259t \u00e7\u0259kib. ARANTV.AZ-\u0131n m\u0259lumat\u0131na \u0259sas\u0259n, \u0130lham \u018fliyev Erm\u0259nistan\u0131n Az\u0259rbaycana t\u0259qdim etdiyi mina x\u0259rit\u0259l\u0259rinin d\u0259qiqliyinin \u015f\u00fcbh\u0259 do\u011furdu\u011funu bildirib. \u201cErm\u0259nistan biz\u0259 mina x\u0259rit\u0259l\u0259ri t\u0259qdim edib, onlar\u0131n d\u0259qiqliyi 25 faizdir\u201d, &#8211; dey\u0259 \u0130lham \u018fliyev \u0259lav\u0259 edib. Qeyd ed\u0259k ki, Erm\u0259nistan A\u011fdam, F\u00fczuli v\u0259 Z\u0259ngilan\u0131n mina x\u0259rit\u0259l\u0259rini Az\u0259rbaycana verib. &nbsp;<\/p>\n","protected":false},"author":2,"featured_media":366713,"comment_status":"closed","ping_status":"closed","sticky":false,"template":"","format":"standard","meta":{"om_disable_all_campaigns":false,"_monsterinsights_skip_tracking":false,"_monsterinsights_sitenote_active":false,"_monsterinsights_sitenote_note":"","_monsterinsights_sitenote_category":0},"categories":[4],"tags":[],"aioseo_notices":[],"gutentor_comment":0,"rttpg_featured_image_url":{"full":["https:\/\/arantv.az\/wp-content\/uploads\/2021\/08\/161493926752543073_1000x669.jpg",620,418,false],"landscape":["https:\/\/arantv.az\/wp-content\/uploads\/2021\/08\/161493926752543073_1000x669.jpg",620,418,false],"portraits":["https:\/\/arantv.az\/wp-content\/uploads\/2021\/08\/161493926752543073_1000x669.jpg",620,418,false],"thumbnail":["https:\/\/arantv.az\/wp-content\/uploads\/2021\/08\/161493926752543073_1000x669-500x280.jpg",500,280,true],"medium":["https:\/\/arantv.az\/wp-content\/uploads\/2021\/08\/161493926752543073_1000x669-541x365.jpg",541,365,true],"large":["https:\/\/arantv.az\/wp-content\/uploads\/2021\/08\/161493926752543073_1000x669.jpg",620,418,false],"1536x1536":["https:\/\/arantv.az\/wp-content\/uploads\/2021\/08\/161493926752543073_1000x669.jpg",620,418,false],"2048x2048":["https:\/\/arantv.az\/wp-content\/uploads\/2021\/08\/161493926752543073_1000x669.jpg",620,418,false],"post-thumbnail":["https:\/\/arantv.az\/wp-content\/uploads\/2021\/08\/161493926752543073_1000x669-240x172.jpg",240,172,true],"advps-thumb-one":["https:\/\/arantv.az\/wp-content\/uploads\/2021\/08\/161493926752543073_1000x669.jpg",620,418,false]},"rttpg_author":{"display_name":"V\u00fcsal Rafiqo\u011flu","author_link":"https:\/\/arantv.az\/?author=2"},"rttpg_comment":0,"rttpg_category":"<a href=\"https:\/\/arantv.az\/?cat=4\" rel=\"category\">Siyas\u0259t<\/a>","rttpg_excerpt":"Prezident \u0130lham \u018fliyev \u201cCNN T\u00fcrk\u201d\u0259 m\u00fcsahib\u0259sind\u0259 Erm\u0259nistan\u0131n i\u015f\u011faldan azad edil\u0259n \u0259razil\u0259rin mina x\u0259rit\u0259l\u0259rini verm\u0259kd\u0259n imtina etm\u0259sin\u0259 diqq\u0259t \u00e7\u0259kib. ARANTV.AZ-\u0131n m\u0259lumat\u0131na \u0259sas\u0259n, \u0130lham \u018fliyev Erm\u0259nistan\u0131n Az\u0259rbaycana t\u0259qdim etdiyi mina x\u0259rit\u0259l\u0259rinin d\u0259qiqliyinin \u015f\u00fcbh\u0259 do\u011furdu\u011funu bildirib. \u201cErm\u0259nistan biz\u0259 mina x\u0259rit\u0259l\u0259ri t\u0259qdim edib, onlar\u0131n d\u0259qiqliyi 25 faizdir\u201d, &#8211; dey\u0259 \u0130lham \u018fliyev \u0259lav\u0259 edib. Qeyd ed\u0259k ki, Erm\u0259nistan A\u011fdam, F\u00fczuli&hellip;","_links":{"self":[{"href":"https:\/\/arantv.az\/index.php?rest_route=\/wp\/v2\/posts\/366712"}],"collection":[{"href":"https:\/\/arantv.az\/index.php?rest_route=\/wp\/v2\/posts"}],"about":[{"href":"https:\/\/arantv.az\/index.php?rest_route=\/wp\/v2\/types\/post"}],"author":[{"embeddable":true,"href":"https:\/\/arantv.az\/index.php?rest_route=\/wp\/v2\/users\/2"}],"replies":[{"embeddable":true,"href":"https:\/\/arantv.az\/index.php?rest_route=%2Fwp%2Fv2%2Fcomments&post=366712"}],"version-history":[{"count":0,"href":"https:\/\/arantv.az\/index.php?rest_route=\/wp\/v2\/posts\/366712\/revisions"}],"wp:featuredmedia":[{"embeddable":true,"href":"https:\/\/arantv.az\/index.php?rest_route=\/wp\/v2\/media\/366713"}],"wp:attachment":[{"href":"https:\/\/arantv.az\/index.php?rest_route=%2Fwp%2Fv2%2Fmedia&parent=366712"}],"wp:term":[{"taxonomy":"category","embeddable":true,"href":"https:\/\/arantv.az\/index.php?rest_route=%2Fwp%2Fv2%2Fcategories&post=366712"},{"taxonomy":"post_tag","embeddable":true,"href":"https:\/\/arantv.az\/index.php?rest_route=%2Fwp%2Fv2%2Ftags&post=366712"}],"curies":[{"name":"wp","href":"https:\/\/api.w.org\/{rel}","templated":true}]}}