{"id":366715,"date":"2021-08-16T08:31:43","date_gmt":"2021-08-16T05:31:43","guid":{"rendered":"http:\/\/arantv.az\/?p=366715"},"modified":"2021-08-16T08:31:43","modified_gmt":"2021-08-16T05:31:43","slug":"ilham-%c9%99liyev-erm%c9%99nistan-az%c9%99rbaycan-xalqinin-irad%c9%99sini-qira-bilm%c9%99di","status":"publish","type":"post","link":"https:\/\/arantv.az\/?p=366715","title":{"rendered":"\u0130lham \u018fliyev: \u201cErm\u0259nistan Az\u0259rbaycan xalq\u0131n\u0131n irad\u0259sini q\u0131ra bilm\u0259di\u201d"},"content":{"rendered":"<p>\u201c30 il m\u00fcdd\u0259tind\u0259 torpaqlar\u0131m\u0131z i\u015f\u011fal alt\u0131nda idi, bu, b\u00f6y\u00fck \u0259dal\u0259tsizlik idi. T\u0259\u0259ss\u00fcfl\u0259r olsun ki, Minsk qrupu v\u0259zif\u0259sini yerin\u0259 yetirm\u0259di\u201d.<\/p>\n<p><strong>ARANTV.AZ<\/strong>-\u0131n m\u0259lumat\u0131na \u0259sas\u0259n, bunu \u201cCNN T\u00fcrk\u201d\u0259 m\u00fcsahib\u0259sind\u0259 Prezident \u0130lham \u018fliyev deyib.<\/p>\n<p>O bildirib ki, Erm\u0259nistan 2020-ci ilin iyul ay\u0131nda Az\u0259rbaycan m\u00f6vqel\u0259rini artilleriyadan at\u0259\u015f\u0259 tutub, avqust ay\u0131nda is\u0259 diversiya qrupu vasit\u0259sil\u0259 m\u00f6vqel\u0259rimiz\u0259 h\u00fccuma c\u0259hd edibl\u0259r.<\/p>\n<div id=\"AdviadNativeVideo0\" class=\"AdviadNativeVideo\"><\/div>\n<p>\u0130lham \u018fliyev qeyd edib ki, Az\u0259rbaycan \u0130kinci Qaraba\u011f m\u00fcharib\u0259sind\u0259 h\u0259r g\u00fcn q\u0259l\u0259b\u0259 qazan\u0131rd\u0131.<\/p>\n<p>\u201cBiz 44 g\u00fcn \u0259rzind\u0259 h\u0259r g\u00fcn ir\u0259lil\u0259yirdik. Erm\u0259nistan is\u0259 Az\u0259rbaycan\u0131n \u015f\u0259h\u0259rl\u0259rini, m\u00fclki insanlar\u0131n\u0131 at\u0259\u015f\u0259 tuturdu. T\u0259rt\u0259r, Goranboy, G\u0259nc\u0259, B\u0259rd\u0259 at\u0259\u015f\u0259 tutulurdu. Lakin onlar Az\u0259rbaycan xalq\u0131n\u0131n irad\u0259sini q\u0131ra bilm\u0259di\u201d, &#8211; dey\u0259 \u0130lham \u018fliyev \u0259lav\u0259 edib.<\/p>\n<p>Prezident qeyd edib ki, Erm\u0259nistan m\u00fcharib\u0259d\u0259 30 m\u00fclki \u015f\u0259xs itirib.<\/p>\n<p>\u201cAz\u0259rbaycan Erm\u0259nistan\u0131n m\u00fclki insanlar\u0131n\u0131 at\u0259\u015f\u0259 tutmurdu. M\u00fcharib\u0259d\u0259 \u00f6l\u0259n erm\u0259ni m\u00fclki \u015f\u0259xsl\u0259r m\u00fcharib\u0259 zonas\u0131nda olanlar, d\u00f6y\u00fc\u015fl\u0259rd\u0259 i\u015ftirak ed\u0259nl\u0259r idi\u201d, &#8211; dey\u0259 \u0130lham \u018fliyev \u0259lav\u0259 edib.<\/p>\n","protected":false},"excerpt":{"rendered":"<p>\u201c30 il m\u00fcdd\u0259tind\u0259 torpaqlar\u0131m\u0131z i\u015f\u011fal alt\u0131nda idi, bu, b\u00f6y\u00fck \u0259dal\u0259tsizlik idi. T\u0259\u0259ss\u00fcfl\u0259r olsun ki, Minsk qrupu v\u0259zif\u0259sini yerin\u0259 yetirm\u0259di\u201d. ARANTV.AZ-\u0131n m\u0259lumat\u0131na \u0259sas\u0259n, bunu \u201cCNN T\u00fcrk\u201d\u0259 m\u00fcsahib\u0259sind\u0259 Prezident \u0130lham \u018fliyev deyib. O bildirib ki, Erm\u0259nistan 2020-ci ilin iyul ay\u0131nda Az\u0259rbaycan m\u00f6vqel\u0259rini artilleriyadan at\u0259\u015f\u0259 tutub, avqust ay\u0131nda is\u0259 diversiya qrupu vasit\u0259sil\u0259 m\u00f6vqel\u0259rimiz\u0259 h\u00fccuma c\u0259hd edibl\u0259r. \u0130lham \u018fliyev qeyd edib ki, Az\u0259rbaycan \u0130kinci Qaraba\u011f m\u00fcharib\u0259sind\u0259 h\u0259r g\u00fcn q\u0259l\u0259b\u0259 qazan\u0131rd\u0131. \u201cBiz 44 g\u00fcn \u0259rzind\u0259 h\u0259r g\u00fcn ir\u0259lil\u0259yirdik. Erm\u0259nistan is\u0259 Az\u0259rbaycan\u0131n \u015f\u0259h\u0259rl\u0259rini, m\u00fclki insanlar\u0131n\u0131 at\u0259\u015f\u0259 tuturdu. T\u0259rt\u0259r, Goranboy, G\u0259nc\u0259, B\u0259rd\u0259 at\u0259\u015f\u0259 tutulurdu. Lakin onlar Az\u0259rbaycan&hellip;<\/p>\n","protected":false},"author":2,"featured_media":366716,"comment_status":"closed","ping_status":"closed","sticky":false,"template":"","format":"standard","meta":{"om_disable_all_campaigns":false,"_monsterinsights_skip_tracking":false,"_monsterinsights_sitenote_active":false,"_monsterinsights_sitenote_note":"","_monsterinsights_sitenote_category":0},"categories":[8],"tags":[],"aioseo_notices":[],"gutentor_comment":0,"rttpg_featured_image_url":{"full":["https:\/\/arantv.az\/wp-content\/uploads\/2021\/08\/155129491_10164622835490315_3143305307096763887_o.jpg",620,465,false],"landscape":["https:\/\/arantv.az\/wp-content\/uploads\/2021\/08\/155129491_10164622835490315_3143305307096763887_o.jpg",620,465,false],"portraits":["https:\/\/arantv.az\/wp-content\/uploads\/2021\/08\/155129491_10164622835490315_3143305307096763887_o.jpg",620,465,false],"thumbnail":["https:\/\/arantv.az\/wp-content\/uploads\/2021\/08\/155129491_10164622835490315_3143305307096763887_o-500x280.jpg",500,280,true],"medium":["https:\/\/arantv.az\/wp-content\/uploads\/2021\/08\/155129491_10164622835490315_3143305307096763887_o-487x365.jpg",487,365,true],"large":["https:\/\/arantv.az\/wp-content\/uploads\/2021\/08\/155129491_10164622835490315_3143305307096763887_o.jpg",620,465,false],"1536x1536":["https:\/\/arantv.az\/wp-content\/uploads\/2021\/08\/155129491_10164622835490315_3143305307096763887_o.jpg",620,465,false],"2048x2048":["https:\/\/arantv.az\/wp-content\/uploads\/2021\/08\/155129491_10164622835490315_3143305307096763887_o.jpg",620,465,false],"post-thumbnail":["https:\/\/arantv.az\/wp-content\/uploads\/2021\/08\/155129491_10164622835490315_3143305307096763887_o-240x172.jpg",240,172,true],"advps-thumb-one":["https:\/\/arantv.az\/wp-content\/uploads\/2021\/08\/155129491_10164622835490315_3143305307096763887_o.jpg",620,465,false]},"rttpg_author":{"display_name":"V\u00fcsal Rafiqo\u011flu","author_link":"https:\/\/arantv.az\/?author=2"},"rttpg_comment":0,"rttpg_category":"<a href=\"https:\/\/arantv.az\/?cat=8\" rel=\"category\">\u018fsas s\u0259hif\u0259<\/a>","rttpg_excerpt":"\u201c30 il m\u00fcdd\u0259tind\u0259 torpaqlar\u0131m\u0131z i\u015f\u011fal alt\u0131nda idi, bu, b\u00f6y\u00fck \u0259dal\u0259tsizlik idi. T\u0259\u0259ss\u00fcfl\u0259r olsun ki, Minsk qrupu v\u0259zif\u0259sini yerin\u0259 yetirm\u0259di\u201d. ARANTV.AZ-\u0131n m\u0259lumat\u0131na \u0259sas\u0259n, bunu \u201cCNN T\u00fcrk\u201d\u0259 m\u00fcsahib\u0259sind\u0259 Prezident \u0130lham \u018fliyev deyib. O bildirib ki, Erm\u0259nistan 2020-ci ilin iyul ay\u0131nda Az\u0259rbaycan m\u00f6vqel\u0259rini artilleriyadan at\u0259\u015f\u0259 tutub, avqust ay\u0131nda is\u0259 diversiya qrupu vasit\u0259sil\u0259 m\u00f6vqel\u0259rimiz\u0259 h\u00fccuma c\u0259hd edibl\u0259r. \u0130lham \u018fliyev&hellip;","_links":{"self":[{"href":"https:\/\/arantv.az\/index.php?rest_route=\/wp\/v2\/posts\/366715"}],"collection":[{"href":"https:\/\/arantv.az\/index.php?rest_route=\/wp\/v2\/posts"}],"about":[{"href":"https:\/\/arantv.az\/index.php?rest_route=\/wp\/v2\/types\/post"}],"author":[{"embeddable":true,"href":"https:\/\/arantv.az\/index.php?rest_route=\/wp\/v2\/users\/2"}],"replies":[{"embeddable":true,"href":"https:\/\/arantv.az\/index.php?rest_route=%2Fwp%2Fv2%2Fcomments&post=366715"}],"version-history":[{"count":0,"href":"https:\/\/arantv.az\/index.php?rest_route=\/wp\/v2\/posts\/366715\/revisions"}],"wp:featuredmedia":[{"embeddable":true,"href":"https:\/\/arantv.az\/index.php?rest_route=\/wp\/v2\/media\/366716"}],"wp:attachment":[{"href":"https:\/\/arantv.az\/index.php?rest_route=%2Fwp%2Fv2%2Fmedia&parent=366715"}],"wp:term":[{"taxonomy":"category","embeddable":true,"href":"https:\/\/arantv.az\/index.php?rest_route=%2Fwp%2Fv2%2Fcategories&post=366715"},{"taxonomy":"post_tag","embeddable":true,"href":"https:\/\/arantv.az\/index.php?rest_route=%2Fwp%2Fv2%2Ftags&post=366715"}],"curies":[{"name":"wp","href":"https:\/\/api.w.org\/{rel}","templated":true}]}}