{"id":366724,"date":"2021-08-16T08:33:45","date_gmt":"2021-08-16T05:33:45","guid":{"rendered":"http:\/\/arantv.az\/?p=366724"},"modified":"2021-08-16T08:33:45","modified_gmt":"2021-08-16T05:33:45","slug":"ilham-%c9%99liyev-cnn-turk%c9%99-musahib%c9%99-verib-yayim-2100-da-baslanacaq-anonsvideo","status":"publish","type":"post","link":"https:\/\/arantv.az\/?p=366724","title":{"rendered":"\u0130lham \u018fliyev \u201cCNN T\u00fcrk\u201d\u0259 m\u00fcsahib\u0259 verib: Yay\u0131m 21:00-da ba\u015flanacaq &#8211; ANONS+V\u0130DEO"},"content":{"rendered":"<p>Bu g\u00fcn Bak\u0131 vaxt\u0131 il\u0259 saat 21:00-da \u201cCNN T\u00fcrk\u201d telekanal\u0131nda Prezident \u0130lham \u018fliyevin ekskl\u00fcziv m\u00fcsahib\u0259si yay\u0131mlanacaq.<\/p>\n<p>\u018fld\u0259 etdiyimiz m\u0259lumata g\u00f6r\u0259, t\u00fcrkiy\u0259li jurnalistl\u0259rl\u0259 geni\u015f s\u00f6hb\u0259tind\u0259 d\u00f6vl\u0259t ba\u015f\u00e7\u0131s\u0131 bir s\u0131ra aktual m\u0259s\u0259l\u0259l\u0259r\u0259 m\u00fcnasib\u0259t bildirib.<\/p>\n<div id=\"AdviadNativeVideo0\" class=\"AdviadNativeVideo\"><\/div>\n<p>Prezident \u0130lham \u018fliyev Az\u0259rbaycanla Erm\u0259nistan aras\u0131ndak\u0131 d\u00f6vl\u0259tl\u0259raras\u0131 s\u0259rh\u0259dd\u0259ki v\u0259ziyy\u0259t, Erm\u0259nistan silahl\u0131 q\u00fcvv\u0259l\u0259rinin La\u00e7\u0131n d\u0259hlizi vasit\u0259sil\u0259 Qaraba\u011fa g\u00f6nd\u0259rilm\u0259si, Rusiya Federasiyas\u0131n\u0131n s\u00fclhm\u0259raml\u0131 q\u00fcvv\u0259l\u0259rinin g\u0259l\u0259c\u0259k f\u0259aliyy\u0259tind\u0259ki\u00a0g\u00f6zl\u0259ntil\u0259r, h\u0259m\u00e7inin Erm\u0259nistan ordusuna silah t\u0259dar\u00fck\u00fc m\u00f6vzular\u0131ndan b\u0259hs edib.<\/p>\n<div><iframe loading=\"lazy\" id=\"telegram-post-caliber_az_official-2688\" src=\"https:\/\/t.me\/caliber_az_official\/2688?embed=1\" width=\"100%\" height=\"\" frameborder=\"0\" scrolling=\"no\" data-mce-fragment=\"1\"><\/iframe><\/div>\n<p>&nbsp;<\/p>\n<div><iframe loading=\"lazy\" id=\"telegram-post-caliber_az_official-2689\" src=\"https:\/\/t.me\/caliber_az_official\/2689?embed=1\" width=\"100%\" height=\"\" frameborder=\"0\" scrolling=\"no\" data-mce-fragment=\"1\"><\/iframe><\/div>\n<p>&nbsp;<\/p>\n","protected":false},"excerpt":{"rendered":"<p>Bu g\u00fcn Bak\u0131 vaxt\u0131 il\u0259 saat 21:00-da \u201cCNN T\u00fcrk\u201d telekanal\u0131nda Prezident \u0130lham \u018fliyevin ekskl\u00fcziv m\u00fcsahib\u0259si yay\u0131mlanacaq. \u018fld\u0259 etdiyimiz m\u0259lumata g\u00f6r\u0259, t\u00fcrkiy\u0259li jurnalistl\u0259rl\u0259 geni\u015f s\u00f6hb\u0259tind\u0259 d\u00f6vl\u0259t ba\u015f\u00e7\u0131s\u0131 bir s\u0131ra aktual m\u0259s\u0259l\u0259l\u0259r\u0259 m\u00fcnasib\u0259t bildirib. Prezident \u0130lham \u018fliyev Az\u0259rbaycanla Erm\u0259nistan aras\u0131ndak\u0131 d\u00f6vl\u0259tl\u0259raras\u0131 s\u0259rh\u0259dd\u0259ki v\u0259ziyy\u0259t, Erm\u0259nistan silahl\u0131 q\u00fcvv\u0259l\u0259rinin La\u00e7\u0131n d\u0259hlizi vasit\u0259sil\u0259 Qaraba\u011fa g\u00f6nd\u0259rilm\u0259si, Rusiya Federasiyas\u0131n\u0131n s\u00fclhm\u0259raml\u0131 q\u00fcvv\u0259l\u0259rinin g\u0259l\u0259c\u0259k f\u0259aliyy\u0259tind\u0259ki\u00a0g\u00f6zl\u0259ntil\u0259r, h\u0259m\u00e7inin Erm\u0259nistan ordusuna silah t\u0259dar\u00fck\u00fc m\u00f6vzular\u0131ndan b\u0259hs edib. &nbsp; &nbsp;<\/p>\n","protected":false},"author":2,"featured_media":366725,"comment_status":"closed","ping_status":"closed","sticky":false,"template":"","format":"standard","meta":{"om_disable_all_campaigns":false,"_monsterinsights_skip_tracking":false,"_monsterinsights_sitenote_active":false,"_monsterinsights_sitenote_note":"","_monsterinsights_sitenote_category":0},"categories":[4],"tags":[],"aioseo_notices":[],"gutentor_comment":0,"rttpg_featured_image_url":{"full":["https:\/\/arantv.az\/wp-content\/uploads\/2021\/08\/5f44a63353c24-t0shxN7_yPUZws0-1.jpg",620,458,false],"landscape":["https:\/\/arantv.az\/wp-content\/uploads\/2021\/08\/5f44a63353c24-t0shxN7_yPUZws0-1.jpg",620,458,false],"portraits":["https:\/\/arantv.az\/wp-content\/uploads\/2021\/08\/5f44a63353c24-t0shxN7_yPUZws0-1.jpg",620,458,false],"thumbnail":["https:\/\/arantv.az\/wp-content\/uploads\/2021\/08\/5f44a63353c24-t0shxN7_yPUZws0-1-500x280.jpg",500,280,true],"medium":["https:\/\/arantv.az\/wp-content\/uploads\/2021\/08\/5f44a63353c24-t0shxN7_yPUZws0-1-494x365.jpg",494,365,true],"large":["https:\/\/arantv.az\/wp-content\/uploads\/2021\/08\/5f44a63353c24-t0shxN7_yPUZws0-1.jpg",620,458,false],"1536x1536":["https:\/\/arantv.az\/wp-content\/uploads\/2021\/08\/5f44a63353c24-t0shxN7_yPUZws0-1.jpg",620,458,false],"2048x2048":["https:\/\/arantv.az\/wp-content\/uploads\/2021\/08\/5f44a63353c24-t0shxN7_yPUZws0-1.jpg",620,458,false],"post-thumbnail":["https:\/\/arantv.az\/wp-content\/uploads\/2021\/08\/5f44a63353c24-t0shxN7_yPUZws0-1-240x172.jpg",240,172,true],"advps-thumb-one":["https:\/\/arantv.az\/wp-content\/uploads\/2021\/08\/5f44a63353c24-t0shxN7_yPUZws0-1.jpg",620,458,false]},"rttpg_author":{"display_name":"V\u00fcsal Rafiqo\u011flu","author_link":"https:\/\/arantv.az\/?author=2"},"rttpg_comment":0,"rttpg_category":"<a href=\"https:\/\/arantv.az\/?cat=4\" rel=\"category\">Siyas\u0259t<\/a>","rttpg_excerpt":"Bu g\u00fcn Bak\u0131 vaxt\u0131 il\u0259 saat 21:00-da \u201cCNN T\u00fcrk\u201d telekanal\u0131nda Prezident \u0130lham \u018fliyevin ekskl\u00fcziv m\u00fcsahib\u0259si yay\u0131mlanacaq. \u018fld\u0259 etdiyimiz m\u0259lumata g\u00f6r\u0259, t\u00fcrkiy\u0259li jurnalistl\u0259rl\u0259 geni\u015f s\u00f6hb\u0259tind\u0259 d\u00f6vl\u0259t ba\u015f\u00e7\u0131s\u0131 bir s\u0131ra aktual m\u0259s\u0259l\u0259l\u0259r\u0259 m\u00fcnasib\u0259t bildirib. Prezident \u0130lham \u018fliyev Az\u0259rbaycanla Erm\u0259nistan aras\u0131ndak\u0131 d\u00f6vl\u0259tl\u0259raras\u0131 s\u0259rh\u0259dd\u0259ki v\u0259ziyy\u0259t, Erm\u0259nistan silahl\u0131 q\u00fcvv\u0259l\u0259rinin La\u00e7\u0131n d\u0259hlizi vasit\u0259sil\u0259 Qaraba\u011fa g\u00f6nd\u0259rilm\u0259si, Rusiya Federasiyas\u0131n\u0131n s\u00fclhm\u0259raml\u0131 q\u00fcvv\u0259l\u0259rinin g\u0259l\u0259c\u0259k f\u0259aliyy\u0259tind\u0259ki\u00a0g\u00f6zl\u0259ntil\u0259r,&hellip;","_links":{"self":[{"href":"https:\/\/arantv.az\/index.php?rest_route=\/wp\/v2\/posts\/366724"}],"collection":[{"href":"https:\/\/arantv.az\/index.php?rest_route=\/wp\/v2\/posts"}],"about":[{"href":"https:\/\/arantv.az\/index.php?rest_route=\/wp\/v2\/types\/post"}],"author":[{"embeddable":true,"href":"https:\/\/arantv.az\/index.php?rest_route=\/wp\/v2\/users\/2"}],"replies":[{"embeddable":true,"href":"https:\/\/arantv.az\/index.php?rest_route=%2Fwp%2Fv2%2Fcomments&post=366724"}],"version-history":[{"count":0,"href":"https:\/\/arantv.az\/index.php?rest_route=\/wp\/v2\/posts\/366724\/revisions"}],"wp:featuredmedia":[{"embeddable":true,"href":"https:\/\/arantv.az\/index.php?rest_route=\/wp\/v2\/media\/366725"}],"wp:attachment":[{"href":"https:\/\/arantv.az\/index.php?rest_route=%2Fwp%2Fv2%2Fmedia&parent=366724"}],"wp:term":[{"taxonomy":"category","embeddable":true,"href":"https:\/\/arantv.az\/index.php?rest_route=%2Fwp%2Fv2%2Fcategories&post=366724"},{"taxonomy":"post_tag","embeddable":true,"href":"https:\/\/arantv.az\/index.php?rest_route=%2Fwp%2Fv2%2Ftags&post=366724"}],"curies":[{"name":"wp","href":"https:\/\/api.w.org\/{rel}","templated":true}]}}