{"id":36736,"date":"2019-02-04T10:57:19","date_gmt":"2019-02-04T07:57:19","guid":{"rendered":"http:\/\/arantv.az\/?p=36736"},"modified":"2019-02-04T10:57:19","modified_gmt":"2019-02-04T07:57:19","slug":"bakida-q%c9%99biristanliqda-kisi-meyiti-tapildi","status":"publish","type":"post","link":"https:\/\/arantv.az\/?p=36736","title":{"rendered":"Bak\u0131da q\u0259biristanl\u0131qda ki\u015fi meyiti tap\u0131ld\u0131"},"content":{"rendered":"<p>Bak\u0131da q\u0259biristanl\u0131qda ki\u015fi meyiti tap\u0131l\u0131b.<\/p>\n<div id=\"AdributorNativeVideo0\" class=\"AdributorNativeVideo\"><\/div>\n<p><b>ARANTV.AZ<\/b> x\u0259b\u0259r verir ki, Qarada\u011f rayon Prokurorlu\u011fundan Unikal.org-a veril\u0259n m\u0259lumata g\u00f6r\u0259, fevral\u0131n 3-d\u0259 Bak\u0131n\u0131n Qarada\u011f rayonu, L\u00f6kbatan q\u0259s\u0259b\u0259sind\u0259 yerl\u0259\u015f\u0259n q\u0259biristanl\u0131\u011fn yax\u0131nl\u0131\u011f\u0131nda nam\u0259lum ki\u015fi meyitin\u0131n a\u015fkar olunmas\u0131 il\u0259 ba\u011fl\u0131 prokurorlu\u011fa m\u0259lumat daxil olub.<br \/>\n<ins><\/ins><\/p>\n<div id=\"beacon_928685de37\"><img loading=\"lazy\" src=\"https:\/\/ads2.newmedia.az\/www\/delivery\/lg.php?bannerid=0&amp;campaignid=0&amp;zoneid=975&amp;loc=https%3A%2F%2Fbig.az%2F343237-bakida_qebiristanliqda_kisi_meyiti_tapildi.html&amp;referer=https%3A%2F%2Fbig.az%2F&amp;cb=928685de37\" alt=\"\" width=\"0\" height=\"0\" \/><\/div>\n<p>Daxil olan m\u0259lumat \u0259sas\u0131nda polis v\u0259 prokurorluq \u0259m\u0259kda\u015flar\u0131n\u0131n i\u015ftirak\u0131 il\u0259 hadis\u0259 yerin\u0259 v\u0259 meyit\u0259 bax\u0131\u015f ke\u00e7irilib. Meyitin xarici m\u00fcayin\u0259si zaman\u0131 onun \u00fcz\u0259rind\u0259 h\u0259r hans\u0131 zorak\u0131l\u0131q \u0259lam\u0259tl\u0259ri a\u015fkar edilm\u0259yib. Polis v\u0259 prokurorluq \u0259m\u0259kda\u015flar\u0131n\u0131n birg\u0259 h\u0259yata ke\u00e7irdikl\u0259ri t\u0259xir\u0259sal\u0131nmaz t\u0259dbirl\u0259r n\u0259tic\u0259sind\u0259 meyiti tap\u0131lan \u015f\u0259xsin, 1972-ci il t\u0259v\u0259ll\u00fcdl\u00fc M\u0259mm\u0259dov Rasim Oruc o\u011flu olmas\u0131 m\u00fc\u0259yy\u0259n edilib.<\/p>\n<p>Faktla ba\u011fl\u0131 Qarada\u011f rayon Prokurorlu\u011fu t\u0259r\u0259find\u0259n ara\u015fd\u0131rma apar\u0131l\u0131r.<\/p>\n<p>&nbsp;<\/p>\n","protected":false},"excerpt":{"rendered":"<p>Bak\u0131da q\u0259biristanl\u0131qda ki\u015fi meyiti tap\u0131l\u0131b. ARANTV.AZ x\u0259b\u0259r verir ki, Qarada\u011f rayon Prokurorlu\u011fundan Unikal.org-a veril\u0259n m\u0259lumata g\u00f6r\u0259, fevral\u0131n 3-d\u0259 Bak\u0131n\u0131n Qarada\u011f rayonu, L\u00f6kbatan q\u0259s\u0259b\u0259sind\u0259 yerl\u0259\u015f\u0259n q\u0259biristanl\u0131\u011fn yax\u0131nl\u0131\u011f\u0131nda nam\u0259lum ki\u015fi meyitin\u0131n a\u015fkar olunmas\u0131 il\u0259 ba\u011fl\u0131 prokurorlu\u011fa m\u0259lumat daxil olub. Daxil olan m\u0259lumat \u0259sas\u0131nda polis v\u0259 prokurorluq \u0259m\u0259kda\u015flar\u0131n\u0131n i\u015ftirak\u0131 il\u0259 hadis\u0259 yerin\u0259 v\u0259 meyit\u0259 bax\u0131\u015f ke\u00e7irilib. Meyitin xarici m\u00fcayin\u0259si zaman\u0131 onun \u00fcz\u0259rind\u0259 h\u0259r hans\u0131 zorak\u0131l\u0131q \u0259lam\u0259tl\u0259ri a\u015fkar edilm\u0259yib. Polis v\u0259 prokurorluq \u0259m\u0259kda\u015flar\u0131n\u0131n birg\u0259 h\u0259yata ke\u00e7irdikl\u0259ri t\u0259xir\u0259sal\u0131nmaz t\u0259dbirl\u0259r n\u0259tic\u0259sind\u0259 meyiti tap\u0131lan \u015f\u0259xsin, 1972-ci il t\u0259v\u0259ll\u00fcdl\u00fc M\u0259mm\u0259dov Rasim Oruc o\u011flu olmas\u0131 m\u00fc\u0259yy\u0259n edilib. Faktla ba\u011fl\u0131&hellip;<\/p>\n","protected":false},"author":2,"featured_media":36737,"comment_status":"closed","ping_status":"closed","sticky":false,"template":"","format":"standard","meta":{"om_disable_all_campaigns":false,"_monsterinsights_skip_tracking":false,"_monsterinsights_sitenote_active":false,"_monsterinsights_sitenote_note":"","_monsterinsights_sitenote_category":0},"categories":[5],"tags":[],"aioseo_notices":[],"gutentor_comment":0,"rttpg_featured_image_url":{"full":["https:\/\/arantv.az\/wp-content\/uploads\/2019\/02\/2_41549266491.jpg",600,400,false],"landscape":["https:\/\/arantv.az\/wp-content\/uploads\/2019\/02\/2_41549266491.jpg",600,400,false],"portraits":["https:\/\/arantv.az\/wp-content\/uploads\/2019\/02\/2_41549266491.jpg",600,400,false],"thumbnail":["https:\/\/arantv.az\/wp-content\/uploads\/2019\/02\/2_41549266491-150x150.jpg",150,150,true],"medium":["https:\/\/arantv.az\/wp-content\/uploads\/2019\/02\/2_41549266491-300x200.jpg",300,200,true],"large":["https:\/\/arantv.az\/wp-content\/uploads\/2019\/02\/2_41549266491.jpg",600,400,false],"1536x1536":["https:\/\/arantv.az\/wp-content\/uploads\/2019\/02\/2_41549266491.jpg",600,400,false],"2048x2048":["https:\/\/arantv.az\/wp-content\/uploads\/2019\/02\/2_41549266491.jpg",600,400,false],"post-thumbnail":["https:\/\/arantv.az\/wp-content\/uploads\/2019\/02\/2_41549266491-240x172.jpg",240,172,true],"advps-thumb-one":["https:\/\/arantv.az\/wp-content\/uploads\/2019\/02\/2_41549266491.jpg",600,400,false]},"rttpg_author":{"display_name":"V\u00fcsal Rafiqo\u011flu","author_link":"https:\/\/arantv.az\/?author=2"},"rttpg_comment":0,"rttpg_category":"<a href=\"https:\/\/arantv.az\/?cat=5\" rel=\"category\">Hadis\u0259<\/a>","rttpg_excerpt":"Bak\u0131da q\u0259biristanl\u0131qda ki\u015fi meyiti tap\u0131l\u0131b. ARANTV.AZ x\u0259b\u0259r verir ki, Qarada\u011f rayon Prokurorlu\u011fundan Unikal.org-a veril\u0259n m\u0259lumata g\u00f6r\u0259, fevral\u0131n 3-d\u0259 Bak\u0131n\u0131n Qarada\u011f rayonu, L\u00f6kbatan q\u0259s\u0259b\u0259sind\u0259 yerl\u0259\u015f\u0259n q\u0259biristanl\u0131\u011fn yax\u0131nl\u0131\u011f\u0131nda nam\u0259lum ki\u015fi meyitin\u0131n a\u015fkar olunmas\u0131 il\u0259 ba\u011fl\u0131 prokurorlu\u011fa m\u0259lumat daxil olub. Daxil olan m\u0259lumat \u0259sas\u0131nda polis v\u0259 prokurorluq \u0259m\u0259kda\u015flar\u0131n\u0131n i\u015ftirak\u0131 il\u0259 hadis\u0259 yerin\u0259 v\u0259 meyit\u0259 bax\u0131\u015f ke\u00e7irilib. Meyitin xarici&hellip;","_links":{"self":[{"href":"https:\/\/arantv.az\/index.php?rest_route=\/wp\/v2\/posts\/36736"}],"collection":[{"href":"https:\/\/arantv.az\/index.php?rest_route=\/wp\/v2\/posts"}],"about":[{"href":"https:\/\/arantv.az\/index.php?rest_route=\/wp\/v2\/types\/post"}],"author":[{"embeddable":true,"href":"https:\/\/arantv.az\/index.php?rest_route=\/wp\/v2\/users\/2"}],"replies":[{"embeddable":true,"href":"https:\/\/arantv.az\/index.php?rest_route=%2Fwp%2Fv2%2Fcomments&post=36736"}],"version-history":[{"count":0,"href":"https:\/\/arantv.az\/index.php?rest_route=\/wp\/v2\/posts\/36736\/revisions"}],"wp:featuredmedia":[{"embeddable":true,"href":"https:\/\/arantv.az\/index.php?rest_route=\/wp\/v2\/media\/36737"}],"wp:attachment":[{"href":"https:\/\/arantv.az\/index.php?rest_route=%2Fwp%2Fv2%2Fmedia&parent=36736"}],"wp:term":[{"taxonomy":"category","embeddable":true,"href":"https:\/\/arantv.az\/index.php?rest_route=%2Fwp%2Fv2%2Fcategories&post=36736"},{"taxonomy":"post_tag","embeddable":true,"href":"https:\/\/arantv.az\/index.php?rest_route=%2Fwp%2Fv2%2Ftags&post=36736"}],"curies":[{"name":"wp","href":"https:\/\/api.w.org\/{rel}","templated":true}]}}