{"id":36745,"date":"2019-02-04T11:19:21","date_gmt":"2019-02-04T08:19:21","guid":{"rendered":"http:\/\/arantv.az\/?p=36745"},"modified":"2019-02-04T11:19:21","modified_gmt":"2019-02-04T08:19:21","slug":"az%c9%99rbaycan-128-olk%c9%99-arasinda-az-qidalanma-halini-azaltmaga-nail-olan-18-olk%c9%99d%c9%99n-biridir","status":"publish","type":"post","link":"https:\/\/arantv.az\/?p=36745","title":{"rendered":"Az\u0259rbaycan 128 \u00f6lk\u0259 aras\u0131nda az qidalanma hal\u0131n\u0131 azaltma\u011fa nail olan 18 \u00f6lk\u0259d\u0259n biridir"},"content":{"rendered":"<blockquote><p><em><strong>Az\u0259rbaycan 128 \u00f6lk\u0259 aras\u0131nda az qidalanma hal\u0131n\u0131 azaltma\u011fa nail olan 18 \u00f6lk\u0259d\u0259n biridir.<\/strong><\/em><\/p><\/blockquote>\n<p><strong>ARANTV.AZ<\/strong> trend-\u0259 istinad\u0259n bildirir ki,\u00a0bunu Az\u0259rbaycan\u0131n Dayan\u0131ql\u0131 \u0130nki\u015faf \u00fczr\u0259 Milli \u018flaq\u0259l\u0259ndirm\u0259 \u015euras\u0131n\u0131n katibi H\u00fcseyn H\u00fcseynov Yeni Az\u0259rbaycan Partiyas\u0131n\u0131n sayt\u0131na m\u00fcsahib\u0259sind\u0259 deyib.<\/p>\n<p>H.H\u00fcseynov bildirib ki, BMT-nin Minilliyin B\u0259yannam\u0259sin\u0259 qo\u015fulan v\u0259 bu h\u0259d\u0259fl\u0259r\u0259 nail olmaqda q\u0259rarl\u0131 \u00f6lk\u0259 kimi Az\u0259rbaycanda yoxsulluqla m\u00fcbariz\u0259 sah\u0259sind\u0259 kompleks t\u0259dbirl\u0259rin t\u0259min edilm\u0259si m\u0259qs\u0259dil\u0259 &#8220;2003-2005-ci ill\u0259r \u00fc\u00e7\u00fcn Az\u0259rbaycan Respublikas\u0131nda yoxsullu\u011fun azald\u0131lmas\u0131 v\u0259 iqtisadi inki\u015faf \u00fczr\u0259 D\u00f6vl\u0259t Proqram\u0131&#8221;, el\u0259c\u0259 d\u0259 &#8220;2008-2015-ci ill\u0259rd\u0259 Az\u0259rbaycan Respublikas\u0131nda yoxsullu\u011fun azald\u0131lmas\u0131 v\u0259 davaml\u0131 inki\u015faf D\u00f6vl\u0259t Proqram\u0131&#8221; t\u0259sdiq edilib, bu proqramlar yoxsulluq probleminin h\u0259lli istiqam\u0259tind\u0259 t\u0259sirli t\u0259dbirl\u0259rin h\u0259yata ke\u00e7irilm\u0259sin\u0259 imkan yarad\u0131b, n\u0259tic\u0259d\u0259 \u00f6lk\u0259d\u0259 yoxsulluq s\u0259viyy\u0259si 2001-ci ild\u0259ki g\u00f6st\u0259ricisind\u0259n 10 d\u0259f\u0259 azal\u0131b:<\/p>\n<p>&#8220;T\u0259sad\u00fcfi deyil ki, Az\u0259rbaycan Respublikas\u0131n\u0131n Prezidenti c\u0259nab \u0130lham \u018fliyevin m\u0259qs\u0259dy\u00f6nl\u00fc v\u0259 u\u011furlu sosial-iqtisadi inki\u015faf strategiyas\u0131 n\u0259tic\u0259sind\u0259 2015-ci ild\u0259 Minilliyin \u0130nki\u015faf M\u0259qs\u0259dl\u0259rinin icras\u0131n\u0131n yekunlar\u0131 il\u0259 ba\u011fl\u0131 Romada ke\u00e7iril\u0259n t\u0259qdimat m\u0259rasimind\u0259 Az\u0259rbaycan yoxsullu\u011fun aradan qald\u0131r\u0131lmas\u0131 sah\u0259sind\u0259 qazan\u0131lan u\u011furlara g\u00f6r\u0259 \u018frzaq v\u0259 K\u0259nd T\u0259s\u0259rr\u00fcfat\u0131 T\u0259\u015fkilat\u0131n\u0131n (FAO) &#8220;C\u0259nub-C\u0259nub&#8221; m\u00fckafat\u0131na layiq g\u00f6r\u00fcl\u00fcb. Bu siyas\u0259tin n\u0259tic\u0259si olaraq, Az\u0259rbaycan d\u00fcnyada 128 \u00f6lk\u0259 aras\u0131nda az qidalanma say\u0131n\u0131n azald\u0131lmas\u0131 m\u0259qs\u0259din\u0259 nail olan 18 \u00f6lk\u0259d\u0259n biridir&#8221;.<\/p>\n<p>O qeyd edib ki, Minilliyin \u0130nki\u015faf M\u0259qs\u0259dl\u0259rinin icras\u0131n\u0131n ba\u015fa \u00e7atmas\u0131 he\u00e7 d\u0259 qlobal d\u00fcnyada m\u00f6vcud \u00e7\u0259tinlikl\u0259rin tamamil\u0259 aradan qald\u0131r\u0131lmas\u0131n\u0131 t\u0259min ed\u0259 bilm\u0259yib: &#8220;YUNESKO-nun 2016-c\u0131 il \u00fczr\u0259 hesabat\u0131na g\u00f6r\u0259, haz\u0131rda d\u00fcnyada 6-17 ya\u015f aras\u0131 263 milyon u\u015faq, yeniyetm\u0259 v\u0259 g\u0259nc, o c\u00fcml\u0259d\u0259n inki\u015faf etm\u0259kd\u0259 olan \u00f6lk\u0259l\u0259rd\u0259 h\u0259r 4 q\u0131zdan 1-i m\u0259kt\u0259bd\u0259n k\u0259narda qal\u0131b. Eyni zamanda, d\u00fcnyada h\u0259r il 6 milyondan art\u0131q u\u015faq 5 ya\u015f\u0131na \u00e7atmam\u0131\u015f d\u00fcnyas\u0131n\u0131 d\u0259yi\u015fir. Planetd\u0259 800 milyondan \u00e7ox insan acl\u0131qdan v\u0259 1 milyarddan \u00e7ox insan is\u0259 ifrat yoxsulluqdan \u0259ziyy\u0259t \u00e7\u0259kir. Bunlar g\u00f6st\u0259rir ki, 2015-ci il\u0259d\u0259k nail olunmas\u0131 h\u0259d\u0259fl\u0259n\u0259n Minilliyin \u0130nki\u015faf M\u0259qs\u0259dl\u0259ri b\u00fct\u00fcn \u00f6lk\u0259l\u0259r t\u0259r\u0259find\u0259n tam olaraq h\u0259yata ke\u00e7irilm\u0259yib. Ona g\u00f6r\u0259 d\u0259 daha \u0259hat\u0259li, planetin, o c\u00fcml\u0259d\u0259n c\u0259miyy\u0259tin b\u00fct\u00fcn t\u0259b\u0259q\u0259l\u0259rinin f\u0259al c\u0259lb olunmas\u0131n\u0131 n\u0259z\u0259rd\u0259 tutan yeni qlobal t\u0259\u015f\u0259bb\u00fcs\u00fcn icras\u0131na z\u0259rur\u0259t yaran\u0131b&#8221;.<\/p>\n<p>\u015euran\u0131n katibi \u0259lav\u0259 edib ki, bu m\u0259qs\u0259dl\u0259 BMT-y\u0259 \u00fczv d\u00f6vl\u0259tl\u0259r 2015-ci ilin sentyabr\u0131nda ke\u00e7iril\u0259n Sammitd\u0259 2016-2030-cu ill\u0259r \u00fc\u00e7\u00fcn 17 m\u0259qs\u0259di v\u0259 169 h\u0259d\u0259fi \u00f6z\u00fcnd\u0259 birl\u0259\u015fdir\u0259n yeni qlobal Dayan\u0131ql\u0131 \u0130nki\u015faf M\u0259qs\u0259dl\u0259rinin (D\u0130M) icras\u0131na qo\u015fulublar:<\/p>\n<p>&#8220;Dayan\u0131ql\u0131 inki\u015faf sah\u0259sind\u0259 2030-cu il G\u00fcnd\u0259liyi v\u0259 bu s\u0259n\u0259dd\u0259 ehtiva olunan D\u0130M yoxsullu\u011fun aradan qald\u0131r\u0131lmas\u0131, planetin m\u00fchafiz\u0259si v\u0259 ham\u0131 \u00fc\u00e7\u00fcn t\u0259r\u0259qqinin t\u0259min edilm\u0259sin\u0259 y\u00f6n\u0259l\u0259n \u00f6hd\u0259likl\u0259rd\u0259n ibar\u0259tdir. 2030-cu il\u0259d\u0259k \u0130nki\u015faf G\u00fcnd\u0259liyi D\u0130M \u00fczr\u0259 n\u0259tic\u0259l\u0259r \u00e7\u0259r\u00e7iv\u0259sind\u0259 t\u0259sbit olunmu\u015f 3 \u0259sas prinsipi &#8211; &#8220;universall\u0131q&#8221;, &#8220;inteqrasiyal\u0131 yana\u015fma&#8221; v\u0259 &#8220;he\u00e7 kimin gerid\u0259 qalmamas\u0131&#8221; prinsipl\u0259rini \u00f6z\u00fcnd\u0259 \u0259ks etdirir&#8221;.<\/p>\n<p>H.H\u00fcseynov qeyd edib ki, BMT-nin f\u0259al \u00fczv\u00fc kimi qlobal probleml\u0259rin h\u0259llind\u0259 i\u015ftiraka t\u00f6hf\u0259 verm\u0259y\u0259 b\u00f6y\u00fck s\u0259y g\u00f6st\u0259r\u0259n \u00f6lk\u0259miz d\u0259 BMT-nin 17 Dayan\u0131ql\u0131 \u0130nki\u015faf M\u0259qs\u0259di v\u0259 169 h\u0259d\u0259fi \u00f6z\u00fcnd\u0259 birl\u0259\u015fdir\u0259n qlobal D\u0130M t\u0259\u015f\u0259bb\u00fcs\u00fcn\u0259 qo\u015fulub.<\/p>\n","protected":false},"excerpt":{"rendered":"<p>Az\u0259rbaycan 128 \u00f6lk\u0259 aras\u0131nda az qidalanma hal\u0131n\u0131 azaltma\u011fa nail olan 18 \u00f6lk\u0259d\u0259n biridir. ARANTV.AZ trend-\u0259 istinad\u0259n bildirir ki,\u00a0bunu Az\u0259rbaycan\u0131n Dayan\u0131ql\u0131 \u0130nki\u015faf \u00fczr\u0259 Milli \u018flaq\u0259l\u0259ndirm\u0259 \u015euras\u0131n\u0131n katibi H\u00fcseyn H\u00fcseynov Yeni Az\u0259rbaycan Partiyas\u0131n\u0131n sayt\u0131na m\u00fcsahib\u0259sind\u0259 deyib. H.H\u00fcseynov bildirib ki, BMT-nin Minilliyin B\u0259yannam\u0259sin\u0259 qo\u015fulan v\u0259 bu h\u0259d\u0259fl\u0259r\u0259 nail olmaqda q\u0259rarl\u0131 \u00f6lk\u0259 kimi Az\u0259rbaycanda yoxsulluqla m\u00fcbariz\u0259 sah\u0259sind\u0259 kompleks t\u0259dbirl\u0259rin t\u0259min edilm\u0259si m\u0259qs\u0259dil\u0259 &#8220;2003-2005-ci ill\u0259r \u00fc\u00e7\u00fcn Az\u0259rbaycan Respublikas\u0131nda yoxsullu\u011fun azald\u0131lmas\u0131 v\u0259 iqtisadi inki\u015faf \u00fczr\u0259 D\u00f6vl\u0259t Proqram\u0131&#8221;, el\u0259c\u0259 d\u0259 &#8220;2008-2015-ci ill\u0259rd\u0259 Az\u0259rbaycan Respublikas\u0131nda yoxsullu\u011fun azald\u0131lmas\u0131 v\u0259 davaml\u0131 inki\u015faf D\u00f6vl\u0259t Proqram\u0131&#8221; t\u0259sdiq edilib, bu proqramlar yoxsulluq probleminin&hellip;<\/p>\n","protected":false},"author":2,"featured_media":36746,"comment_status":"closed","ping_status":"closed","sticky":false,"template":"","format":"standard","meta":{"om_disable_all_campaigns":false,"_monsterinsights_skip_tracking":false,"_monsterinsights_sitenote_active":false,"_monsterinsights_sitenote_note":"","_monsterinsights_sitenote_category":0},"categories":[1],"tags":[],"aioseo_notices":[],"gutentor_comment":0,"rttpg_featured_image_url":{"full":["https:\/\/arantv.az\/wp-content\/uploads\/2019\/02\/maqazin_alis_veris_00011.jpg",482,361,false],"landscape":["https:\/\/arantv.az\/wp-content\/uploads\/2019\/02\/maqazin_alis_veris_00011.jpg",482,361,false],"portraits":["https:\/\/arantv.az\/wp-content\/uploads\/2019\/02\/maqazin_alis_veris_00011.jpg",482,361,false],"thumbnail":["https:\/\/arantv.az\/wp-content\/uploads\/2019\/02\/maqazin_alis_veris_00011-150x150.jpg",150,150,true],"medium":["https:\/\/arantv.az\/wp-content\/uploads\/2019\/02\/maqazin_alis_veris_00011-300x225.jpg",300,225,true],"large":["https:\/\/arantv.az\/wp-content\/uploads\/2019\/02\/maqazin_alis_veris_00011.jpg",482,361,false],"1536x1536":["https:\/\/arantv.az\/wp-content\/uploads\/2019\/02\/maqazin_alis_veris_00011.jpg",482,361,false],"2048x2048":["https:\/\/arantv.az\/wp-content\/uploads\/2019\/02\/maqazin_alis_veris_00011.jpg",482,361,false],"post-thumbnail":["https:\/\/arantv.az\/wp-content\/uploads\/2019\/02\/maqazin_alis_veris_00011-240x172.jpg",240,172,true],"advps-thumb-one":["https:\/\/arantv.az\/wp-content\/uploads\/2019\/02\/maqazin_alis_veris_00011.jpg",482,361,false]},"rttpg_author":{"display_name":"V\u00fcsal Rafiqo\u011flu","author_link":"https:\/\/arantv.az\/?author=2"},"rttpg_comment":0,"rttpg_category":"<a href=\"https:\/\/arantv.az\/?cat=1\" rel=\"category\">C\u0259miyy\u0259t<\/a>","rttpg_excerpt":"Az\u0259rbaycan 128 \u00f6lk\u0259 aras\u0131nda az qidalanma hal\u0131n\u0131 azaltma\u011fa nail olan 18 \u00f6lk\u0259d\u0259n biridir. ARANTV.AZ trend-\u0259 istinad\u0259n bildirir ki,\u00a0bunu Az\u0259rbaycan\u0131n Dayan\u0131ql\u0131 \u0130nki\u015faf \u00fczr\u0259 Milli \u018flaq\u0259l\u0259ndirm\u0259 \u015euras\u0131n\u0131n katibi H\u00fcseyn H\u00fcseynov Yeni Az\u0259rbaycan Partiyas\u0131n\u0131n sayt\u0131na m\u00fcsahib\u0259sind\u0259 deyib. H.H\u00fcseynov bildirib ki, BMT-nin Minilliyin B\u0259yannam\u0259sin\u0259 qo\u015fulan v\u0259 bu h\u0259d\u0259fl\u0259r\u0259 nail olmaqda q\u0259rarl\u0131 \u00f6lk\u0259 kimi Az\u0259rbaycanda yoxsulluqla m\u00fcbariz\u0259 sah\u0259sind\u0259 kompleks t\u0259dbirl\u0259rin&hellip;","_links":{"self":[{"href":"https:\/\/arantv.az\/index.php?rest_route=\/wp\/v2\/posts\/36745"}],"collection":[{"href":"https:\/\/arantv.az\/index.php?rest_route=\/wp\/v2\/posts"}],"about":[{"href":"https:\/\/arantv.az\/index.php?rest_route=\/wp\/v2\/types\/post"}],"author":[{"embeddable":true,"href":"https:\/\/arantv.az\/index.php?rest_route=\/wp\/v2\/users\/2"}],"replies":[{"embeddable":true,"href":"https:\/\/arantv.az\/index.php?rest_route=%2Fwp%2Fv2%2Fcomments&post=36745"}],"version-history":[{"count":0,"href":"https:\/\/arantv.az\/index.php?rest_route=\/wp\/v2\/posts\/36745\/revisions"}],"wp:featuredmedia":[{"embeddable":true,"href":"https:\/\/arantv.az\/index.php?rest_route=\/wp\/v2\/media\/36746"}],"wp:attachment":[{"href":"https:\/\/arantv.az\/index.php?rest_route=%2Fwp%2Fv2%2Fmedia&parent=36745"}],"wp:term":[{"taxonomy":"category","embeddable":true,"href":"https:\/\/arantv.az\/index.php?rest_route=%2Fwp%2Fv2%2Fcategories&post=36745"},{"taxonomy":"post_tag","embeddable":true,"href":"https:\/\/arantv.az\/index.php?rest_route=%2Fwp%2Fv2%2Ftags&post=36745"}],"curies":[{"name":"wp","href":"https:\/\/api.w.org\/{rel}","templated":true}]}}