{"id":36748,"date":"2019-02-04T11:36:01","date_gmt":"2019-02-04T08:36:01","guid":{"rendered":"http:\/\/arantv.az\/?p=36748"},"modified":"2019-02-04T11:36:01","modified_gmt":"2019-02-04T08:36:01","slug":"b%c9%99rd%c9%99d%c9%99-atilan-usaqlarla-bagli-komit%c9%99d%c9%99n-aciqlama","status":"publish","type":"post","link":"https:\/\/arantv.az\/?p=36748","title":{"rendered":"B\u0259rd\u0259d\u0259 at\u0131lan u\u015faqlarla ba\u011fl\u0131 KOM\u0130T\u018fD\u018fN A\u00c7IQLAMA"},"content":{"rendered":"<blockquote><p><em><strong>B\u0259rd\u0259 rayonunda Qazax rayonunun K\u0259m\u0259rli k\u0259nd sakini Yegan\u0259 Osmanova t\u0259r\u0259find\u0259n iki u\u015fa\u011f\u0131n at\u0131lmas\u0131 fakt\u0131 il\u0259 \u0259laq\u0259dar B\u0259rd\u0259 Rayon \u0130cra Hakimiyy\u0259tinin Q\u0259yyumluq v\u0259 Himay\u0259\u00e7ilik komissiyas\u0131 r\u0259y ver\u0259c\u0259k.<\/strong><\/em><\/p><\/blockquote>\n<p><strong>ARANTV.AZ<\/strong> bildirir ki, bunu\u00a0 trend-\u0259\u00a0Ail\u0259, Qad\u0131n v\u0259 U\u015faq Probleml\u0259ri \u00fczr\u0259 D\u00f6vl\u0259t Komit\u0259sinin \u0130nformasiya v\u0259 Analitik ara\u015fd\u0131rmalar \u015f\u00f6b\u0259sinin m\u00fcdiri Elg\u00fcn S\u0259f\u0259rov deyib.<\/p>\n<p>Onun s\u00f6zl\u0259rin\u0259 g\u00f6r\u0259, ara\u015fd\u0131rman\u0131n n\u0259tic\u0259l\u0259rin\u0259 uy\u011fun olaraq, valideynlik h\u00fcququndan tam m\u0259hrumetm\u0259, m\u0259hdudla\u015fd\u0131rma v\u0259 ya inzibati c\u0259rim\u0259nin t\u0259tbiqi il\u0259 ba\u011fl\u0131 q\u0259rar veril\u0259c\u0259k: &#8220;Valideyn h\u00fcquqlar\u0131n\u0131n m\u0259hdudla\u015fd\u0131r\u0131lmas\u0131 yerli icra hakimiyy\u0259tinin d\u0259 q\u0259rar\u0131 il\u0259 m\u00fcmk\u00fcnd\u00fcr. H\u0259r bir halda ist\u0259nil\u0259n q\u0259rar veril\u0259rk\u0259n u\u015faqlar\u0131n m\u00f6vqeyi m\u00fcdafi\u0259 edilm\u0259lidir. Amma q\u0259rar\u0131n verilm\u0259si \u00fc\u00e7\u00fcn, ilk n\u00f6vb\u0259d\u0259, u\u015faqlar\u0131n t\u0259kba\u015f\u0131na saxlan\u0131lmas\u0131n\u0131n s\u0259b\u0259bl\u0259ri \u00fcz\u0259 \u00e7\u0131xar\u0131lmal\u0131d\u0131r. \u018fg\u0259r valideynlik h\u00fcququndan sui-istifad\u0259 t\u0259sdiqini taparsa, onda m\u0259hk\u0259m\u0259 1-2 ay \u0259rzind\u0259 q\u0259rar verir&#8221;.<\/p>\n","protected":false},"excerpt":{"rendered":"<p>B\u0259rd\u0259 rayonunda Qazax rayonunun K\u0259m\u0259rli k\u0259nd sakini Yegan\u0259 Osmanova t\u0259r\u0259find\u0259n iki u\u015fa\u011f\u0131n at\u0131lmas\u0131 fakt\u0131 il\u0259 \u0259laq\u0259dar B\u0259rd\u0259 Rayon \u0130cra Hakimiyy\u0259tinin Q\u0259yyumluq v\u0259 Himay\u0259\u00e7ilik komissiyas\u0131 r\u0259y ver\u0259c\u0259k. ARANTV.AZ bildirir ki, bunu\u00a0 trend-\u0259\u00a0Ail\u0259, Qad\u0131n v\u0259 U\u015faq Probleml\u0259ri \u00fczr\u0259 D\u00f6vl\u0259t Komit\u0259sinin \u0130nformasiya v\u0259 Analitik ara\u015fd\u0131rmalar \u015f\u00f6b\u0259sinin m\u00fcdiri Elg\u00fcn S\u0259f\u0259rov deyib. Onun s\u00f6zl\u0259rin\u0259 g\u00f6r\u0259, ara\u015fd\u0131rman\u0131n n\u0259tic\u0259l\u0259rin\u0259 uy\u011fun olaraq, valideynlik h\u00fcququndan tam m\u0259hrumetm\u0259, m\u0259hdudla\u015fd\u0131rma v\u0259 ya inzibati c\u0259rim\u0259nin t\u0259tbiqi il\u0259 ba\u011fl\u0131 q\u0259rar veril\u0259c\u0259k: &#8220;Valideyn h\u00fcquqlar\u0131n\u0131n m\u0259hdudla\u015fd\u0131r\u0131lmas\u0131 yerli icra hakimiyy\u0259tinin d\u0259 q\u0259rar\u0131 il\u0259 m\u00fcmk\u00fcnd\u00fcr. H\u0259r bir halda ist\u0259nil\u0259n q\u0259rar veril\u0259rk\u0259n u\u015faqlar\u0131n m\u00f6vqeyi m\u00fcdafi\u0259 edilm\u0259lidir. Amma q\u0259rar\u0131n&hellip;<\/p>\n","protected":false},"author":2,"featured_media":36749,"comment_status":"closed","ping_status":"closed","sticky":false,"template":"","format":"standard","meta":{"om_disable_all_campaigns":false,"_monsterinsights_skip_tracking":false,"_monsterinsights_sitenote_active":false,"_monsterinsights_sitenote_note":"","_monsterinsights_sitenote_category":0},"categories":[2],"tags":[],"aioseo_notices":[],"gutentor_comment":0,"rttpg_featured_image_url":{"full":["https:\/\/arantv.az\/wp-content\/uploads\/2019\/02\/727406.jpg",800,600,false],"landscape":["https:\/\/arantv.az\/wp-content\/uploads\/2019\/02\/727406.jpg",800,600,false],"portraits":["https:\/\/arantv.az\/wp-content\/uploads\/2019\/02\/727406.jpg",800,600,false],"thumbnail":["https:\/\/arantv.az\/wp-content\/uploads\/2019\/02\/727406-150x150.jpg",150,150,true],"medium":["https:\/\/arantv.az\/wp-content\/uploads\/2019\/02\/727406-300x225.jpg",300,225,true],"large":["https:\/\/arantv.az\/wp-content\/uploads\/2019\/02\/727406.jpg",640,480,false],"1536x1536":["https:\/\/arantv.az\/wp-content\/uploads\/2019\/02\/727406.jpg",800,600,false],"2048x2048":["https:\/\/arantv.az\/wp-content\/uploads\/2019\/02\/727406.jpg",800,600,false],"post-thumbnail":["https:\/\/arantv.az\/wp-content\/uploads\/2019\/02\/727406-240x172.jpg",240,172,true],"advps-thumb-one":["https:\/\/arantv.az\/wp-content\/uploads\/2019\/02\/727406.jpg",800,600,false]},"rttpg_author":{"display_name":"V\u00fcsal Rafiqo\u011flu","author_link":"https:\/\/arantv.az\/?author=2"},"rttpg_comment":0,"rttpg_category":"<a href=\"https:\/\/arantv.az\/?cat=2\" rel=\"category\">Region X\u0259b\u0259rl\u0259ri<\/a>","rttpg_excerpt":"B\u0259rd\u0259 rayonunda Qazax rayonunun K\u0259m\u0259rli k\u0259nd sakini Yegan\u0259 Osmanova t\u0259r\u0259find\u0259n iki u\u015fa\u011f\u0131n at\u0131lmas\u0131 fakt\u0131 il\u0259 \u0259laq\u0259dar B\u0259rd\u0259 Rayon \u0130cra Hakimiyy\u0259tinin Q\u0259yyumluq v\u0259 Himay\u0259\u00e7ilik komissiyas\u0131 r\u0259y ver\u0259c\u0259k. ARANTV.AZ bildirir ki, bunu\u00a0 trend-\u0259\u00a0Ail\u0259, Qad\u0131n v\u0259 U\u015faq Probleml\u0259ri \u00fczr\u0259 D\u00f6vl\u0259t Komit\u0259sinin \u0130nformasiya v\u0259 Analitik ara\u015fd\u0131rmalar \u015f\u00f6b\u0259sinin m\u00fcdiri Elg\u00fcn S\u0259f\u0259rov deyib. Onun s\u00f6zl\u0259rin\u0259 g\u00f6r\u0259, ara\u015fd\u0131rman\u0131n n\u0259tic\u0259l\u0259rin\u0259 uy\u011fun olaraq, valideynlik&hellip;","_links":{"self":[{"href":"https:\/\/arantv.az\/index.php?rest_route=\/wp\/v2\/posts\/36748"}],"collection":[{"href":"https:\/\/arantv.az\/index.php?rest_route=\/wp\/v2\/posts"}],"about":[{"href":"https:\/\/arantv.az\/index.php?rest_route=\/wp\/v2\/types\/post"}],"author":[{"embeddable":true,"href":"https:\/\/arantv.az\/index.php?rest_route=\/wp\/v2\/users\/2"}],"replies":[{"embeddable":true,"href":"https:\/\/arantv.az\/index.php?rest_route=%2Fwp%2Fv2%2Fcomments&post=36748"}],"version-history":[{"count":0,"href":"https:\/\/arantv.az\/index.php?rest_route=\/wp\/v2\/posts\/36748\/revisions"}],"wp:featuredmedia":[{"embeddable":true,"href":"https:\/\/arantv.az\/index.php?rest_route=\/wp\/v2\/media\/36749"}],"wp:attachment":[{"href":"https:\/\/arantv.az\/index.php?rest_route=%2Fwp%2Fv2%2Fmedia&parent=36748"}],"wp:term":[{"taxonomy":"category","embeddable":true,"href":"https:\/\/arantv.az\/index.php?rest_route=%2Fwp%2Fv2%2Fcategories&post=36748"},{"taxonomy":"post_tag","embeddable":true,"href":"https:\/\/arantv.az\/index.php?rest_route=%2Fwp%2Fv2%2Ftags&post=36748"}],"curies":[{"name":"wp","href":"https:\/\/api.w.org\/{rel}","templated":true}]}}