{"id":36760,"date":"2019-02-04T13:22:56","date_gmt":"2019-02-04T10:22:56","guid":{"rendered":"http:\/\/arantv.az\/?p=36760"},"modified":"2019-02-04T13:22:56","modified_gmt":"2019-02-04T10:22:56","slug":"govh%c9%99r-baxs%c9%99liyeva-t%c9%99hqir-soyus-bas-alib-gedir","status":"publish","type":"post","link":"https:\/\/arantv.az\/?p=36760","title":{"rendered":"G\u00f6vh\u0259r Bax\u015f\u0259liyeva: T\u0259hqir, s\u00f6y\u00fc\u015f ba\u015f al\u0131b gedir"},"content":{"rendered":"<p>Daha bir mill\u0259t v\u0259kili, akademik, \u015e\u0259rq\u015f\u00fcnasl\u0131q \u0130nstitutunun direktoru G\u00f6vh\u0259r Bax\u015f\u0259liyeva son zamanlar sosial \u015f\u0259b\u0259k\u0259l\u0259rd\u0259 ged\u0259n m\u00fczakir\u0259l\u0259rl\u0259 ba\u011fl\u0131 s\u0259rt m\u00f6vqe s\u0259rgil\u0259yib.<\/p>\n<p><strong>ARANTV.AZ<\/strong>-\u0131n x\u0259b\u0259rin\u0259 g\u00f6r\u0259, mill\u0259t v\u0259kili m\u0259tbuata a\u00e7\u0131qlamas\u0131nda bildirib ki, sosial \u015f\u0259b\u0259k\u0259l\u0259r m\u00fcasir d\u00f6vr\u00fcn \u0259n m\u00fch\u00fcm yenilik v\u0259 nailiyy\u0259tl\u0259rind\u0259n biridir, insan h\u0259yat\u0131 v\u0259 m\u00fcnasib\u0259tl\u0259rin\u0259 ciddi t\u0259sir g\u00f6st\u0259r\u0259n, h\u0259tta onlar\u0131n xarakterind\u0259 d\u0259yi\u015fiklikl\u0259r\u0259 s\u0259b\u0259b olan bir amildir.<\/p>\n<p>\u201cO m\u0259nada ki, sosial \u015f\u0259b\u0259k\u0259l\u0259r insanlar aras\u0131nda m\u0259kan v\u0259 m\u0259saf\u0259 m\u0259fhumunu aradan qald\u0131r\u0131r, bir-birind\u0259n minl\u0259rl\u0259 kilometr aral\u0131da olan f\u0259rdl\u0259r\u0259 asanl\u0131qla t\u0259masa girm\u0259k, h\u0259m ictimai m\u0259zmunlu f\u0259aliyy\u0259td\u0259 olmaq v\u0259 m\u00fczakir\u0259l\u0259r aparmaq, h\u0259m d\u0259 \u015f\u0259xsi \u0259laq\u0259l\u0259r qurmaq \u00fc\u00e7\u00fcn geni\u015f meydan a\u00e7\u0131r.<\/p>\n<div id=\"AdributorNativeVideo0\" class=\"AdributorNativeVideo\"><\/div>\n<p>Bu bax\u0131mdan sosial \u015f\u0259b\u0259k\u0259l\u0259ri XXI \u0259srin unikal imkan\u0131 kimi d\u0259y\u0259rl\u0259ndirm\u0259k olar.<\/p>\n<p>O da \u015f\u00fcbh\u0259sizdir ki, sosial \u015f\u0259b\u0259k\u0259l\u0259r m\u0259hz pozitiv niyy\u0259tl\u0259-insanlar\u0131n \u00fcnsiyy\u0259tini asanla\u015fd\u0131rmaq, informasiya m\u00fcbadil\u0259sini s\u00fcr\u0259tl\u0259ndirm\u0259k h\u0259d\u0259fi il\u0259 yarad\u0131l\u0131b.<\/p>\n<p>Lakin h\u0259r bir m\u00fcsb\u0259t imkandan \u00f6z\u00fcn\u00fcn m\u0259nfi m\u0259qs\u0259dl\u0259ri, \u00e7irkin niyy\u0259tl\u0259ri \u00fc\u00e7\u00fcn istifad\u0259 ed\u0259nl\u0259r d\u0259 tap\u0131l\u0131r\u201d, &#8211; dey\u0259n mill\u0259t v\u0259kilinin s\u00f6zl\u0259rin\u0259 g\u00f6r\u0259, Az\u0259rbaycan hakimiyy\u0259ti sosial median\u0131n qeyd olunan m\u00fcsb\u0259t c\u0259h\u0259tl\u0259rini n\u0259z\u0259r\u0259 alaraq, bu sah\u0259d\u0259 tam azadl\u0131q v\u0259 s\u0259rb\u0259stliyi t\u0259min edib. Halbuki bu azadl\u0131q he\u00e7 d\u0259 d\u00fcnyan\u0131n b\u00fct\u00fcn \u00f6lk\u0259l\u0259rind\u0259 t\u0259min edilmir, bir s\u0131ra \u00f6lk\u0259l\u0259rd\u0259 bu v\u0259 ya dig\u0259r s\u0259b\u0259bl\u0259rd\u0259n sosial \u015f\u0259b\u0259k\u0259l\u0259r\u0259 \u00e7\u0131x\u0131\u015fa tam v\u0259 ya qism\u0259n m\u0259hdudiyy\u0259tl\u0259r t\u0259tbiq olunur:<\/p>\n<p>\u201cAz\u0259rbaycanda da zaman-zaman bununla ba\u011fl\u0131 haql\u0131 narahatl\u0131\u011fa s\u00f6yk\u0259n\u0259n m\u00fc\u0259yy\u0259n \u00e7a\u011f\u0131r\u0131\u015flar s\u0259sl\u0259ns\u0259 d\u0259, prezident \u0130lham \u018fliyev azad internetin v\u0259 sosial \u015f\u0259b\u0259k\u0259l\u0259rin s\u0259rb\u0259st f\u0259aliyy\u0259tinin prinsipial t\u0259r\u0259fdar\u0131 kimi \u00e7\u0131x\u0131\u015f edir.<\/p>\n<p>T\u0259\u0259ss\u00fcfl\u0259r olsun ki, \u00f6lk\u0259 ba\u015f\u00e7\u0131s\u0131n\u0131n d\u00f6vl\u0259timiz v\u0259 c\u0259miyy\u0259timiz \u00fc\u00e7\u00fcn b\u00f6y\u00fck v\u0259 strateji \u0259h\u0259miyy\u0259t da\u015f\u0131yan bu m\u00f6vqeyi he\u00e7 d\u0259 b\u00fct\u00fcn v\u0259t\u0259nda\u015flar t\u0259r\u0259find\u0259n d\u00fczg\u00fcn qiym\u0259tl\u0259ndirilmir, yarad\u0131lm\u0131\u015f imkandan sui-istifad\u0259 ed\u0259n f\u0259rdl\u0259r v\u0259 qruplar m\u00fc\u015fahid\u0259 olunur.<\/p>\n<p>Bir s\u0131ra hallarda is\u0259 b\u00fct\u00fcn m\u0259n\u0259vi-\u0259xlaqi \u00e7\u0259r\u00e7iv\u0259l\u0259rin a\u015f\u0131lmas\u0131 il\u0259 t\u0259hqirin, s\u00f6y\u00fc\u015f\u00fcn ba\u015f al\u0131b getdiyini g\u00f6r\u00fcr\u00fck ki, buna he\u00e7 bir v\u0259chl\u0259 bigan\u0259 qalmaq olmaz.<\/p>\n<p>Haz\u0131rda sosial \u015f\u0259b\u0259k\u0259l\u0259r informasiya m\u00fcharib\u0259sinin, ideoloji m\u00fcbariz\u0259nin meydan\u0131na \u00e7evrilib. M\u00fcharib\u0259 \u015f\u0259raitind\u0259 olan bir \u00f6lk\u0259 kimi Az\u0259rbaycan\u0131n sosial \u015f\u0259b\u0259k\u0259 istifad\u0259\u00e7il\u0259ri d\u0259 bu istiqam\u0259td\u0259 s\u0259m\u0259r\u0259li f\u0259aliyy\u0259t g\u00f6st\u0259rm\u0259y\u0259 \u00e7al\u0131\u015fmal\u0131d\u0131rlar.<\/p>\n<p>Lakin b\u0259zi \u00fczd\u0259niraq sosial \u015f\u0259b\u0259k\u0259 f\u0259allar\u0131 bunun \u0259v\u0259zin\u0259, daxild\u0259ki \u0259n ki\u00e7ik probleml\u0259ri bel\u0259 \u015fi\u015fird\u0259r\u0259k \u00f6lk\u0259mizi g\u00f6zd\u0259n salmaqla, bu azm\u0131\u015f kimi, d\u00f6vl\u0259t v\u0259 h\u00f6kum\u0259t r\u0259hb\u0259rliyini, \u00f6lk\u0259 parlamentini h\u0259d\u0259f\u0259 almaqla, nec\u0259 dey\u0259rl\u0259r, d\u00fc\u015fm\u0259ni sevindirm\u0259k, onun \u0259lin\u0259 b\u0259han\u0259 verm\u0259k x\u0259tti tutublar&#8230;\u201d.<\/p>\n<p>Mill\u0259t v\u0259kilinin dediyin\u0259 g\u00f6r\u0259, \u0259lb\u0259tt\u0259, h\u0259r bir sosial \u015f\u0259b\u0259k\u0259 istifad\u0259\u00e7isinin ist\u0259nil\u0259n d\u00f6vl\u0259t qurumunun i\u015find\u0259 rastla\u015fd\u0131\u011f\u0131 \u00e7at\u0131\u015fmazl\u0131qlar\u0131 t\u0259nqid etm\u0259k, qar\u015f\u0131la\u015fd\u0131\u011f\u0131 neqativ hallar\u0131 ictimaiyy\u0259t\u0259 \u00e7atd\u0131rmaq h\u00fcququ var v\u0259 buna \u00f6lk\u0259mizd\u0259 he\u00e7 bir m\u0259hdudiyy\u0259t qoyulmur:<\/p>\n<p>\u201c\u018fksin\u0259, \u00e7oxsayl\u0131 faktlar va ki, m\u0259hz sosial \u015f\u0259b\u0259k\u0259l\u0259rd\u0259 bu v\u0259 dig\u0259r d\u00f6vl\u0259t orqan\u0131n\u0131n, v\u0259zif\u0259li \u015f\u0259xsin i\u015find\u0259ki n\u00f6qsanlarla ba\u011fl\u0131 t\u0259nqidl\u0259r\u0259 adekvat reaksiya verilib v\u0259 probleml\u0259r operativ sur\u0259td\u0259 aradan qald\u0131r\u0131l\u0131b.<\/p>\n<p>Lakin b\u0259zil\u0259ri bu imkandan da yararlanmaq ist\u0259m\u0259yib, a\u00e7\u0131q t\u0259hqirl\u0259r ya\u011fd\u0131rmaq, qar\u015f\u0131durma yaratmaq, ictimai aqressiyaya r\u0259vac verm\u0259k yolu il\u0259 getm\u0259yi \u00fcst\u00fcn tuturlar.<br \/>\nOnlar bununla ist\u0259r-ist\u0259m\u0259z Az\u0259rbaycan\u0131n d\u00fc\u015fm\u0259nl\u0259rinin maraqlar\u0131na xidm\u0259t etmi\u015f olurlar, \u00e7\u00fcnki sirr deyil ki, \u00f6lk\u0259mizd\u0259ki sabitlik v\u0259 davaml\u0131 inki\u015faf bir \u00e7ox xarici q\u00fcvv\u0259l\u0259ri, ilk n\u00f6vb\u0259d\u0259 b\u0259dnam qon\u015fumuzu narahat edir.<\/p>\n<p>Ona g\u00f6r\u0259 sosial \u015f\u0259b\u0259k\u0259l\u0259rd\u0259n s\u00f6y\u00fc\u015f v\u0259 t\u0259hqir ma\u015f\u0131n\u0131 kimi istifad\u0259 ed\u0259r\u0259k \u00f6lk\u0259mizin ad\u0131na x\u0259l\u0259l g\u0259tir\u0259nl\u0259r d\u00fc\u015fm\u0259nin onlar\u0131n h\u0259r\u0259k\u0259tl\u0259rind\u0259n m\u0259mnunlu\u011funu g\u00f6rm\u0259li, dayan\u0131b d\u00fc\u015f\u00fcnm\u0259li v\u0259 \u00f6z davran\u0131\u015flar\u0131na yenid\u0259n baxmal\u0131d\u0131rlar\u201d.oxu.az<\/p>\n","protected":false},"excerpt":{"rendered":"<p>Daha bir mill\u0259t v\u0259kili, akademik, \u015e\u0259rq\u015f\u00fcnasl\u0131q \u0130nstitutunun direktoru G\u00f6vh\u0259r Bax\u015f\u0259liyeva son zamanlar sosial \u015f\u0259b\u0259k\u0259l\u0259rd\u0259 ged\u0259n m\u00fczakir\u0259l\u0259rl\u0259 ba\u011fl\u0131 s\u0259rt m\u00f6vqe s\u0259rgil\u0259yib. ARANTV.AZ-\u0131n x\u0259b\u0259rin\u0259 g\u00f6r\u0259, mill\u0259t v\u0259kili m\u0259tbuata a\u00e7\u0131qlamas\u0131nda bildirib ki, sosial \u015f\u0259b\u0259k\u0259l\u0259r m\u00fcasir d\u00f6vr\u00fcn \u0259n m\u00fch\u00fcm yenilik v\u0259 nailiyy\u0259tl\u0259rind\u0259n biridir, insan h\u0259yat\u0131 v\u0259 m\u00fcnasib\u0259tl\u0259rin\u0259 ciddi t\u0259sir g\u00f6st\u0259r\u0259n, h\u0259tta onlar\u0131n xarakterind\u0259 d\u0259yi\u015fiklikl\u0259r\u0259 s\u0259b\u0259b olan bir amildir. \u201cO m\u0259nada ki, sosial \u015f\u0259b\u0259k\u0259l\u0259r insanlar aras\u0131nda m\u0259kan v\u0259 m\u0259saf\u0259 m\u0259fhumunu aradan qald\u0131r\u0131r, bir-birind\u0259n minl\u0259rl\u0259 kilometr aral\u0131da olan f\u0259rdl\u0259r\u0259 asanl\u0131qla t\u0259masa girm\u0259k, h\u0259m ictimai m\u0259zmunlu f\u0259aliyy\u0259td\u0259 olmaq v\u0259 m\u00fczakir\u0259l\u0259r aparmaq, h\u0259m d\u0259 \u015f\u0259xsi \u0259laq\u0259l\u0259r qurmaq \u00fc\u00e7\u00fcn&hellip;<\/p>\n","protected":false},"author":2,"featured_media":36761,"comment_status":"closed","ping_status":"closed","sticky":false,"template":"","format":"standard","meta":{"om_disable_all_campaigns":false,"_monsterinsights_skip_tracking":false,"_monsterinsights_sitenote_active":false,"_monsterinsights_sitenote_note":"","_monsterinsights_sitenote_category":0},"categories":[4],"tags":[],"aioseo_notices":[],"gutentor_comment":0,"rttpg_featured_image_url":{"full":["https:\/\/arantv.az\/wp-content\/uploads\/2019\/02\/dekabr-2015-ci-il-1.jpg",601,465,false],"landscape":["https:\/\/arantv.az\/wp-content\/uploads\/2019\/02\/dekabr-2015-ci-il-1.jpg",601,465,false],"portraits":["https:\/\/arantv.az\/wp-content\/uploads\/2019\/02\/dekabr-2015-ci-il-1.jpg",601,465,false],"thumbnail":["https:\/\/arantv.az\/wp-content\/uploads\/2019\/02\/dekabr-2015-ci-il-1-150x150.jpg",150,150,true],"medium":["https:\/\/arantv.az\/wp-content\/uploads\/2019\/02\/dekabr-2015-ci-il-1-300x232.jpg",300,232,true],"large":["https:\/\/arantv.az\/wp-content\/uploads\/2019\/02\/dekabr-2015-ci-il-1.jpg",601,465,false],"1536x1536":["https:\/\/arantv.az\/wp-content\/uploads\/2019\/02\/dekabr-2015-ci-il-1.jpg",601,465,false],"2048x2048":["https:\/\/arantv.az\/wp-content\/uploads\/2019\/02\/dekabr-2015-ci-il-1.jpg",601,465,false],"post-thumbnail":["https:\/\/arantv.az\/wp-content\/uploads\/2019\/02\/dekabr-2015-ci-il-1-240x172.jpg",240,172,true],"advps-thumb-one":["https:\/\/arantv.az\/wp-content\/uploads\/2019\/02\/dekabr-2015-ci-il-1.jpg",601,465,false]},"rttpg_author":{"display_name":"V\u00fcsal Rafiqo\u011flu","author_link":"https:\/\/arantv.az\/?author=2"},"rttpg_comment":0,"rttpg_category":"<a href=\"https:\/\/arantv.az\/?cat=4\" rel=\"category\">Siyas\u0259t<\/a>","rttpg_excerpt":"Daha bir mill\u0259t v\u0259kili, akademik, \u015e\u0259rq\u015f\u00fcnasl\u0131q \u0130nstitutunun direktoru G\u00f6vh\u0259r Bax\u015f\u0259liyeva son zamanlar sosial \u015f\u0259b\u0259k\u0259l\u0259rd\u0259 ged\u0259n m\u00fczakir\u0259l\u0259rl\u0259 ba\u011fl\u0131 s\u0259rt m\u00f6vqe s\u0259rgil\u0259yib. ARANTV.AZ-\u0131n x\u0259b\u0259rin\u0259 g\u00f6r\u0259, mill\u0259t v\u0259kili m\u0259tbuata a\u00e7\u0131qlamas\u0131nda bildirib ki, sosial \u015f\u0259b\u0259k\u0259l\u0259r m\u00fcasir d\u00f6vr\u00fcn \u0259n m\u00fch\u00fcm yenilik v\u0259 nailiyy\u0259tl\u0259rind\u0259n biridir, insan h\u0259yat\u0131 v\u0259 m\u00fcnasib\u0259tl\u0259rin\u0259 ciddi t\u0259sir g\u00f6st\u0259r\u0259n, h\u0259tta onlar\u0131n xarakterind\u0259 d\u0259yi\u015fiklikl\u0259r\u0259 s\u0259b\u0259b olan bir amildir. \u201cO&hellip;","_links":{"self":[{"href":"https:\/\/arantv.az\/index.php?rest_route=\/wp\/v2\/posts\/36760"}],"collection":[{"href":"https:\/\/arantv.az\/index.php?rest_route=\/wp\/v2\/posts"}],"about":[{"href":"https:\/\/arantv.az\/index.php?rest_route=\/wp\/v2\/types\/post"}],"author":[{"embeddable":true,"href":"https:\/\/arantv.az\/index.php?rest_route=\/wp\/v2\/users\/2"}],"replies":[{"embeddable":true,"href":"https:\/\/arantv.az\/index.php?rest_route=%2Fwp%2Fv2%2Fcomments&post=36760"}],"version-history":[{"count":0,"href":"https:\/\/arantv.az\/index.php?rest_route=\/wp\/v2\/posts\/36760\/revisions"}],"wp:featuredmedia":[{"embeddable":true,"href":"https:\/\/arantv.az\/index.php?rest_route=\/wp\/v2\/media\/36761"}],"wp:attachment":[{"href":"https:\/\/arantv.az\/index.php?rest_route=%2Fwp%2Fv2%2Fmedia&parent=36760"}],"wp:term":[{"taxonomy":"category","embeddable":true,"href":"https:\/\/arantv.az\/index.php?rest_route=%2Fwp%2Fv2%2Fcategories&post=36760"},{"taxonomy":"post_tag","embeddable":true,"href":"https:\/\/arantv.az\/index.php?rest_route=%2Fwp%2Fv2%2Ftags&post=36760"}],"curies":[{"name":"wp","href":"https:\/\/api.w.org\/{rel}","templated":true}]}}