{"id":36878,"date":"2019-02-05T08:17:50","date_gmt":"2019-02-05T05:17:50","guid":{"rendered":"http:\/\/arantv.az\/?p=36878"},"modified":"2019-02-05T08:17:50","modified_gmt":"2019-02-05T05:17:50","slug":"indi-sevil-zamani-fotosessiya","status":"publish","type":"post","link":"https:\/\/arantv.az\/?p=36878","title":{"rendered":"\u0130ndi Sevil zaman\u0131 &#8211; FOTOSESS\u0130YA"},"content":{"rendered":"<p>Maqazin jurnalisti v\u0259 PR meneceri Elton Hac\u0131yevl\u0259 i\u015fbirliyin\u0259 imza atan m\u00fc\u011f\u0259nni Sevil Niyam iddial\u0131 g\u0259lir. M\u00fc\u011f\u0259nni yeni fotosessiyas\u0131n\u0131 ekskl\u00fcziv olaraq, <strong>ARANTV.AZ<\/strong>-a t\u0259qdim etdi. Qapal\u0131 geyimd\u0259 kamera \u00f6n\u00fcn\u0259 ke\u00e7\u0259n xan\u0131m ifa\u00e7\u0131, a\u00e7\u0131q-sa\u00e7\u0131q geyiml\u0259rd\u0259 fotosessiya etdirib bununla g\u00fcnd\u0259m\u0259 g\u0259lm\u0259k ist\u0259mir. Yeni fotosessiya etdir\u0259n Sevil, bundan sonra da yaradac\u0131l\u0131\u011f\u0131n\u0131 s\u00fcr\u0259tl\u0259 davam etdir\u0259c\u0259yini anonsunu verib: \u201cS\u0259sim\u0259 v\u0259 istedad\u0131ma \u00e7ox g\u00fcv\u0259nir\u0259m. S\u0259n\u0259tl\u0259 m\u0259\u015f\u011fulam. Bu s\u0259n\u0259td\u0259 \u00f6z\u00fcm\u00fc tapm\u0131\u015fam. \u00d6z \u00fcz\u0259rimd\u0259 \u00e7al\u0131\u015f\u0131ram ki, yeni i\u015fl\u0259riml\u0259 g\u00fcnd\u0259m\u0259 g\u0259lim. \u0130nan\u0131ram ki, oxucular\u0131n\u0131zdan yarad\u0131c\u0131l\u0131\u011f\u0131mla ba\u011fl\u0131 m\u00fcsb\u0259t qiym\u0259t alaca\u011fam. Qar\u015f\u0131ma m\u0259qs\u0259d qoymu\u015fam ki, 2019-cu ild\u0259 biri-birinin ard\u0131nca repertuar\u0131ma yeni mahn\u0131lar daxil edim. Bu s\u0259n\u0259td\u0259 q\u0259tiyy\u0259n fasil\u0259 verm\u0259k olmaz\u201d. Qeyd ed\u0259k ki, \u00e7\u0259kili\u015fl\u0259rd\u0259 m\u00fc\u011f\u0259nninin imici \u00fcz\u0259rind\u0259 stilist Alyona \u00e7al\u0131\u015f\u0131b.<\/p>\n<p><img loading=\"lazy\" class=\"alignnone size-medium wp-image-36879\" src=\"https:\/\/arantv.az\/wp-content\/uploads\/2019\/02\/51344552_2305013796218161_25393470151589888_n-300x214.jpg\" alt=\"\" width=\"300\" height=\"214\" \/><img loading=\"lazy\" class=\"alignnone size-medium wp-image-36880\" src=\"https:\/\/arantv.az\/wp-content\/uploads\/2019\/02\/50870481_348360729337889_5709235657897934848_n-300x220.jpg\" alt=\"\" width=\"300\" height=\"220\" \/><\/p>\n<p><img loading=\"lazy\" class=\"alignnone size-medium wp-image-36881\" src=\"https:\/\/arantv.az\/wp-content\/uploads\/2019\/02\/51580569_286583935359776_6915780396131024896_n-252x300.jpg\" alt=\"\" width=\"252\" height=\"300\" \/><\/p>\n","protected":false},"excerpt":{"rendered":"<p>Maqazin jurnalisti v\u0259 PR meneceri Elton Hac\u0131yevl\u0259 i\u015fbirliyin\u0259 imza atan m\u00fc\u011f\u0259nni Sevil Niyam iddial\u0131 g\u0259lir. M\u00fc\u011f\u0259nni yeni fotosessiyas\u0131n\u0131 ekskl\u00fcziv olaraq, ARANTV.AZ-a t\u0259qdim etdi. Qapal\u0131 geyimd\u0259 kamera \u00f6n\u00fcn\u0259 ke\u00e7\u0259n xan\u0131m ifa\u00e7\u0131, a\u00e7\u0131q-sa\u00e7\u0131q geyiml\u0259rd\u0259 fotosessiya etdirib bununla g\u00fcnd\u0259m\u0259 g\u0259lm\u0259k ist\u0259mir. Yeni fotosessiya etdir\u0259n Sevil, bundan sonra da yaradac\u0131l\u0131\u011f\u0131n\u0131 s\u00fcr\u0259tl\u0259 davam etdir\u0259c\u0259yini anonsunu verib: \u201cS\u0259sim\u0259 v\u0259 istedad\u0131ma \u00e7ox g\u00fcv\u0259nir\u0259m. S\u0259n\u0259tl\u0259 m\u0259\u015f\u011fulam. Bu s\u0259n\u0259td\u0259 \u00f6z\u00fcm\u00fc tapm\u0131\u015fam. \u00d6z \u00fcz\u0259rimd\u0259 \u00e7al\u0131\u015f\u0131ram ki, yeni i\u015fl\u0259riml\u0259 g\u00fcnd\u0259m\u0259 g\u0259lim. \u0130nan\u0131ram ki, oxucular\u0131n\u0131zdan yarad\u0131c\u0131l\u0131\u011f\u0131mla ba\u011fl\u0131 m\u00fcsb\u0259t qiym\u0259t alaca\u011fam. Qar\u015f\u0131ma m\u0259qs\u0259d qoymu\u015fam ki, 2019-cu ild\u0259 biri-birinin ard\u0131nca repertuar\u0131ma yeni mahn\u0131lar daxil&hellip;<\/p>\n","protected":false},"author":2,"featured_media":36879,"comment_status":"closed","ping_status":"closed","sticky":false,"template":"","format":"standard","meta":{"om_disable_all_campaigns":false,"_monsterinsights_skip_tracking":false,"_monsterinsights_sitenote_active":false,"_monsterinsights_sitenote_note":"","_monsterinsights_sitenote_category":0},"categories":[20],"tags":[],"aioseo_notices":[],"gutentor_comment":0,"rttpg_featured_image_url":{"full":["https:\/\/arantv.az\/wp-content\/uploads\/2019\/02\/51344552_2305013796218161_25393470151589888_n.jpg",720,513,false],"landscape":["https:\/\/arantv.az\/wp-content\/uploads\/2019\/02\/51344552_2305013796218161_25393470151589888_n.jpg",720,513,false],"portraits":["https:\/\/arantv.az\/wp-content\/uploads\/2019\/02\/51344552_2305013796218161_25393470151589888_n.jpg",720,513,false],"thumbnail":["https:\/\/arantv.az\/wp-content\/uploads\/2019\/02\/51344552_2305013796218161_25393470151589888_n-150x150.jpg",150,150,true],"medium":["https:\/\/arantv.az\/wp-content\/uploads\/2019\/02\/51344552_2305013796218161_25393470151589888_n-300x214.jpg",300,214,true],"large":["https:\/\/arantv.az\/wp-content\/uploads\/2019\/02\/51344552_2305013796218161_25393470151589888_n.jpg",640,456,false],"1536x1536":["https:\/\/arantv.az\/wp-content\/uploads\/2019\/02\/51344552_2305013796218161_25393470151589888_n.jpg",720,513,false],"2048x2048":["https:\/\/arantv.az\/wp-content\/uploads\/2019\/02\/51344552_2305013796218161_25393470151589888_n.jpg",720,513,false],"post-thumbnail":["https:\/\/arantv.az\/wp-content\/uploads\/2019\/02\/51344552_2305013796218161_25393470151589888_n-240x172.jpg",240,172,true],"advps-thumb-one":["https:\/\/arantv.az\/wp-content\/uploads\/2019\/02\/51344552_2305013796218161_25393470151589888_n.jpg",720,513,false]},"rttpg_author":{"display_name":"V\u00fcsal Rafiqo\u011flu","author_link":"https:\/\/arantv.az\/?author=2"},"rttpg_comment":0,"rttpg_category":"<a href=\"https:\/\/arantv.az\/?cat=20\" rel=\"category\">\u015eou biznes<\/a>","rttpg_excerpt":"Maqazin jurnalisti v\u0259 PR meneceri Elton Hac\u0131yevl\u0259 i\u015fbirliyin\u0259 imza atan m\u00fc\u011f\u0259nni Sevil Niyam iddial\u0131 g\u0259lir. M\u00fc\u011f\u0259nni yeni fotosessiyas\u0131n\u0131 ekskl\u00fcziv olaraq, ARANTV.AZ-a t\u0259qdim etdi. Qapal\u0131 geyimd\u0259 kamera \u00f6n\u00fcn\u0259 ke\u00e7\u0259n xan\u0131m ifa\u00e7\u0131, a\u00e7\u0131q-sa\u00e7\u0131q geyiml\u0259rd\u0259 fotosessiya etdirib bununla g\u00fcnd\u0259m\u0259 g\u0259lm\u0259k ist\u0259mir. Yeni fotosessiya etdir\u0259n Sevil, bundan sonra da yaradac\u0131l\u0131\u011f\u0131n\u0131 s\u00fcr\u0259tl\u0259 davam etdir\u0259c\u0259yini anonsunu verib: \u201cS\u0259sim\u0259 v\u0259 istedad\u0131ma \u00e7ox&hellip;","_links":{"self":[{"href":"https:\/\/arantv.az\/index.php?rest_route=\/wp\/v2\/posts\/36878"}],"collection":[{"href":"https:\/\/arantv.az\/index.php?rest_route=\/wp\/v2\/posts"}],"about":[{"href":"https:\/\/arantv.az\/index.php?rest_route=\/wp\/v2\/types\/post"}],"author":[{"embeddable":true,"href":"https:\/\/arantv.az\/index.php?rest_route=\/wp\/v2\/users\/2"}],"replies":[{"embeddable":true,"href":"https:\/\/arantv.az\/index.php?rest_route=%2Fwp%2Fv2%2Fcomments&post=36878"}],"version-history":[{"count":0,"href":"https:\/\/arantv.az\/index.php?rest_route=\/wp\/v2\/posts\/36878\/revisions"}],"wp:featuredmedia":[{"embeddable":true,"href":"https:\/\/arantv.az\/index.php?rest_route=\/wp\/v2\/media\/36879"}],"wp:attachment":[{"href":"https:\/\/arantv.az\/index.php?rest_route=%2Fwp%2Fv2%2Fmedia&parent=36878"}],"wp:term":[{"taxonomy":"category","embeddable":true,"href":"https:\/\/arantv.az\/index.php?rest_route=%2Fwp%2Fv2%2Fcategories&post=36878"},{"taxonomy":"post_tag","embeddable":true,"href":"https:\/\/arantv.az\/index.php?rest_route=%2Fwp%2Fv2%2Ftags&post=36878"}],"curies":[{"name":"wp","href":"https:\/\/api.w.org\/{rel}","templated":true}]}}