{"id":36889,"date":"2019-02-05T08:42:41","date_gmt":"2019-02-05T05:42:41","guid":{"rendered":"http:\/\/arantv.az\/?p=36889"},"modified":"2019-02-05T08:42:41","modified_gmt":"2019-02-05T05:42:41","slug":"bakida-qadin-ozunu-bicaqladi-video","status":"publish","type":"post","link":"https:\/\/arantv.az\/?p=36889","title":{"rendered":"Bak\u0131da qad\u0131n \u00f6z\u00fcn\u00fc b\u0131\u00e7aqlad\u0131 &#8211; V\u0130DEO"},"content":{"rendered":"<p>Gec\u0259 saatlar\u0131nda Bak\u0131n\u0131n Ke\u015fl\u0259 q\u0259s\u0259b\u0259sind\u0259 b\u0131\u00e7aqlanma hadis\u0259si olub.<\/p>\n<p><strong>ARANTV.AZ\u00a0<\/strong>x\u0259b\u0259r verir ki, 1987-ci il t\u0259v\u0259ll\u00fcdl\u00fc Abbasova Nazil\u0259 Balo\u011flan q\u0131z\u0131 \u00f6z\u00fcn\u00fc b\u0131\u00e7aqlayaraq intihara c\u0259hd edib.<\/p>\n<p>Qad\u0131n t\u0259cili olaraq Sabun\u00e7u rayonu 3 sayl\u0131 \u015e\u0259h\u0259r Klinik X\u0259st\u0259xanas\u0131na \u00e7atd\u0131r\u0131l\u0131b.<\/p>\n<div id=\"AdributorNativeVideo0\" class=\"AdributorNativeVideo\"><\/div>\n<p>N.Abbasovaya qar\u0131n\u0131n \u00f6n divar\u0131n\u0131n k\u0259silmi\u015f de\u015filmi\u015f yaras\u0131 diaqnozu qoyulub. Haz\u0131rda v\u0259ziyy\u0259ti q\u0259na\u0259tb\u0259x\u015fdir.<\/p>\n<p>Faktla ba\u011fl\u0131 ara\u015fd\u0131rma apar\u0131l\u0131r.<\/p>\n<div><iframe loading=\"lazy\" src=\"https:\/\/player.baku.tv\/embed\/6597?fbclid=IwAR0Noc_KGMLlAwqYSh_ebKYLmKhS54N78pWj7WQ1Lzy5JhfEFDdTUEt5LKs\" width=\"560\" height=\"315\" frameborder=\"0\" allowfullscreen=\"allowfullscreen\" data-mce-fragment=\"1\"><\/iframe><\/div>\n<p><b><i>oxu.az<\/i><\/b><\/p>\n","protected":false},"excerpt":{"rendered":"<p>Gec\u0259 saatlar\u0131nda Bak\u0131n\u0131n Ke\u015fl\u0259 q\u0259s\u0259b\u0259sind\u0259 b\u0131\u00e7aqlanma hadis\u0259si olub. ARANTV.AZ\u00a0x\u0259b\u0259r verir ki, 1987-ci il t\u0259v\u0259ll\u00fcdl\u00fc Abbasova Nazil\u0259 Balo\u011flan q\u0131z\u0131 \u00f6z\u00fcn\u00fc b\u0131\u00e7aqlayaraq intihara c\u0259hd edib. Qad\u0131n t\u0259cili olaraq Sabun\u00e7u rayonu 3 sayl\u0131 \u015e\u0259h\u0259r Klinik X\u0259st\u0259xanas\u0131na \u00e7atd\u0131r\u0131l\u0131b. N.Abbasovaya qar\u0131n\u0131n \u00f6n divar\u0131n\u0131n k\u0259silmi\u015f de\u015filmi\u015f yaras\u0131 diaqnozu qoyulub. Haz\u0131rda v\u0259ziyy\u0259ti q\u0259na\u0259tb\u0259x\u015fdir. Faktla ba\u011fl\u0131 ara\u015fd\u0131rma apar\u0131l\u0131r. oxu.az<\/p>\n","protected":false},"author":2,"featured_media":36890,"comment_status":"closed","ping_status":"closed","sticky":false,"template":"","format":"standard","meta":{"om_disable_all_campaigns":false,"_monsterinsights_skip_tracking":false,"_monsterinsights_sitenote_active":false,"_monsterinsights_sitenote_note":"","_monsterinsights_sitenote_category":0},"categories":[3],"tags":[],"aioseo_notices":[],"gutentor_comment":0,"rttpg_featured_image_url":{"full":["https:\/\/arantv.az\/wp-content\/uploads\/2019\/02\/2018-05-09-10-25-48152564.jpg",620,349,false],"landscape":["https:\/\/arantv.az\/wp-content\/uploads\/2019\/02\/2018-05-09-10-25-48152564.jpg",620,349,false],"portraits":["https:\/\/arantv.az\/wp-content\/uploads\/2019\/02\/2018-05-09-10-25-48152564.jpg",620,349,false],"thumbnail":["https:\/\/arantv.az\/wp-content\/uploads\/2019\/02\/2018-05-09-10-25-48152564-150x150.jpg",150,150,true],"medium":["https:\/\/arantv.az\/wp-content\/uploads\/2019\/02\/2018-05-09-10-25-48152564-300x169.jpg",300,169,true],"large":["https:\/\/arantv.az\/wp-content\/uploads\/2019\/02\/2018-05-09-10-25-48152564.jpg",620,349,false],"1536x1536":["https:\/\/arantv.az\/wp-content\/uploads\/2019\/02\/2018-05-09-10-25-48152564.jpg",620,349,false],"2048x2048":["https:\/\/arantv.az\/wp-content\/uploads\/2019\/02\/2018-05-09-10-25-48152564.jpg",620,349,false],"post-thumbnail":["https:\/\/arantv.az\/wp-content\/uploads\/2019\/02\/2018-05-09-10-25-48152564-240x172.jpg",240,172,true],"advps-thumb-one":["https:\/\/arantv.az\/wp-content\/uploads\/2019\/02\/2018-05-09-10-25-48152564.jpg",620,349,false]},"rttpg_author":{"display_name":"V\u00fcsal Rafiqo\u011flu","author_link":"https:\/\/arantv.az\/?author=2"},"rttpg_comment":0,"rttpg_category":"<a href=\"https:\/\/arantv.az\/?cat=3\" rel=\"category\">Kriminal<\/a>","rttpg_excerpt":"Gec\u0259 saatlar\u0131nda Bak\u0131n\u0131n Ke\u015fl\u0259 q\u0259s\u0259b\u0259sind\u0259 b\u0131\u00e7aqlanma hadis\u0259si olub. ARANTV.AZ\u00a0x\u0259b\u0259r verir ki, 1987-ci il t\u0259v\u0259ll\u00fcdl\u00fc Abbasova Nazil\u0259 Balo\u011flan q\u0131z\u0131 \u00f6z\u00fcn\u00fc b\u0131\u00e7aqlayaraq intihara c\u0259hd edib. Qad\u0131n t\u0259cili olaraq Sabun\u00e7u rayonu 3 sayl\u0131 \u015e\u0259h\u0259r Klinik X\u0259st\u0259xanas\u0131na \u00e7atd\u0131r\u0131l\u0131b. N.Abbasovaya qar\u0131n\u0131n \u00f6n divar\u0131n\u0131n k\u0259silmi\u015f de\u015filmi\u015f yaras\u0131 diaqnozu qoyulub. Haz\u0131rda v\u0259ziyy\u0259ti q\u0259na\u0259tb\u0259x\u015fdir. Faktla ba\u011fl\u0131 ara\u015fd\u0131rma apar\u0131l\u0131r. oxu.az","_links":{"self":[{"href":"https:\/\/arantv.az\/index.php?rest_route=\/wp\/v2\/posts\/36889"}],"collection":[{"href":"https:\/\/arantv.az\/index.php?rest_route=\/wp\/v2\/posts"}],"about":[{"href":"https:\/\/arantv.az\/index.php?rest_route=\/wp\/v2\/types\/post"}],"author":[{"embeddable":true,"href":"https:\/\/arantv.az\/index.php?rest_route=\/wp\/v2\/users\/2"}],"replies":[{"embeddable":true,"href":"https:\/\/arantv.az\/index.php?rest_route=%2Fwp%2Fv2%2Fcomments&post=36889"}],"version-history":[{"count":0,"href":"https:\/\/arantv.az\/index.php?rest_route=\/wp\/v2\/posts\/36889\/revisions"}],"wp:featuredmedia":[{"embeddable":true,"href":"https:\/\/arantv.az\/index.php?rest_route=\/wp\/v2\/media\/36890"}],"wp:attachment":[{"href":"https:\/\/arantv.az\/index.php?rest_route=%2Fwp%2Fv2%2Fmedia&parent=36889"}],"wp:term":[{"taxonomy":"category","embeddable":true,"href":"https:\/\/arantv.az\/index.php?rest_route=%2Fwp%2Fv2%2Fcategories&post=36889"},{"taxonomy":"post_tag","embeddable":true,"href":"https:\/\/arantv.az\/index.php?rest_route=%2Fwp%2Fv2%2Ftags&post=36889"}],"curies":[{"name":"wp","href":"https:\/\/api.w.org\/{rel}","templated":true}]}}