{"id":36934,"date":"2019-02-05T10:20:04","date_gmt":"2019-02-05T07:20:04","guid":{"rendered":"http:\/\/arantv.az\/?p=36934"},"modified":"2019-02-05T10:20:04","modified_gmt":"2019-02-05T07:20:04","slug":"rusiyada-qurban-k%c9%99s%c9%99n-az%c9%99rbaycanli-etirazlara-s%c9%99b%c9%99b-oldu-video","status":"publish","type":"post","link":"https:\/\/arantv.az\/?p=36934","title":{"rendered":"Rusiyada qurban k\u0259s\u0259n az\u0259rbaycanl\u0131 etirazlara s\u0259b\u0259b oldu &#8211; V\u0130DEO"},"content":{"rendered":"<p>Rusiyan\u0131n Surqut \u015f\u0259h\u0259rind\u0259 yenic\u0259 ata olan az\u0259rbaycanl\u0131 do\u011fum evinin qar\u015f\u0131s\u0131nda qurban k\u0259sib.<\/p>\n<p><strong>ARANTV.AZ<\/strong>-\u0131n m\u0259lumat\u0131na g\u00f6r\u0259, sosial \u015f\u0259b\u0259k\u0259d\u0259 payla\u015f\u0131lan g\u00f6r\u00fcnt\u00fcl\u0259r \u015f\u0259h\u0259r sakinl\u0259ri v\u0259 heyvansev\u0259rl\u0259r t\u0259r\u0259find\u0259n etirazla qar\u015f\u0131lan\u0131b.<\/p>\n<p>M\u0259s\u0259l\u0259y\u0259 polis m\u00fcdaxil\u0259 etm\u0259li olub.<\/p>\n<div id=\"AdributorNativeVideo0\" class=\"AdributorNativeVideo\"><\/div>\n<p>\u015e\u0259h\u0259r sakinl\u0259rinin etiraz\u0131na qurban\u0131n u\u015faqlar\u0131n g\u00f6z\u00fcn\u00fcn qar\u015f\u0131s\u0131nda k\u0259silm\u0259si s\u0259b\u0259b olub.<\/p>\n<p>M\u0259lum olub ki, Vasif adl\u0131 h\u0259min \u015f\u0259xs Bel\u0131y Yar q\u0259s\u0259b\u0259sind\u0259 ya\u015fay\u0131r v\u0259 \u00fc\u00e7\u00fcnc\u00fc d\u0259f\u0259 ata olub.<\/p>\n<p>M\u0259s\u0259l\u0259 il\u0259 ba\u011fl\u0131 Xant\u0131-Mansi Muxtar Dair\u0259si az\u0259rbaycanl\u0131lar\u0131n\u0131n yerli milli-m\u0259d\u0259ni muxtariyy\u0259tinin s\u0259dri Azad Seyidov a\u00e7\u0131qlama verib:<\/p>\n<p>\u201cO, bunu he\u00e7 d\u00fc\u015f\u00fcnm\u0259mi\u015fdi. Ola bilsin ki, o, sevincind\u0259n qoyunu do\u011fum evinin qar\u015f\u0131s\u0131na g\u0259tirib. V\u0259 \u0259lb\u0259tt\u0259 ki, onu k\u0259sib. Onunla dan\u0131\u015fan zaman c\u0259miyy\u0259td\u0259 bunu etm\u0259yin d\u00fczg\u00fcn olmad\u0131\u011f\u0131n\u0131 bildirdim. O is\u0259 \u00fczr ist\u0259di\u201d.<\/p>\n<p>Qeyd edilib ki, o, yax\u0131n vaxtlarda inzibati m\u0259suliyy\u0259t\u0259 c\u0259lb edil\u0259c\u0259k.<\/p>\n<div>\n<div><iframe loading=\"lazy\" src=\"https:\/\/player.baku.tv\/embed\/6601\" width=\"560\" height=\"315\" frameborder=\"0\" allowfullscreen=\"allowfullscreen\" data-mce-fragment=\"1\"><\/iframe><\/div>\n<\/div>\n<p><b>oxu.az<\/b><\/p>\n","protected":false},"excerpt":{"rendered":"<p>Rusiyan\u0131n Surqut \u015f\u0259h\u0259rind\u0259 yenic\u0259 ata olan az\u0259rbaycanl\u0131 do\u011fum evinin qar\u015f\u0131s\u0131nda qurban k\u0259sib. ARANTV.AZ-\u0131n m\u0259lumat\u0131na g\u00f6r\u0259, sosial \u015f\u0259b\u0259k\u0259d\u0259 payla\u015f\u0131lan g\u00f6r\u00fcnt\u00fcl\u0259r \u015f\u0259h\u0259r sakinl\u0259ri v\u0259 heyvansev\u0259rl\u0259r t\u0259r\u0259find\u0259n etirazla qar\u015f\u0131lan\u0131b. M\u0259s\u0259l\u0259y\u0259 polis m\u00fcdaxil\u0259 etm\u0259li olub. \u015e\u0259h\u0259r sakinl\u0259rinin etiraz\u0131na qurban\u0131n u\u015faqlar\u0131n g\u00f6z\u00fcn\u00fcn qar\u015f\u0131s\u0131nda k\u0259silm\u0259si s\u0259b\u0259b olub. M\u0259lum olub ki, Vasif adl\u0131 h\u0259min \u015f\u0259xs Bel\u0131y Yar q\u0259s\u0259b\u0259sind\u0259 ya\u015fay\u0131r v\u0259 \u00fc\u00e7\u00fcnc\u00fc d\u0259f\u0259 ata olub. M\u0259s\u0259l\u0259 il\u0259 ba\u011fl\u0131 Xant\u0131-Mansi Muxtar Dair\u0259si az\u0259rbaycanl\u0131lar\u0131n\u0131n yerli milli-m\u0259d\u0259ni muxtariyy\u0259tinin s\u0259dri Azad Seyidov a\u00e7\u0131qlama verib: \u201cO, bunu he\u00e7 d\u00fc\u015f\u00fcnm\u0259mi\u015fdi. Ola bilsin ki, o, sevincind\u0259n qoyunu do\u011fum evinin qar\u015f\u0131s\u0131na g\u0259tirib. V\u0259 \u0259lb\u0259tt\u0259 ki, onu&hellip;<\/p>\n","protected":false},"author":2,"featured_media":36935,"comment_status":"closed","ping_status":"closed","sticky":false,"template":"","format":"standard","meta":{"om_disable_all_campaigns":false,"_monsterinsights_skip_tracking":false,"_monsterinsights_sitenote_active":false,"_monsterinsights_sitenote_note":"","_monsterinsights_sitenote_category":0},"categories":[1],"tags":[],"aioseo_notices":[],"gutentor_comment":0,"rttpg_featured_image_url":{"full":["https:\/\/arantv.az\/wp-content\/uploads\/2019\/02\/ura.jpg",620,352,false],"landscape":["https:\/\/arantv.az\/wp-content\/uploads\/2019\/02\/ura.jpg",620,352,false],"portraits":["https:\/\/arantv.az\/wp-content\/uploads\/2019\/02\/ura.jpg",620,352,false],"thumbnail":["https:\/\/arantv.az\/wp-content\/uploads\/2019\/02\/ura-150x150.jpg",150,150,true],"medium":["https:\/\/arantv.az\/wp-content\/uploads\/2019\/02\/ura-300x170.jpg",300,170,true],"large":["https:\/\/arantv.az\/wp-content\/uploads\/2019\/02\/ura.jpg",620,352,false],"1536x1536":["https:\/\/arantv.az\/wp-content\/uploads\/2019\/02\/ura.jpg",620,352,false],"2048x2048":["https:\/\/arantv.az\/wp-content\/uploads\/2019\/02\/ura.jpg",620,352,false],"post-thumbnail":["https:\/\/arantv.az\/wp-content\/uploads\/2019\/02\/ura-240x172.jpg",240,172,true],"advps-thumb-one":["https:\/\/arantv.az\/wp-content\/uploads\/2019\/02\/ura.jpg",620,352,false]},"rttpg_author":{"display_name":"V\u00fcsal Rafiqo\u011flu","author_link":"https:\/\/arantv.az\/?author=2"},"rttpg_comment":0,"rttpg_category":"<a href=\"https:\/\/arantv.az\/?cat=1\" rel=\"category\">C\u0259miyy\u0259t<\/a>","rttpg_excerpt":"Rusiyan\u0131n Surqut \u015f\u0259h\u0259rind\u0259 yenic\u0259 ata olan az\u0259rbaycanl\u0131 do\u011fum evinin qar\u015f\u0131s\u0131nda qurban k\u0259sib. ARANTV.AZ-\u0131n m\u0259lumat\u0131na g\u00f6r\u0259, sosial \u015f\u0259b\u0259k\u0259d\u0259 payla\u015f\u0131lan g\u00f6r\u00fcnt\u00fcl\u0259r \u015f\u0259h\u0259r sakinl\u0259ri v\u0259 heyvansev\u0259rl\u0259r t\u0259r\u0259find\u0259n etirazla qar\u015f\u0131lan\u0131b. M\u0259s\u0259l\u0259y\u0259 polis m\u00fcdaxil\u0259 etm\u0259li olub. \u015e\u0259h\u0259r sakinl\u0259rinin etiraz\u0131na qurban\u0131n u\u015faqlar\u0131n g\u00f6z\u00fcn\u00fcn qar\u015f\u0131s\u0131nda k\u0259silm\u0259si s\u0259b\u0259b olub. M\u0259lum olub ki, Vasif adl\u0131 h\u0259min \u015f\u0259xs Bel\u0131y Yar q\u0259s\u0259b\u0259sind\u0259 ya\u015fay\u0131r v\u0259 \u00fc\u00e7\u00fcnc\u00fc d\u0259f\u0259&hellip;","_links":{"self":[{"href":"https:\/\/arantv.az\/index.php?rest_route=\/wp\/v2\/posts\/36934"}],"collection":[{"href":"https:\/\/arantv.az\/index.php?rest_route=\/wp\/v2\/posts"}],"about":[{"href":"https:\/\/arantv.az\/index.php?rest_route=\/wp\/v2\/types\/post"}],"author":[{"embeddable":true,"href":"https:\/\/arantv.az\/index.php?rest_route=\/wp\/v2\/users\/2"}],"replies":[{"embeddable":true,"href":"https:\/\/arantv.az\/index.php?rest_route=%2Fwp%2Fv2%2Fcomments&post=36934"}],"version-history":[{"count":0,"href":"https:\/\/arantv.az\/index.php?rest_route=\/wp\/v2\/posts\/36934\/revisions"}],"wp:featuredmedia":[{"embeddable":true,"href":"https:\/\/arantv.az\/index.php?rest_route=\/wp\/v2\/media\/36935"}],"wp:attachment":[{"href":"https:\/\/arantv.az\/index.php?rest_route=%2Fwp%2Fv2%2Fmedia&parent=36934"}],"wp:term":[{"taxonomy":"category","embeddable":true,"href":"https:\/\/arantv.az\/index.php?rest_route=%2Fwp%2Fv2%2Fcategories&post=36934"},{"taxonomy":"post_tag","embeddable":true,"href":"https:\/\/arantv.az\/index.php?rest_route=%2Fwp%2Fv2%2Ftags&post=36934"}],"curies":[{"name":"wp","href":"https:\/\/api.w.org\/{rel}","templated":true}]}}