{"id":36937,"date":"2019-02-05T10:22:16","date_gmt":"2019-02-05T07:22:16","guid":{"rendered":"http:\/\/arantv.az\/?p=36937"},"modified":"2019-02-05T10:22:16","modified_gmt":"2019-02-05T07:22:16","slug":"formula-1-az%c9%99rbaycanda-qalir-daha-uc-il","status":"publish","type":"post","link":"https:\/\/arantv.az\/?p=36937","title":{"rendered":"\u201cFormula-1\u201d Az\u0259rbaycanda qal\u0131r: daha \u00fc\u00e7 il"},"content":{"rendered":"<p>Bu g\u00fcn \u201cFormula-1\u201d il\u0259 Bak\u0131 \u015e\u0259h\u0259r Halqas\u0131 aras\u0131nda yeni m\u00fcqavil\u0259 ba\u011flan\u0131l\u0131b.<\/p>\n<p><b>ARANTV.AZ\u00a0<\/b>x\u0259b\u0259r verir ki, bu bar\u0259d\u0259 jurnalistl\u0259r\u0259 a\u00e7\u0131qlamas\u0131nda g\u0259ncl\u0259r v\u0259 idman naziri Azad R\u0259himov m\u0259lumat verib.<\/p>\n<p>Yeni m\u00fcqavil\u0259 \u00fc\u00e7 ili \u0259hat\u0259 edir.<\/p>\n<p>Bel\u0259 ki, 2020-ci ild\u0259 ba\u015fa \u00e7atacaq k\u00f6hn\u0259 m\u00fcqavil\u0259 2023-c\u00fc il\u0259d\u0259k yenil\u0259nib.<\/p>\n<p>Xat\u0131rladaq ki, \u201cFormula-1\u201d yar\u0131\u015flar\u0131 Az\u0259rbaycanda 2016-c\u0131 ild\u0259n ke\u00e7irilir.<\/p>\n<p>Cari m\u00f6vs\u00fcmd\u0259 Az\u0259rbaycan Qran-Prisi 26-28 aprel tarixind\u0259\u00a0ba\u015f tutacaq.<\/p>\n<p>oxu.az<\/p>\n","protected":false},"excerpt":{"rendered":"<p>Bu g\u00fcn \u201cFormula-1\u201d il\u0259 Bak\u0131 \u015e\u0259h\u0259r Halqas\u0131 aras\u0131nda yeni m\u00fcqavil\u0259 ba\u011flan\u0131l\u0131b. ARANTV.AZ\u00a0x\u0259b\u0259r verir ki, bu bar\u0259d\u0259 jurnalistl\u0259r\u0259 a\u00e7\u0131qlamas\u0131nda g\u0259ncl\u0259r v\u0259 idman naziri Azad R\u0259himov m\u0259lumat verib. Yeni m\u00fcqavil\u0259 \u00fc\u00e7 ili \u0259hat\u0259 edir. Bel\u0259 ki, 2020-ci ild\u0259 ba\u015fa \u00e7atacaq k\u00f6hn\u0259 m\u00fcqavil\u0259 2023-c\u00fc il\u0259d\u0259k yenil\u0259nib. Xat\u0131rladaq ki, \u201cFormula-1\u201d yar\u0131\u015flar\u0131 Az\u0259rbaycanda 2016-c\u0131 ild\u0259n ke\u00e7irilir. Cari m\u00f6vs\u00fcmd\u0259 Az\u0259rbaycan Qran-Prisi 26-28 aprel tarixind\u0259\u00a0ba\u015f tutacaq. oxu.az<\/p>\n","protected":false},"author":2,"featured_media":36938,"comment_status":"closed","ping_status":"closed","sticky":false,"template":"","format":"standard","meta":{"om_disable_all_campaigns":false,"_monsterinsights_skip_tracking":false,"_monsterinsights_sitenote_active":false,"_monsterinsights_sitenote_note":"","_monsterinsights_sitenote_category":0},"categories":[6],"tags":[],"aioseo_notices":[],"gutentor_comment":0,"rttpg_featured_image_url":{"full":["https:\/\/arantv.az\/wp-content\/uploads\/2019\/02\/ROMA25391-22.jpg",620,414,false],"landscape":["https:\/\/arantv.az\/wp-content\/uploads\/2019\/02\/ROMA25391-22.jpg",620,414,false],"portraits":["https:\/\/arantv.az\/wp-content\/uploads\/2019\/02\/ROMA25391-22.jpg",620,414,false],"thumbnail":["https:\/\/arantv.az\/wp-content\/uploads\/2019\/02\/ROMA25391-22-150x150.jpg",150,150,true],"medium":["https:\/\/arantv.az\/wp-content\/uploads\/2019\/02\/ROMA25391-22-300x200.jpg",300,200,true],"large":["https:\/\/arantv.az\/wp-content\/uploads\/2019\/02\/ROMA25391-22.jpg",620,414,false],"1536x1536":["https:\/\/arantv.az\/wp-content\/uploads\/2019\/02\/ROMA25391-22.jpg",620,414,false],"2048x2048":["https:\/\/arantv.az\/wp-content\/uploads\/2019\/02\/ROMA25391-22.jpg",620,414,false],"post-thumbnail":["https:\/\/arantv.az\/wp-content\/uploads\/2019\/02\/ROMA25391-22-240x172.jpg",240,172,true],"advps-thumb-one":["https:\/\/arantv.az\/wp-content\/uploads\/2019\/02\/ROMA25391-22.jpg",620,414,false]},"rttpg_author":{"display_name":"V\u00fcsal Rafiqo\u011flu","author_link":"https:\/\/arantv.az\/?author=2"},"rttpg_comment":0,"rttpg_category":"<a href=\"https:\/\/arantv.az\/?cat=6\" rel=\"category\">\u0130dman<\/a>","rttpg_excerpt":"Bu g\u00fcn \u201cFormula-1\u201d il\u0259 Bak\u0131 \u015e\u0259h\u0259r Halqas\u0131 aras\u0131nda yeni m\u00fcqavil\u0259 ba\u011flan\u0131l\u0131b. ARANTV.AZ\u00a0x\u0259b\u0259r verir ki, bu bar\u0259d\u0259 jurnalistl\u0259r\u0259 a\u00e7\u0131qlamas\u0131nda g\u0259ncl\u0259r v\u0259 idman naziri Azad R\u0259himov m\u0259lumat verib. Yeni m\u00fcqavil\u0259 \u00fc\u00e7 ili \u0259hat\u0259 edir. Bel\u0259 ki, 2020-ci ild\u0259 ba\u015fa \u00e7atacaq k\u00f6hn\u0259 m\u00fcqavil\u0259 2023-c\u00fc il\u0259d\u0259k yenil\u0259nib. Xat\u0131rladaq ki, \u201cFormula-1\u201d yar\u0131\u015flar\u0131 Az\u0259rbaycanda 2016-c\u0131 ild\u0259n ke\u00e7irilir. Cari m\u00f6vs\u00fcmd\u0259 Az\u0259rbaycan Qran-Prisi&hellip;","_links":{"self":[{"href":"https:\/\/arantv.az\/index.php?rest_route=\/wp\/v2\/posts\/36937"}],"collection":[{"href":"https:\/\/arantv.az\/index.php?rest_route=\/wp\/v2\/posts"}],"about":[{"href":"https:\/\/arantv.az\/index.php?rest_route=\/wp\/v2\/types\/post"}],"author":[{"embeddable":true,"href":"https:\/\/arantv.az\/index.php?rest_route=\/wp\/v2\/users\/2"}],"replies":[{"embeddable":true,"href":"https:\/\/arantv.az\/index.php?rest_route=%2Fwp%2Fv2%2Fcomments&post=36937"}],"version-history":[{"count":0,"href":"https:\/\/arantv.az\/index.php?rest_route=\/wp\/v2\/posts\/36937\/revisions"}],"wp:featuredmedia":[{"embeddable":true,"href":"https:\/\/arantv.az\/index.php?rest_route=\/wp\/v2\/media\/36938"}],"wp:attachment":[{"href":"https:\/\/arantv.az\/index.php?rest_route=%2Fwp%2Fv2%2Fmedia&parent=36937"}],"wp:term":[{"taxonomy":"category","embeddable":true,"href":"https:\/\/arantv.az\/index.php?rest_route=%2Fwp%2Fv2%2Fcategories&post=36937"},{"taxonomy":"post_tag","embeddable":true,"href":"https:\/\/arantv.az\/index.php?rest_route=%2Fwp%2Fv2%2Ftags&post=36937"}],"curies":[{"name":"wp","href":"https:\/\/api.w.org\/{rel}","templated":true}]}}