{"id":36940,"date":"2019-02-05T10:23:34","date_gmt":"2019-02-05T07:23:34","guid":{"rendered":"http:\/\/arantv.az\/?p=36940"},"modified":"2019-02-05T10:23:34","modified_gmt":"2019-02-05T07:23:34","slug":"%c9%99fqanistanda-nbm-%c9%99-hucum-38-olu","status":"publish","type":"post","link":"https:\/\/arantv.az\/?p=36940","title":{"rendered":"\u018ffqan\u0131standa NBM-\u0259 h\u00fccum: 38 \u00f6l\u00fc"},"content":{"rendered":"<p>\u018ffqan\u0131stan\u0131n \u015fimal-\u015f\u0259rqind\u0259ki Ba\u011flan vilay\u0259tind\u0259 radikal &#8220;Taliban&#8221; h\u0259r\u0259kat\u0131n\u0131n silahl\u0131lar\u0131n\u0131n n\u0259zar\u0259t-burax\u0131l\u0131\u015f m\u0259nt\u0259q\u0259sin\u0259 h\u00fccumu zaman\u0131 az\u0131 10 polis \u00f6l\u00fcb.<\/p>\n<p><strong>ARANTV.AZ<\/strong> report-a istinad\u0259n bildirir ki,\u00a0hadis\u0259 d\u00fcn\u0259n gec\u0259 ba\u015f verib.<\/p>\n<p>Daha 28 t\u0259hl\u00fck\u0259sizlik q\u00fcvv\u0259l\u0259ri \u0259m\u0259kda\u015f\u0131 is\u0259 &#8220;talib&#8221;l\u0259rin Kunduz vilay\u0259tind\u0259 h\u0259yata ke\u00e7irdiyi h\u00fccum n\u0259tic\u0259sind\u0259 h\u0259lak olublar. Hadis\u0259nin t\u0259f\u0259rr\u00fcatlar\u0131 bar\u0259d\u0259 m\u0259lumat verilmir.<\/p>\n<div id=\"AdributorNativeVideo0\" class=\"AdributorNativeVideo\"><\/div>\n<p>Qeyd ed\u0259k ki, \u018ffqan\u0131standa h\u00f6kum\u0259t q\u00fcvv\u0259l\u0259ri il\u0259 daha \u0259vv\u0259l \u00f6lk\u0259nin k\u0259nd \u0259razil\u0259rinin b\u00f6y\u00fck hiss\u0259sin\u0259 n\u0259zar\u0259t ed\u0259n, indi is\u0259 istiqam\u0259ti b\u00f6y\u00fck \u015f\u0259h\u0259rl\u0259r\u0259 salan radikal &#8220;Taliban&#8221; h\u0259r\u0259kat\u0131n\u0131n silahl\u0131lar\u0131 aras\u0131nda qar\u015f\u0131durma gedir.<\/p>\n","protected":false},"excerpt":{"rendered":"<p>\u018ffqan\u0131stan\u0131n \u015fimal-\u015f\u0259rqind\u0259ki Ba\u011flan vilay\u0259tind\u0259 radikal &#8220;Taliban&#8221; h\u0259r\u0259kat\u0131n\u0131n silahl\u0131lar\u0131n\u0131n n\u0259zar\u0259t-burax\u0131l\u0131\u015f m\u0259nt\u0259q\u0259sin\u0259 h\u00fccumu zaman\u0131 az\u0131 10 polis \u00f6l\u00fcb. ARANTV.AZ report-a istinad\u0259n bildirir ki,\u00a0hadis\u0259 d\u00fcn\u0259n gec\u0259 ba\u015f verib. Daha 28 t\u0259hl\u00fck\u0259sizlik q\u00fcvv\u0259l\u0259ri \u0259m\u0259kda\u015f\u0131 is\u0259 &#8220;talib&#8221;l\u0259rin Kunduz vilay\u0259tind\u0259 h\u0259yata ke\u00e7irdiyi h\u00fccum n\u0259tic\u0259sind\u0259 h\u0259lak olublar. Hadis\u0259nin t\u0259f\u0259rr\u00fcatlar\u0131 bar\u0259d\u0259 m\u0259lumat verilmir. Qeyd ed\u0259k ki, \u018ffqan\u0131standa h\u00f6kum\u0259t q\u00fcvv\u0259l\u0259ri il\u0259 daha \u0259vv\u0259l \u00f6lk\u0259nin k\u0259nd \u0259razil\u0259rinin b\u00f6y\u00fck hiss\u0259sin\u0259 n\u0259zar\u0259t ed\u0259n, indi is\u0259 istiqam\u0259ti b\u00f6y\u00fck \u015f\u0259h\u0259rl\u0259r\u0259 salan radikal &#8220;Taliban&#8221; h\u0259r\u0259kat\u0131n\u0131n silahl\u0131lar\u0131 aras\u0131nda qar\u015f\u0131durma gedir.<\/p>\n","protected":false},"author":2,"featured_media":36941,"comment_status":"closed","ping_status":"closed","sticky":false,"template":"","format":"standard","meta":{"om_disable_all_campaigns":false,"_monsterinsights_skip_tracking":false,"_monsterinsights_sitenote_active":false,"_monsterinsights_sitenote_note":"","_monsterinsights_sitenote_category":0},"categories":[7],"tags":[],"aioseo_notices":[],"gutentor_comment":0,"rttpg_featured_image_url":{"full":["https:\/\/arantv.az\/wp-content\/uploads\/2019\/02\/727702.jpg",800,600,false],"landscape":["https:\/\/arantv.az\/wp-content\/uploads\/2019\/02\/727702.jpg",800,600,false],"portraits":["https:\/\/arantv.az\/wp-content\/uploads\/2019\/02\/727702.jpg",800,600,false],"thumbnail":["https:\/\/arantv.az\/wp-content\/uploads\/2019\/02\/727702-150x150.jpg",150,150,true],"medium":["https:\/\/arantv.az\/wp-content\/uploads\/2019\/02\/727702-300x225.jpg",300,225,true],"large":["https:\/\/arantv.az\/wp-content\/uploads\/2019\/02\/727702.jpg",640,480,false],"1536x1536":["https:\/\/arantv.az\/wp-content\/uploads\/2019\/02\/727702.jpg",800,600,false],"2048x2048":["https:\/\/arantv.az\/wp-content\/uploads\/2019\/02\/727702.jpg",800,600,false],"post-thumbnail":["https:\/\/arantv.az\/wp-content\/uploads\/2019\/02\/727702-240x172.jpg",240,172,true],"advps-thumb-one":["https:\/\/arantv.az\/wp-content\/uploads\/2019\/02\/727702.jpg",800,600,false]},"rttpg_author":{"display_name":"V\u00fcsal Rafiqo\u011flu","author_link":"https:\/\/arantv.az\/?author=2"},"rttpg_comment":0,"rttpg_category":"<a href=\"https:\/\/arantv.az\/?cat=7\" rel=\"category\">D\u00fcnya<\/a>","rttpg_excerpt":"\u018ffqan\u0131stan\u0131n \u015fimal-\u015f\u0259rqind\u0259ki Ba\u011flan vilay\u0259tind\u0259 radikal &#8220;Taliban&#8221; h\u0259r\u0259kat\u0131n\u0131n silahl\u0131lar\u0131n\u0131n n\u0259zar\u0259t-burax\u0131l\u0131\u015f m\u0259nt\u0259q\u0259sin\u0259 h\u00fccumu zaman\u0131 az\u0131 10 polis \u00f6l\u00fcb. ARANTV.AZ report-a istinad\u0259n bildirir ki,\u00a0hadis\u0259 d\u00fcn\u0259n gec\u0259 ba\u015f verib. Daha 28 t\u0259hl\u00fck\u0259sizlik q\u00fcvv\u0259l\u0259ri \u0259m\u0259kda\u015f\u0131 is\u0259 &#8220;talib&#8221;l\u0259rin Kunduz vilay\u0259tind\u0259 h\u0259yata ke\u00e7irdiyi h\u00fccum n\u0259tic\u0259sind\u0259 h\u0259lak olublar. Hadis\u0259nin t\u0259f\u0259rr\u00fcatlar\u0131 bar\u0259d\u0259 m\u0259lumat verilmir. Qeyd ed\u0259k ki, \u018ffqan\u0131standa h\u00f6kum\u0259t q\u00fcvv\u0259l\u0259ri il\u0259 daha \u0259vv\u0259l \u00f6lk\u0259nin&hellip;","_links":{"self":[{"href":"https:\/\/arantv.az\/index.php?rest_route=\/wp\/v2\/posts\/36940"}],"collection":[{"href":"https:\/\/arantv.az\/index.php?rest_route=\/wp\/v2\/posts"}],"about":[{"href":"https:\/\/arantv.az\/index.php?rest_route=\/wp\/v2\/types\/post"}],"author":[{"embeddable":true,"href":"https:\/\/arantv.az\/index.php?rest_route=\/wp\/v2\/users\/2"}],"replies":[{"embeddable":true,"href":"https:\/\/arantv.az\/index.php?rest_route=%2Fwp%2Fv2%2Fcomments&post=36940"}],"version-history":[{"count":0,"href":"https:\/\/arantv.az\/index.php?rest_route=\/wp\/v2\/posts\/36940\/revisions"}],"wp:featuredmedia":[{"embeddable":true,"href":"https:\/\/arantv.az\/index.php?rest_route=\/wp\/v2\/media\/36941"}],"wp:attachment":[{"href":"https:\/\/arantv.az\/index.php?rest_route=%2Fwp%2Fv2%2Fmedia&parent=36940"}],"wp:term":[{"taxonomy":"category","embeddable":true,"href":"https:\/\/arantv.az\/index.php?rest_route=%2Fwp%2Fv2%2Fcategories&post=36940"},{"taxonomy":"post_tag","embeddable":true,"href":"https:\/\/arantv.az\/index.php?rest_route=%2Fwp%2Fv2%2Ftags&post=36940"}],"curies":[{"name":"wp","href":"https:\/\/api.w.org\/{rel}","templated":true}]}}