{"id":36955,"date":"2019-02-05T14:29:15","date_gmt":"2019-02-05T11:29:15","guid":{"rendered":"http:\/\/arantv.az\/?p=36955"},"modified":"2019-02-05T14:29:15","modified_gmt":"2019-02-05T11:29:15","slug":"%c9%99li-%c9%99hm%c9%99dov-b%c9%99l%c9%99diyy%c9%99-seckil%c9%99rind%c9%99-daha-cox-g%c9%99ncl%c9%99r-namiz%c9%99d-olacaq","status":"publish","type":"post","link":"https:\/\/arantv.az\/?p=36955","title":{"rendered":"\u018fli \u018fhm\u0259dov: B\u0259l\u0259diyy\u0259 se\u00e7kil\u0259rind\u0259 daha \u00e7ox g\u0259ncl\u0259r namiz\u0259d olacaq"},"content":{"rendered":"<p>Az\u0259rbaycan\u0131n inki\u015faf\u0131n\u0131 g\u00f6z\u00fc g\u00f6t\u00fcrm\u0259y\u0259n q\u00fcvv\u0259l\u0259r var. Onlar bundan q\u0131c\u0131qlan\u0131r, bizim inki\u015faf\u0131m\u0131zdan m\u0259yus olurlar. \u0130nki\u015faf\u0131n qar\u015f\u0131s\u0131n\u0131 almaq \u00fc\u00e7\u00fcn m\u00fcxt\u0259lif formada t\u0259dbirl\u0259r g\u00f6rm\u0259y\u0259 \u00e7al\u0131\u015f\u0131rlar.<\/p>\n<p><b>ARANTV.AZ\u00a0<\/b>m\u0259lumat verir ki, bunu ba\u015f nazirin m\u00fcavini, Yeni Az\u0259rbaycan Partiyas\u0131n\u0131n (YAP) icra katibi &#8211; s\u0259dr m\u00fcavini \u018fli \u018fhm\u0259dov YAP-da g\u0259ncl\u0259rl\u0259 ke\u00e7iril\u0259n g\u00f6r\u00fc\u015fd\u0259 deyib.<\/p>\n<p>\u0130cra katibi bildirib ki, b\u0259lk\u0259 d\u0259, bunu normal q\u0259bul etm\u0259k olar:<\/p>\n<div id=\"AdributorNativeVideo0\" class=\"AdributorNativeVideo\"><\/div>\n<p>\u201c\u00c7\u00fcnki inki\u015faf ed\u0259n d\u00f6vl\u0259t\u0259 ayr\u0131-ayr\u0131 d\u00f6vl\u0259tl\u0259rin v\u0259 yaxud ayr\u0131-ayr\u0131 beyn\u0259lxalq t\u0259\u015fkilatlar\u0131n q\u0131c\u0131qlanmas\u0131 bir q\u0259d\u0259r ba\u015fad\u00fc\u015f\u00fcl\u0259ndir.<\/p>\n<p>Ba\u015fa d\u00fc\u015f\u00fclm\u0259y\u0259n is\u0259 odur ki, \u00f6lk\u0259mizin daxilind\u0259 olan v\u0259 m\u00fcxalif\u0259t ad\u0131 alt\u0131nda Az\u0259rbaycana b\u00f6htan atan, reall\u0131qlar\u0131 t\u0259hrif ed\u0259r\u0259k v\u0259t\u0259nda\u015flar\u0131 \u00e7a\u015fd\u0131rma\u011fa \u00e7al\u0131\u015fanlar var. M\u0259n c\u0259miyy\u0259tin \u00e7ox c\u00fczi hiss\u0259sini t\u0259\u015fkil ed\u0259n radikal m\u00fcxalif\u0259t\u0259 dem\u0259k ist\u0259yir\u0259m ki, Az\u0259rbaycanda s\u00f6z azadl\u0131\u011f\u0131 t\u0259min edilir. Ancaq bundan sui-istifad\u0259 ed\u0259r\u0259k Az\u0259rbaycanda qar\u015f\u0131durma yaratma\u011fa \u00e7al\u0131\u015fan, \u00f6lk\u0259d\u0259ki sabitliyi pozmaq niyy\u0259tin\u0259 d\u00fc\u015f\u0259n q\u00fcvv\u0259l\u0259r d\u0259 var\u201d.<\/p>\n<p>\u018f.\u018fhm\u0259dov daha sonra qeyd edib ki, partiyan\u0131n s\u0131ralar\u0131nda \u00e7oxlu sayda g\u0259ncl\u0259r var:<\/p>\n<p>\u201cYAP-\u0131n 700 mind\u0259n \u00e7ox \u00fczv\u00fcn\u00fcn \u0259ks\u0259riyy\u0259ti g\u0259ncl\u0259rdir. H\u0259r il partiyaya 25-30 min aras\u0131nda yeni \u00fczvl\u0259r q\u0259bul olunur v\u0259 bu \u00fczvl\u0259r aras\u0131nda g\u0259ncl\u0259r \u00fcst\u00fcnl\u00fck t\u0259\u015fkil edir\u201d.<\/p>\n<p>YAP-\u0131n icra katibi vur\u011fulay\u0131b ki, partiya \u00f6z imkanlar\u0131 \u00e7\u0259r\u00e7iv\u0259sind\u0259 g\u0259ncl\u0259r\u0259 \u015f\u0259rait yarad\u0131r ki, f\u0259all\u0131qlar\u0131n\u0131 n\u00fcmayi\u015f etdirsinl\u0259r:<\/p>\n<p>\u201c2019-cu ilin dekabr\u0131nda n\u00f6vb\u0259ti b\u0259l\u0259diyy\u0259 se\u00e7kil\u0259ri ke\u00e7iril\u0259c\u0259k. Biz \u00e7al\u0131\u015faca\u011f\u0131q ki, f\u0259al g\u0259ncl\u0259rimiz se\u00e7kid\u0259 namiz\u0259d qismind\u0259 i\u015ftirak etsin v\u0259 \u00f6zl\u0259rini s\u0131nas\u0131nlar. Bununla da \u00f6lk\u0259nin ictimai-siyasi h\u0259yat\u0131nda daha yax\u0131ndan i\u015ftirak etm\u0259k imkanlar\u0131 \u0259ld\u0259 etsinl\u0259r\u201d.<\/p>\n<p>oxu.az<\/p>\n","protected":false},"excerpt":{"rendered":"<p>Az\u0259rbaycan\u0131n inki\u015faf\u0131n\u0131 g\u00f6z\u00fc g\u00f6t\u00fcrm\u0259y\u0259n q\u00fcvv\u0259l\u0259r var. Onlar bundan q\u0131c\u0131qlan\u0131r, bizim inki\u015faf\u0131m\u0131zdan m\u0259yus olurlar. \u0130nki\u015faf\u0131n qar\u015f\u0131s\u0131n\u0131 almaq \u00fc\u00e7\u00fcn m\u00fcxt\u0259lif formada t\u0259dbirl\u0259r g\u00f6rm\u0259y\u0259 \u00e7al\u0131\u015f\u0131rlar. ARANTV.AZ\u00a0m\u0259lumat verir ki, bunu ba\u015f nazirin m\u00fcavini, Yeni Az\u0259rbaycan Partiyas\u0131n\u0131n (YAP) icra katibi &#8211; s\u0259dr m\u00fcavini \u018fli \u018fhm\u0259dov YAP-da g\u0259ncl\u0259rl\u0259 ke\u00e7iril\u0259n g\u00f6r\u00fc\u015fd\u0259 deyib. \u0130cra katibi bildirib ki, b\u0259lk\u0259 d\u0259, bunu normal q\u0259bul etm\u0259k olar: \u201c\u00c7\u00fcnki inki\u015faf ed\u0259n d\u00f6vl\u0259t\u0259 ayr\u0131-ayr\u0131 d\u00f6vl\u0259tl\u0259rin v\u0259 yaxud ayr\u0131-ayr\u0131 beyn\u0259lxalq t\u0259\u015fkilatlar\u0131n q\u0131c\u0131qlanmas\u0131 bir q\u0259d\u0259r ba\u015fad\u00fc\u015f\u00fcl\u0259ndir. Ba\u015fa d\u00fc\u015f\u00fclm\u0259y\u0259n is\u0259 odur ki, \u00f6lk\u0259mizin daxilind\u0259 olan v\u0259 m\u00fcxalif\u0259t ad\u0131 alt\u0131nda Az\u0259rbaycana b\u00f6htan atan, reall\u0131qlar\u0131 t\u0259hrif ed\u0259r\u0259k v\u0259t\u0259nda\u015flar\u0131&hellip;<\/p>\n","protected":false},"author":2,"featured_media":36956,"comment_status":"closed","ping_status":"closed","sticky":false,"template":"","format":"standard","meta":{"om_disable_all_campaigns":false,"_monsterinsights_skip_tracking":false,"_monsterinsights_sitenote_active":false,"_monsterinsights_sitenote_note":"","_monsterinsights_sitenote_category":0},"categories":[4],"tags":[],"aioseo_notices":[],"gutentor_comment":0,"rttpg_featured_image_url":{"full":["https:\/\/arantv.az\/wp-content\/uploads\/2019\/02\/ALI-AHMADOV-OXU.jpg",620,413,false],"landscape":["https:\/\/arantv.az\/wp-content\/uploads\/2019\/02\/ALI-AHMADOV-OXU.jpg",620,413,false],"portraits":["https:\/\/arantv.az\/wp-content\/uploads\/2019\/02\/ALI-AHMADOV-OXU.jpg",620,413,false],"thumbnail":["https:\/\/arantv.az\/wp-content\/uploads\/2019\/02\/ALI-AHMADOV-OXU-150x150.jpg",150,150,true],"medium":["https:\/\/arantv.az\/wp-content\/uploads\/2019\/02\/ALI-AHMADOV-OXU-300x200.jpg",300,200,true],"large":["https:\/\/arantv.az\/wp-content\/uploads\/2019\/02\/ALI-AHMADOV-OXU.jpg",620,413,false],"1536x1536":["https:\/\/arantv.az\/wp-content\/uploads\/2019\/02\/ALI-AHMADOV-OXU.jpg",620,413,false],"2048x2048":["https:\/\/arantv.az\/wp-content\/uploads\/2019\/02\/ALI-AHMADOV-OXU.jpg",620,413,false],"post-thumbnail":["https:\/\/arantv.az\/wp-content\/uploads\/2019\/02\/ALI-AHMADOV-OXU-240x172.jpg",240,172,true],"advps-thumb-one":["https:\/\/arantv.az\/wp-content\/uploads\/2019\/02\/ALI-AHMADOV-OXU.jpg",620,413,false]},"rttpg_author":{"display_name":"V\u00fcsal Rafiqo\u011flu","author_link":"https:\/\/arantv.az\/?author=2"},"rttpg_comment":0,"rttpg_category":"<a href=\"https:\/\/arantv.az\/?cat=4\" rel=\"category\">Siyas\u0259t<\/a>","rttpg_excerpt":"Az\u0259rbaycan\u0131n inki\u015faf\u0131n\u0131 g\u00f6z\u00fc g\u00f6t\u00fcrm\u0259y\u0259n q\u00fcvv\u0259l\u0259r var. Onlar bundan q\u0131c\u0131qlan\u0131r, bizim inki\u015faf\u0131m\u0131zdan m\u0259yus olurlar. \u0130nki\u015faf\u0131n qar\u015f\u0131s\u0131n\u0131 almaq \u00fc\u00e7\u00fcn m\u00fcxt\u0259lif formada t\u0259dbirl\u0259r g\u00f6rm\u0259y\u0259 \u00e7al\u0131\u015f\u0131rlar. ARANTV.AZ\u00a0m\u0259lumat verir ki, bunu ba\u015f nazirin m\u00fcavini, Yeni Az\u0259rbaycan Partiyas\u0131n\u0131n (YAP) icra katibi &#8211; s\u0259dr m\u00fcavini \u018fli \u018fhm\u0259dov YAP-da g\u0259ncl\u0259rl\u0259 ke\u00e7iril\u0259n g\u00f6r\u00fc\u015fd\u0259 deyib. \u0130cra katibi bildirib ki, b\u0259lk\u0259 d\u0259, bunu normal q\u0259bul etm\u0259k&hellip;","_links":{"self":[{"href":"https:\/\/arantv.az\/index.php?rest_route=\/wp\/v2\/posts\/36955"}],"collection":[{"href":"https:\/\/arantv.az\/index.php?rest_route=\/wp\/v2\/posts"}],"about":[{"href":"https:\/\/arantv.az\/index.php?rest_route=\/wp\/v2\/types\/post"}],"author":[{"embeddable":true,"href":"https:\/\/arantv.az\/index.php?rest_route=\/wp\/v2\/users\/2"}],"replies":[{"embeddable":true,"href":"https:\/\/arantv.az\/index.php?rest_route=%2Fwp%2Fv2%2Fcomments&post=36955"}],"version-history":[{"count":0,"href":"https:\/\/arantv.az\/index.php?rest_route=\/wp\/v2\/posts\/36955\/revisions"}],"wp:featuredmedia":[{"embeddable":true,"href":"https:\/\/arantv.az\/index.php?rest_route=\/wp\/v2\/media\/36956"}],"wp:attachment":[{"href":"https:\/\/arantv.az\/index.php?rest_route=%2Fwp%2Fv2%2Fmedia&parent=36955"}],"wp:term":[{"taxonomy":"category","embeddable":true,"href":"https:\/\/arantv.az\/index.php?rest_route=%2Fwp%2Fv2%2Fcategories&post=36955"},{"taxonomy":"post_tag","embeddable":true,"href":"https:\/\/arantv.az\/index.php?rest_route=%2Fwp%2Fv2%2Ftags&post=36955"}],"curies":[{"name":"wp","href":"https:\/\/api.w.org\/{rel}","templated":true}]}}