{"id":36997,"date":"2019-02-05T16:28:22","date_gmt":"2019-02-05T13:28:22","guid":{"rendered":"http:\/\/arantv.az\/?p=36997"},"modified":"2019-02-05T16:28:22","modified_gmt":"2019-02-05T13:28:22","slug":"gurcustanda-2-az%c9%99rbaycanli-ail%c9%99-arasinda-qan-davasi-dusub-k%c9%99ndd%c9%99-g%c9%99rginlik-yaranib","status":"publish","type":"post","link":"https:\/\/arantv.az\/?p=36997","title":{"rendered":"G\u00fcrc\u00fcstanda 2 az\u0259rbaycanl\u0131 ail\u0259 aras\u0131nda qan davas\u0131 d\u00fc\u015f\u00fcb, k\u0259ndd\u0259 g\u0259rginlik yaran\u0131b"},"content":{"rendered":"<p><strong>G\u00fcrc\u00fcstan\u0131n Telavi rayonunun Qaracalar k\u0259ndind\u0259 fevral\u0131n 1-d\u0259 q\u0259tl\u0259 yetiril\u0259n 19 ya\u015fl\u0131\u00a0Radim Qurbanovun yax\u0131n qohumlar\u0131 v\u0259 k\u0259nd sakinl\u0259ri etiraz aksiyas\u0131 ke\u00e7iribl\u0259r.<\/strong><\/p>\n<p><strong>ARANTV.AZ<\/strong> report-a istinad\u0259n bildirir ki, onlar q\u0259tli t\u00f6r\u0259d\u0259n \u015f\u0259xsin ail\u0259sinin k\u0259ndd\u0259n k\u00f6\u00e7\u00fcr\u00fclm\u0259sini t\u0259l\u0259b edibl\u0259r.<\/p>\n<p>G\u0259ncin \u00f6ld\u00fcr\u00fclm\u0259sin\u0259 s\u0259b\u0259b k\u0259ndd\u0259 ya\u015fayan iki ail\u0259 aras\u0131nda m\u00fcnaqi\u015f\u0259 olub. M\u00fcnaqi\u015f\u0259 10 il bundan \u00f6nc\u0259 b\u0259db\u0259xt hadis\u0259d\u0259n sonra yaran\u0131b. Bel\u0259 ki, q\u0259tl\u0259 yetiril\u0259n g\u0259nc v\u0259 q\u0259tli t\u00f6r\u0259d\u0259n \u015f\u0259xs qoyun otaran zaman ov t\u00fcf\u0259ngi il\u0259\u00a0ehtiyats\u0131z davran\u0131blar, n\u0259tic\u0259d\u0259 silahdan a\u00e7\u0131lan at\u0259\u015f yax\u0131nl\u0131qdak\u0131 o\u011flan\u0131n \u00f6l\u00fcm\u00fcn\u0259 s\u0259b\u0259b olub. H\u0259min o\u011flan q\u0259tli t\u00f6r\u0259d\u0259n \u015f\u0259xsin qarda\u015f\u0131 olub.<\/p>\n<div id=\"AdributorNativeVideo0\" class=\"AdributorNativeVideo\"><\/div>\n<p>On doqquz\u00a0ya\u015fl\u0131 az\u0259rbaycanl\u0131n\u0131 10 il bundan qabaq b\u0259db\u0259xt hadis\u0259 zaman\u0131 \u00f6l\u0259n o\u011flan\u0131n qarda\u015f\u0131 qisas z\u0259minind\u0259 q\u0259tl\u0259 yetirib. O, polis\u0259 t\u0259slim olub. Faktla ba\u011fl\u0131 q\u0259sd\u0259n adam\u00f6ld\u00fcrm\u0259 madd\u0259si \u00fczr\u0259 cinay\u0259t i\u015fi a\u00e7\u0131l\u0131b, istintaq apar\u0131l\u0131r.<\/p>\n<p>Q\u0259tl\u0259 yetiril\u0259n g\u0259ncin bac\u0131s\u0131 Radmila Qurbanova q\u0259tli t\u00f6r\u0259d\u0259n \u015f\u0259xsin ail\u0259sinin k\u0259ndd\u0259n k\u00f6\u00e7\u00fcr\u00fclm\u0259y\u0259c\u0259yi halda, onlar\u0131n evl\u0259rin\u0259 od vurmaq v\u0259 q\u0259tll\u0259 h\u0259d\u0259l\u0259yib.<\/p>\n","protected":false},"excerpt":{"rendered":"<p>G\u00fcrc\u00fcstan\u0131n Telavi rayonunun Qaracalar k\u0259ndind\u0259 fevral\u0131n 1-d\u0259 q\u0259tl\u0259 yetiril\u0259n 19 ya\u015fl\u0131\u00a0Radim Qurbanovun yax\u0131n qohumlar\u0131 v\u0259 k\u0259nd sakinl\u0259ri etiraz aksiyas\u0131 ke\u00e7iribl\u0259r. ARANTV.AZ report-a istinad\u0259n bildirir ki, onlar q\u0259tli t\u00f6r\u0259d\u0259n \u015f\u0259xsin ail\u0259sinin k\u0259ndd\u0259n k\u00f6\u00e7\u00fcr\u00fclm\u0259sini t\u0259l\u0259b edibl\u0259r. G\u0259ncin \u00f6ld\u00fcr\u00fclm\u0259sin\u0259 s\u0259b\u0259b k\u0259ndd\u0259 ya\u015fayan iki ail\u0259 aras\u0131nda m\u00fcnaqi\u015f\u0259 olub. M\u00fcnaqi\u015f\u0259 10 il bundan \u00f6nc\u0259 b\u0259db\u0259xt hadis\u0259d\u0259n sonra yaran\u0131b. Bel\u0259 ki, q\u0259tl\u0259 yetiril\u0259n g\u0259nc v\u0259 q\u0259tli t\u00f6r\u0259d\u0259n \u015f\u0259xs qoyun otaran zaman ov t\u00fcf\u0259ngi il\u0259\u00a0ehtiyats\u0131z davran\u0131blar, n\u0259tic\u0259d\u0259 silahdan a\u00e7\u0131lan at\u0259\u015f yax\u0131nl\u0131qdak\u0131 o\u011flan\u0131n \u00f6l\u00fcm\u00fcn\u0259 s\u0259b\u0259b olub. H\u0259min o\u011flan q\u0259tli t\u00f6r\u0259d\u0259n \u015f\u0259xsin qarda\u015f\u0131 olub. On doqquz\u00a0ya\u015fl\u0131 az\u0259rbaycanl\u0131n\u0131 10 il&hellip;<\/p>\n","protected":false},"author":2,"featured_media":36998,"comment_status":"closed","ping_status":"closed","sticky":false,"template":"","format":"standard","meta":{"om_disable_all_campaigns":false,"_monsterinsights_skip_tracking":false,"_monsterinsights_sitenote_active":false,"_monsterinsights_sitenote_note":"","_monsterinsights_sitenote_category":0},"categories":[7],"tags":[],"aioseo_notices":[],"gutentor_comment":0,"rttpg_featured_image_url":{"full":["https:\/\/arantv.az\/wp-content\/uploads\/2019\/02\/727785.jpg",800,600,false],"landscape":["https:\/\/arantv.az\/wp-content\/uploads\/2019\/02\/727785.jpg",800,600,false],"portraits":["https:\/\/arantv.az\/wp-content\/uploads\/2019\/02\/727785.jpg",800,600,false],"thumbnail":["https:\/\/arantv.az\/wp-content\/uploads\/2019\/02\/727785-150x150.jpg",150,150,true],"medium":["https:\/\/arantv.az\/wp-content\/uploads\/2019\/02\/727785-300x225.jpg",300,225,true],"large":["https:\/\/arantv.az\/wp-content\/uploads\/2019\/02\/727785.jpg",640,480,false],"1536x1536":["https:\/\/arantv.az\/wp-content\/uploads\/2019\/02\/727785.jpg",800,600,false],"2048x2048":["https:\/\/arantv.az\/wp-content\/uploads\/2019\/02\/727785.jpg",800,600,false],"post-thumbnail":["https:\/\/arantv.az\/wp-content\/uploads\/2019\/02\/727785-240x172.jpg",240,172,true],"advps-thumb-one":["https:\/\/arantv.az\/wp-content\/uploads\/2019\/02\/727785.jpg",800,600,false]},"rttpg_author":{"display_name":"V\u00fcsal Rafiqo\u011flu","author_link":"https:\/\/arantv.az\/?author=2"},"rttpg_comment":0,"rttpg_category":"<a href=\"https:\/\/arantv.az\/?cat=7\" rel=\"category\">D\u00fcnya<\/a>","rttpg_excerpt":"G\u00fcrc\u00fcstan\u0131n Telavi rayonunun Qaracalar k\u0259ndind\u0259 fevral\u0131n 1-d\u0259 q\u0259tl\u0259 yetiril\u0259n 19 ya\u015fl\u0131\u00a0Radim Qurbanovun yax\u0131n qohumlar\u0131 v\u0259 k\u0259nd sakinl\u0259ri etiraz aksiyas\u0131 ke\u00e7iribl\u0259r. ARANTV.AZ report-a istinad\u0259n bildirir ki, onlar q\u0259tli t\u00f6r\u0259d\u0259n \u015f\u0259xsin ail\u0259sinin k\u0259ndd\u0259n k\u00f6\u00e7\u00fcr\u00fclm\u0259sini t\u0259l\u0259b edibl\u0259r. G\u0259ncin \u00f6ld\u00fcr\u00fclm\u0259sin\u0259 s\u0259b\u0259b k\u0259ndd\u0259 ya\u015fayan iki ail\u0259 aras\u0131nda m\u00fcnaqi\u015f\u0259 olub. M\u00fcnaqi\u015f\u0259 10 il bundan \u00f6nc\u0259 b\u0259db\u0259xt hadis\u0259d\u0259n sonra yaran\u0131b. Bel\u0259 ki,&hellip;","_links":{"self":[{"href":"https:\/\/arantv.az\/index.php?rest_route=\/wp\/v2\/posts\/36997"}],"collection":[{"href":"https:\/\/arantv.az\/index.php?rest_route=\/wp\/v2\/posts"}],"about":[{"href":"https:\/\/arantv.az\/index.php?rest_route=\/wp\/v2\/types\/post"}],"author":[{"embeddable":true,"href":"https:\/\/arantv.az\/index.php?rest_route=\/wp\/v2\/users\/2"}],"replies":[{"embeddable":true,"href":"https:\/\/arantv.az\/index.php?rest_route=%2Fwp%2Fv2%2Fcomments&post=36997"}],"version-history":[{"count":0,"href":"https:\/\/arantv.az\/index.php?rest_route=\/wp\/v2\/posts\/36997\/revisions"}],"wp:featuredmedia":[{"embeddable":true,"href":"https:\/\/arantv.az\/index.php?rest_route=\/wp\/v2\/media\/36998"}],"wp:attachment":[{"href":"https:\/\/arantv.az\/index.php?rest_route=%2Fwp%2Fv2%2Fmedia&parent=36997"}],"wp:term":[{"taxonomy":"category","embeddable":true,"href":"https:\/\/arantv.az\/index.php?rest_route=%2Fwp%2Fv2%2Fcategories&post=36997"},{"taxonomy":"post_tag","embeddable":true,"href":"https:\/\/arantv.az\/index.php?rest_route=%2Fwp%2Fv2%2Ftags&post=36997"}],"curies":[{"name":"wp","href":"https:\/\/api.w.org\/{rel}","templated":true}]}}