{"id":37000,"date":"2019-02-05T16:29:04","date_gmt":"2019-02-05T13:29:04","guid":{"rendered":"http:\/\/arantv.az\/?p=37000"},"modified":"2019-02-05T16:29:04","modified_gmt":"2019-02-05T13:29:04","slug":"%c9%99rdogan-menbicd%c9%99ki-terrorculara-x%c9%99b%c9%99rdarliq-etdi","status":"publish","type":"post","link":"https:\/\/arantv.az\/?p=37000","title":{"rendered":"\u018frdo\u011fan Menbi\u00e7d\u0259ki terror\u00e7ulara x\u0259b\u0259rdarl\u0131q etdi"},"content":{"rendered":"<blockquote><p><em><strong>AB\u015e biz\u0259 verdiyi s\u00f6z\u0259 \u0259m\u0259l etm\u0259zs\u0259, \u00f6z g\u00f6b\u0259yimizi \u00f6z\u00fcm\u00fcz k\u0259s\u0259c\u0259yik.<\/strong><\/em><\/p><\/blockquote>\n<p><strong>ARANTV.AZ<\/strong> report-a istinad\u0259n bildirir ki, bunu T\u00fcrkiy\u0259 Prezidenti\u00a0R\u0259c\u0259b Tayyib \u018frdo\u011fan\u00a0\u018fdal\u0259t v\u0259 \u0130nki\u015faf Partiyas\u0131n\u0131n (AKP) parlament fraksiyas\u0131n\u0131n geni\u015fl\u0259ndirilmi\u015f toplant\u0131s\u0131nda bildirib.<\/p>\n<p>&#8220;Bizim \u00fc\u00e7\u00fcn \u00f6lk\u0259mizd\u0259ki terror\u00e7ular\u0131n t\u0259hdidi n\u0259dirs\u0259, Suriyadak\u0131 terror\u00e7ular\u0131n da h\u0259d\u0259si eynidir. T\u0259hl\u00fck\u0259sizliyimizi saxlamaq \u00fc\u00e7\u00fcn yegan\u0259 yol Suriyada terror qrupla\u015fmalar\u0131n\u0131n m\u0259nb\u0259yini qurutmaqd\u0131r. F\u0259rat \u00e7ay\u0131n\u0131n \u015f\u0259rqi v\u0259 Menbi\u00e7 g\u00fcnd\u0259liyimizd\u0259dir. AB\u015e-\u0131n verdiyi v\u0259di yerin\u0259 yetirm\u0259sini g\u00f6zl\u0259yirik. Menbi\u00e7 ortada qald\u0131qca rejimin (B\u0259\u015f\u015far \u018fs\u0259di n\u0259z\u0259rd\u0259 tutur &#8211; red.) i\u015ftahas\u0131 art\u0131r. Siyasi v\u0259 diplomatik m\u00fcbariz\u0259 il\u0259 yana\u015f\u0131, bir s\u0131ra h\u0259rbi haz\u0131rl\u0131qlar\u0131m\u0131z\u0131 da davam etdiririk. AB\u015e Prezidenti Donald Trampla bu istiqam\u0259td\u0259 apard\u0131\u011f\u0131m\u0131z\u00a0m\u00fczakir\u0259l\u0259r \u00e7ox m\u0259hsuldard\u0131r. Ancaq eyni fikri a\u015fa\u011f\u0131 s\u0259viyy\u0259d\u0259 apard\u0131\u011f\u0131m\u0131z dan\u0131\u015fqlar bar\u0259d\u0259 dey\u0259 bilmirik. Biz raz\u0131la\u015fmalara sadiqik. Ancaq s\u0259brimiz d\u0259 s\u0259rh\u0259dsiz deyil. Menbi\u00e7d\u0259ki terror\u00e7ular bir ne\u00e7\u0259 h\u0259ft\u0259y\u0259 oradan \u00e7\u0131xar\u0131lmazsa, m\u00f6hl\u0259timiz ba\u015fa \u00e7atacaq. \u00d6z planlar\u0131m\u0131z\u0131 h\u0259yata ke\u00e7ir\u0259c\u0259yik. Suriya il\u0259 ba\u011fl\u0131 siyas\u0259timiz d\u0259 g\u00f6t\u00fcrd\u00fcy\u00fcm\u00fcz \u00f6hd\u0259likl\u0259r\u0259 \u0259m\u0259l ed\u0259c\u0259yik. B\u00f6lg\u0259d\u0259ki tayfalar bizd\u0259n &#8220;n\u0259 vaxt g\u0259lirsiniz&#8221; dey\u0259 soru\u015furlar&#8221;, &#8211; o vur\u011fulay\u0131b.<\/p>\n<div id=\"AdributorNativeVideo0\" class=\"AdributorNativeVideo\"><\/div>\n<p>Qeyd ed\u0259k ki, terror\u00e7u PKK\/YPG-PYD qrupla\u015fmas\u0131 AB\u015e-\u0131n d\u0259st\u0259yi il\u0259 Menbi\u00e7i\u00a0i\u015f\u011fal edib.<\/p>\n","protected":false},"excerpt":{"rendered":"<p>AB\u015e biz\u0259 verdiyi s\u00f6z\u0259 \u0259m\u0259l etm\u0259zs\u0259, \u00f6z g\u00f6b\u0259yimizi \u00f6z\u00fcm\u00fcz k\u0259s\u0259c\u0259yik. ARANTV.AZ report-a istinad\u0259n bildirir ki, bunu T\u00fcrkiy\u0259 Prezidenti\u00a0R\u0259c\u0259b Tayyib \u018frdo\u011fan\u00a0\u018fdal\u0259t v\u0259 \u0130nki\u015faf Partiyas\u0131n\u0131n (AKP) parlament fraksiyas\u0131n\u0131n geni\u015fl\u0259ndirilmi\u015f toplant\u0131s\u0131nda bildirib. &#8220;Bizim \u00fc\u00e7\u00fcn \u00f6lk\u0259mizd\u0259ki terror\u00e7ular\u0131n t\u0259hdidi n\u0259dirs\u0259, Suriyadak\u0131 terror\u00e7ular\u0131n da h\u0259d\u0259si eynidir. T\u0259hl\u00fck\u0259sizliyimizi saxlamaq \u00fc\u00e7\u00fcn yegan\u0259 yol Suriyada terror qrupla\u015fmalar\u0131n\u0131n m\u0259nb\u0259yini qurutmaqd\u0131r. F\u0259rat \u00e7ay\u0131n\u0131n \u015f\u0259rqi v\u0259 Menbi\u00e7 g\u00fcnd\u0259liyimizd\u0259dir. AB\u015e-\u0131n verdiyi v\u0259di yerin\u0259 yetirm\u0259sini g\u00f6zl\u0259yirik. Menbi\u00e7 ortada qald\u0131qca rejimin (B\u0259\u015f\u015far \u018fs\u0259di n\u0259z\u0259rd\u0259 tutur &#8211; red.) i\u015ftahas\u0131 art\u0131r. Siyasi v\u0259 diplomatik m\u00fcbariz\u0259 il\u0259 yana\u015f\u0131, bir s\u0131ra h\u0259rbi haz\u0131rl\u0131qlar\u0131m\u0131z\u0131 da davam etdiririk. AB\u015e Prezidenti Donald&hellip;<\/p>\n","protected":false},"author":2,"featured_media":37001,"comment_status":"closed","ping_status":"closed","sticky":false,"template":"","format":"standard","meta":{"om_disable_all_campaigns":false,"_monsterinsights_skip_tracking":false,"_monsterinsights_sitenote_active":false,"_monsterinsights_sitenote_note":"","_monsterinsights_sitenote_category":0},"categories":[7],"tags":[],"aioseo_notices":[],"gutentor_comment":0,"rttpg_featured_image_url":{"full":["https:\/\/arantv.az\/wp-content\/uploads\/2019\/02\/686094.jpg",800,600,false],"landscape":["https:\/\/arantv.az\/wp-content\/uploads\/2019\/02\/686094.jpg",800,600,false],"portraits":["https:\/\/arantv.az\/wp-content\/uploads\/2019\/02\/686094.jpg",800,600,false],"thumbnail":["https:\/\/arantv.az\/wp-content\/uploads\/2019\/02\/686094-150x150.jpg",150,150,true],"medium":["https:\/\/arantv.az\/wp-content\/uploads\/2019\/02\/686094-300x225.jpg",300,225,true],"large":["https:\/\/arantv.az\/wp-content\/uploads\/2019\/02\/686094.jpg",640,480,false],"1536x1536":["https:\/\/arantv.az\/wp-content\/uploads\/2019\/02\/686094.jpg",800,600,false],"2048x2048":["https:\/\/arantv.az\/wp-content\/uploads\/2019\/02\/686094.jpg",800,600,false],"post-thumbnail":["https:\/\/arantv.az\/wp-content\/uploads\/2019\/02\/686094-240x172.jpg",240,172,true],"advps-thumb-one":["https:\/\/arantv.az\/wp-content\/uploads\/2019\/02\/686094.jpg",800,600,false]},"rttpg_author":{"display_name":"V\u00fcsal Rafiqo\u011flu","author_link":"https:\/\/arantv.az\/?author=2"},"rttpg_comment":0,"rttpg_category":"<a href=\"https:\/\/arantv.az\/?cat=7\" rel=\"category\">D\u00fcnya<\/a>","rttpg_excerpt":"AB\u015e biz\u0259 verdiyi s\u00f6z\u0259 \u0259m\u0259l etm\u0259zs\u0259, \u00f6z g\u00f6b\u0259yimizi \u00f6z\u00fcm\u00fcz k\u0259s\u0259c\u0259yik. ARANTV.AZ report-a istinad\u0259n bildirir ki, bunu T\u00fcrkiy\u0259 Prezidenti\u00a0R\u0259c\u0259b Tayyib \u018frdo\u011fan\u00a0\u018fdal\u0259t v\u0259 \u0130nki\u015faf Partiyas\u0131n\u0131n (AKP) parlament fraksiyas\u0131n\u0131n geni\u015fl\u0259ndirilmi\u015f toplant\u0131s\u0131nda bildirib. &#8220;Bizim \u00fc\u00e7\u00fcn \u00f6lk\u0259mizd\u0259ki terror\u00e7ular\u0131n t\u0259hdidi n\u0259dirs\u0259, Suriyadak\u0131 terror\u00e7ular\u0131n da h\u0259d\u0259si eynidir. T\u0259hl\u00fck\u0259sizliyimizi saxlamaq \u00fc\u00e7\u00fcn yegan\u0259 yol Suriyada terror qrupla\u015fmalar\u0131n\u0131n m\u0259nb\u0259yini qurutmaqd\u0131r. F\u0259rat \u00e7ay\u0131n\u0131n \u015f\u0259rqi v\u0259 Menbi\u00e7&hellip;","_links":{"self":[{"href":"https:\/\/arantv.az\/index.php?rest_route=\/wp\/v2\/posts\/37000"}],"collection":[{"href":"https:\/\/arantv.az\/index.php?rest_route=\/wp\/v2\/posts"}],"about":[{"href":"https:\/\/arantv.az\/index.php?rest_route=\/wp\/v2\/types\/post"}],"author":[{"embeddable":true,"href":"https:\/\/arantv.az\/index.php?rest_route=\/wp\/v2\/users\/2"}],"replies":[{"embeddable":true,"href":"https:\/\/arantv.az\/index.php?rest_route=%2Fwp%2Fv2%2Fcomments&post=37000"}],"version-history":[{"count":0,"href":"https:\/\/arantv.az\/index.php?rest_route=\/wp\/v2\/posts\/37000\/revisions"}],"wp:featuredmedia":[{"embeddable":true,"href":"https:\/\/arantv.az\/index.php?rest_route=\/wp\/v2\/media\/37001"}],"wp:attachment":[{"href":"https:\/\/arantv.az\/index.php?rest_route=%2Fwp%2Fv2%2Fmedia&parent=37000"}],"wp:term":[{"taxonomy":"category","embeddable":true,"href":"https:\/\/arantv.az\/index.php?rest_route=%2Fwp%2Fv2%2Fcategories&post=37000"},{"taxonomy":"post_tag","embeddable":true,"href":"https:\/\/arantv.az\/index.php?rest_route=%2Fwp%2Fv2%2Ftags&post=37000"}],"curies":[{"name":"wp","href":"https:\/\/api.w.org\/{rel}","templated":true}]}}