{"id":37007,"date":"2019-02-05T16:31:23","date_gmt":"2019-02-05T13:31:23","guid":{"rendered":"http:\/\/arantv.az\/?p=37007"},"modified":"2019-02-05T16:31:23","modified_gmt":"2019-02-05T13:31:23","slug":"%c9%99rdogan-turkiy%c9%99-c%c9%99nubi-qafqazda-daim-%c9%99dal%c9%99t-namin%c9%99-cixis-edib","status":"publish","type":"post","link":"https:\/\/arantv.az\/?p=37007","title":{"rendered":"\u018frdo\u011fan: &#8220;T\u00fcrkiy\u0259 C\u0259nubi Qafqazda daim \u0259dal\u0259t namin\u0259 \u00e7\u0131x\u0131\u015f edib&#8221;"},"content":{"rendered":"<blockquote><p><em><strong>T\u00fcrkiy\u0259 C\u0259nubi Qafqazda daim \u0259dal\u0259t namin\u0259 \u00e7\u0131x\u0131\u015f edib v\u0259 \u0259vv\u0259ll\u0259r oldu\u011fu kimi yen\u0259 \u00e7\u0131x\u0131\u015f ed\u0259c\u0259k.<\/strong><\/em><\/p><\/blockquote>\n<p><strong>ARANTV.AZ<\/strong> trend-\u0259 istinad\u0259n bildirir ki, bel\u0259 b\u0259yanatla T\u00fcrkiy\u0259 Prezidenti R\u0259c\u0259b Tayyib \u018frdo\u011fan \u00e7\u0131x\u0131\u015f edib.<\/p>\n<div id=\"AdributorNativeVideo0\" class=\"AdributorNativeVideo\"><\/div>\n<p>R.T.\u018frdo\u011fan h\u0259m\u00e7inin \u0259lav\u0259 edib ki, he\u00e7 bir \u0259ks q\u00fcvv\u0259 T\u00fcrkiy\u0259y\u0259 t\u0259zyiq ed\u0259 bilm\u0259z ki, C\u0259nubi Qafqazda \u0259dal\u0259ti d\u0259st\u0259kl\u0259m\u0259sin.<\/p>\n","protected":false},"excerpt":{"rendered":"<p>T\u00fcrkiy\u0259 C\u0259nubi Qafqazda daim \u0259dal\u0259t namin\u0259 \u00e7\u0131x\u0131\u015f edib v\u0259 \u0259vv\u0259ll\u0259r oldu\u011fu kimi yen\u0259 \u00e7\u0131x\u0131\u015f ed\u0259c\u0259k. ARANTV.AZ trend-\u0259 istinad\u0259n bildirir ki, bel\u0259 b\u0259yanatla T\u00fcrkiy\u0259 Prezidenti R\u0259c\u0259b Tayyib \u018frdo\u011fan \u00e7\u0131x\u0131\u015f edib. R.T.\u018frdo\u011fan h\u0259m\u00e7inin \u0259lav\u0259 edib ki, he\u00e7 bir \u0259ks q\u00fcvv\u0259 T\u00fcrkiy\u0259y\u0259 t\u0259zyiq ed\u0259 bilm\u0259z ki, C\u0259nubi Qafqazda \u0259dal\u0259ti d\u0259st\u0259kl\u0259m\u0259sin.<\/p>\n","protected":false},"author":2,"featured_media":37008,"comment_status":"closed","ping_status":"closed","sticky":false,"template":"","format":"standard","meta":{"om_disable_all_campaigns":false,"_monsterinsights_skip_tracking":false,"_monsterinsights_sitenote_active":false,"_monsterinsights_sitenote_note":"","_monsterinsights_sitenote_category":0},"categories":[7],"tags":[],"aioseo_notices":[],"gutentor_comment":0,"rttpg_featured_image_url":{"full":["https:\/\/arantv.az\/wp-content\/uploads\/2019\/02\/667385.jpg",800,600,false],"landscape":["https:\/\/arantv.az\/wp-content\/uploads\/2019\/02\/667385.jpg",800,600,false],"portraits":["https:\/\/arantv.az\/wp-content\/uploads\/2019\/02\/667385.jpg",800,600,false],"thumbnail":["https:\/\/arantv.az\/wp-content\/uploads\/2019\/02\/667385-150x150.jpg",150,150,true],"medium":["https:\/\/arantv.az\/wp-content\/uploads\/2019\/02\/667385-300x225.jpg",300,225,true],"large":["https:\/\/arantv.az\/wp-content\/uploads\/2019\/02\/667385.jpg",640,480,false],"1536x1536":["https:\/\/arantv.az\/wp-content\/uploads\/2019\/02\/667385.jpg",800,600,false],"2048x2048":["https:\/\/arantv.az\/wp-content\/uploads\/2019\/02\/667385.jpg",800,600,false],"post-thumbnail":["https:\/\/arantv.az\/wp-content\/uploads\/2019\/02\/667385-240x172.jpg",240,172,true],"advps-thumb-one":["https:\/\/arantv.az\/wp-content\/uploads\/2019\/02\/667385.jpg",800,600,false]},"rttpg_author":{"display_name":"V\u00fcsal Rafiqo\u011flu","author_link":"https:\/\/arantv.az\/?author=2"},"rttpg_comment":0,"rttpg_category":"<a href=\"https:\/\/arantv.az\/?cat=7\" rel=\"category\">D\u00fcnya<\/a>","rttpg_excerpt":"T\u00fcrkiy\u0259 C\u0259nubi Qafqazda daim \u0259dal\u0259t namin\u0259 \u00e7\u0131x\u0131\u015f edib v\u0259 \u0259vv\u0259ll\u0259r oldu\u011fu kimi yen\u0259 \u00e7\u0131x\u0131\u015f ed\u0259c\u0259k. ARANTV.AZ trend-\u0259 istinad\u0259n bildirir ki, bel\u0259 b\u0259yanatla T\u00fcrkiy\u0259 Prezidenti R\u0259c\u0259b Tayyib \u018frdo\u011fan \u00e7\u0131x\u0131\u015f edib. R.T.\u018frdo\u011fan h\u0259m\u00e7inin \u0259lav\u0259 edib ki, he\u00e7 bir \u0259ks q\u00fcvv\u0259 T\u00fcrkiy\u0259y\u0259 t\u0259zyiq ed\u0259 bilm\u0259z ki, C\u0259nubi Qafqazda \u0259dal\u0259ti d\u0259st\u0259kl\u0259m\u0259sin.","_links":{"self":[{"href":"https:\/\/arantv.az\/index.php?rest_route=\/wp\/v2\/posts\/37007"}],"collection":[{"href":"https:\/\/arantv.az\/index.php?rest_route=\/wp\/v2\/posts"}],"about":[{"href":"https:\/\/arantv.az\/index.php?rest_route=\/wp\/v2\/types\/post"}],"author":[{"embeddable":true,"href":"https:\/\/arantv.az\/index.php?rest_route=\/wp\/v2\/users\/2"}],"replies":[{"embeddable":true,"href":"https:\/\/arantv.az\/index.php?rest_route=%2Fwp%2Fv2%2Fcomments&post=37007"}],"version-history":[{"count":0,"href":"https:\/\/arantv.az\/index.php?rest_route=\/wp\/v2\/posts\/37007\/revisions"}],"wp:featuredmedia":[{"embeddable":true,"href":"https:\/\/arantv.az\/index.php?rest_route=\/wp\/v2\/media\/37008"}],"wp:attachment":[{"href":"https:\/\/arantv.az\/index.php?rest_route=%2Fwp%2Fv2%2Fmedia&parent=37007"}],"wp:term":[{"taxonomy":"category","embeddable":true,"href":"https:\/\/arantv.az\/index.php?rest_route=%2Fwp%2Fv2%2Fcategories&post=37007"},{"taxonomy":"post_tag","embeddable":true,"href":"https:\/\/arantv.az\/index.php?rest_route=%2Fwp%2Fv2%2Ftags&post=37007"}],"curies":[{"name":"wp","href":"https:\/\/api.w.org\/{rel}","templated":true}]}}