{"id":37025,"date":"2019-02-06T09:30:37","date_gmt":"2019-02-06T06:30:37","guid":{"rendered":"http:\/\/arantv.az\/?p=37025"},"modified":"2019-02-06T09:30:37","modified_gmt":"2019-02-06T06:30:37","slug":"%c9%99dliyy%c9%99-nazirinin-muavini-parlamentd%c9%99-hesabat-ver%c9%99c%c9%99k","status":"publish","type":"post","link":"https:\/\/arantv.az\/?p=37025","title":{"rendered":"\u018fdliyy\u0259 nazirinin m\u00fcavini parlamentd\u0259 hesabat ver\u0259c\u0259k"},"content":{"rendered":"<p>Milli M\u0259clisin (MM) yaz sessiyas\u0131n\u0131n\u00a0fevral\u0131n 12-d\u0259 ke\u00e7iril\u0259c\u0259k ikinci plenar iclas\u0131n\u0131n g\u00fcnd\u0259liyi m\u0259lum olub.<\/p>\n<p><b>ARANTV.AZ<\/b>-\u0131n m\u0259lumat\u0131na g\u00f6r\u0259, plenar iclas\u0131n g\u00fcnd\u0259liyin\u0259\u00a0ilkin olaraq 32 m\u0259s\u0259l\u0259 daxildir.<\/p>\n<p>G\u00fcnd\u0259liy\u0259 daxil edil\u0259n dig\u0259r m\u0259s\u0259l\u0259l\u0259r \u201cH\u0259rbi v\u0259zif\u0259 v\u0259 h\u0259rbi xidm\u0259t haqq\u0131nda\u201d, \u201cH\u0259bs yerl\u0259rind\u0259 saxlan\u0131lan \u015f\u0259xsl\u0259rin h\u00fcquq v\u0259 azadl\u0131qlar\u0131n\u0131n t\u0259min edilm\u0259si haqq\u0131nda\u201d, \u201cMilli M\u0259clisin komit\u0259l\u0259ri haqq\u0131nda\u201d, \u201cG\u0259ncl\u0259r siyas\u0259ti haqq\u0131nda\u201d, \u201cV\u0259kill\u0259r v\u0259 v\u0259killik f\u0259aliyy\u0259ti haqq\u0131nda\u201d, \u201cAz\u0259rbaycan Respublikas\u0131n\u0131n konsul Nizamnam\u0259si\u201d, \u201cSahibkarl\u0131q sah\u0259sind\u0259 apar\u0131lan yoxlamalar\u0131n dayand\u0131r\u0131lmas\u0131 haqq\u0131nda\u201d, \u201cValyuta t\u0259nzimi haqq\u0131nda\u201d qanunlar\u0131na, o c\u00fcml\u0259d\u0259n, C\u0259zalar\u0131n \u0130cras\u0131, \u0130nzibati X\u0259talar m\u0259c\u0259ll\u0259l\u0259rin\u0259 d\u0259yi\u015fiklik layih\u0259l\u0259ridir.<\/p>\n<div id=\"AdributorNativeVideo0\" class=\"AdributorNativeVideo\"><\/div>\n<p>Bundan ba\u015fqa, deputatlar\u00a0\u201cAz\u0259rbaycan Respublikas\u0131n\u0131n D\u00f6vl\u0259t Gerbinin istifad\u0259 qaydas\u0131 haqq\u0131nda\u201d, \u201cAz\u0259rbaycan Respublikas\u0131n\u0131n D\u00f6vl\u0259t Himninin istifad\u0259 qaydas\u0131 haqq\u0131nda\u201d qanun layih\u0259l\u0259rin\u0259 d\u0259 (ikinci oxunu\u015fda) baxacaqlar.<\/p>\n<p>\u0130clasda b\u0259l\u0259diyy\u0259l\u0259rl\u0259 ba\u011fl\u0131 illik m\u0259ruz\u0259 dinl\u0259nil\u0259c\u0259k. Hesabat m\u0259ruz\u0259si il\u0259 \u0259dliyy\u0259 nazirinin m\u00fcavini Vilay\u0259t Zahirov \u00e7\u0131x\u0131\u015f ed\u0259c\u0259k.<\/p>\n<p>Qeyd ed\u0259k ki, hesabata g\u00f6r\u0259, Az\u0259rbaycanda b\u0259l\u0259diyy\u0259 aktlar\u0131n\u0131n h\u00fcquqi ekspertizas\u0131na diqq\u0259t art\u0131r\u0131l\u0131b. Y\u0259ni \u00f6t\u0259n il b\u0259l\u0259diyy\u0259 aktlar\u0131n\u0131n 2200-d\u0259n \u00e7oxunun l\u0259\u011fv edilm\u0259si v\u0259 ya d\u0259yi\u015fdirilm\u0259si il\u0259 ba\u011fl\u0131 t\u0259klifl\u0259r verilib. B\u0259l\u0259diyy\u0259l\u0259r bu t\u0259klifl\u0259ri q\u0259bul edib, aktlarda d\u00fcz\u0259li\u015fl\u0259r edibl\u0259r.<\/p>\n<p>Qeyd olunub ki, doqquz b\u0259l\u0259diyy\u0259 t\u0259klifl\u0259ri icra etm\u0259diyi \u00fc\u00e7\u00fcn onlarla ba\u011fl\u0131 m\u0259hk\u0259m\u0259d\u0259 iddia qald\u0131r\u0131l\u0131b. Bu iddialardan d\u00f6rd\u00fc bax\u0131laraq t\u0259min edilib, be\u015f i\u015f is\u0259 m\u0259hk\u0259m\u0259l\u0259rin icraat\u0131ndad\u0131r.<\/p>\n<p>Daha sonra qeyd edilib ki, b\u0259l\u0259diyy\u0259 qanunvericiliyin\u0259 \u0259m\u0259l etm\u0259y\u0259n b\u0259l\u0259diyy\u0259 s\u0259drl\u0259ri il\u0259 ba\u011fl\u0131 inzibati t\u0259nbeh t\u0259dbirl\u0259rinin g\u00f6r\u00fclm\u0259sin\u0259 dair m\u00fc\u0259yy\u0259n d\u0259yi\u015fiklik olunub.oxu.az<\/p>\n","protected":false},"excerpt":{"rendered":"<p>Milli M\u0259clisin (MM) yaz sessiyas\u0131n\u0131n\u00a0fevral\u0131n 12-d\u0259 ke\u00e7iril\u0259c\u0259k ikinci plenar iclas\u0131n\u0131n g\u00fcnd\u0259liyi m\u0259lum olub. ARANTV.AZ-\u0131n m\u0259lumat\u0131na g\u00f6r\u0259, plenar iclas\u0131n g\u00fcnd\u0259liyin\u0259\u00a0ilkin olaraq 32 m\u0259s\u0259l\u0259 daxildir. G\u00fcnd\u0259liy\u0259 daxil edil\u0259n dig\u0259r m\u0259s\u0259l\u0259l\u0259r \u201cH\u0259rbi v\u0259zif\u0259 v\u0259 h\u0259rbi xidm\u0259t haqq\u0131nda\u201d, \u201cH\u0259bs yerl\u0259rind\u0259 saxlan\u0131lan \u015f\u0259xsl\u0259rin h\u00fcquq v\u0259 azadl\u0131qlar\u0131n\u0131n t\u0259min edilm\u0259si haqq\u0131nda\u201d, \u201cMilli M\u0259clisin komit\u0259l\u0259ri haqq\u0131nda\u201d, \u201cG\u0259ncl\u0259r siyas\u0259ti haqq\u0131nda\u201d, \u201cV\u0259kill\u0259r v\u0259 v\u0259killik f\u0259aliyy\u0259ti haqq\u0131nda\u201d, \u201cAz\u0259rbaycan Respublikas\u0131n\u0131n konsul Nizamnam\u0259si\u201d, \u201cSahibkarl\u0131q sah\u0259sind\u0259 apar\u0131lan yoxlamalar\u0131n dayand\u0131r\u0131lmas\u0131 haqq\u0131nda\u201d, \u201cValyuta t\u0259nzimi haqq\u0131nda\u201d qanunlar\u0131na, o c\u00fcml\u0259d\u0259n, C\u0259zalar\u0131n \u0130cras\u0131, \u0130nzibati X\u0259talar m\u0259c\u0259ll\u0259l\u0259rin\u0259 d\u0259yi\u015fiklik layih\u0259l\u0259ridir. Bundan ba\u015fqa, deputatlar\u00a0\u201cAz\u0259rbaycan Respublikas\u0131n\u0131n D\u00f6vl\u0259t Gerbinin istifad\u0259 qaydas\u0131 haqq\u0131nda\u201d, \u201cAz\u0259rbaycan Respublikas\u0131n\u0131n&hellip;<\/p>\n","protected":false},"author":2,"featured_media":37026,"comment_status":"closed","ping_status":"closed","sticky":false,"template":"","format":"standard","meta":{"om_disable_all_campaigns":false,"_monsterinsights_skip_tracking":false,"_monsterinsights_sitenote_active":false,"_monsterinsights_sitenote_note":"","_monsterinsights_sitenote_category":0},"categories":[4],"tags":[],"aioseo_notices":[],"gutentor_comment":0,"rttpg_featured_image_url":{"full":["https:\/\/arantv.az\/wp-content\/uploads\/2019\/02\/Clipboard01.jpg",620,416,false],"landscape":["https:\/\/arantv.az\/wp-content\/uploads\/2019\/02\/Clipboard01.jpg",620,416,false],"portraits":["https:\/\/arantv.az\/wp-content\/uploads\/2019\/02\/Clipboard01.jpg",620,416,false],"thumbnail":["https:\/\/arantv.az\/wp-content\/uploads\/2019\/02\/Clipboard01-150x150.jpg",150,150,true],"medium":["https:\/\/arantv.az\/wp-content\/uploads\/2019\/02\/Clipboard01-300x201.jpg",300,201,true],"large":["https:\/\/arantv.az\/wp-content\/uploads\/2019\/02\/Clipboard01.jpg",620,416,false],"1536x1536":["https:\/\/arantv.az\/wp-content\/uploads\/2019\/02\/Clipboard01.jpg",620,416,false],"2048x2048":["https:\/\/arantv.az\/wp-content\/uploads\/2019\/02\/Clipboard01.jpg",620,416,false],"post-thumbnail":["https:\/\/arantv.az\/wp-content\/uploads\/2019\/02\/Clipboard01-240x172.jpg",240,172,true],"advps-thumb-one":["https:\/\/arantv.az\/wp-content\/uploads\/2019\/02\/Clipboard01.jpg",620,416,false]},"rttpg_author":{"display_name":"V\u00fcsal Rafiqo\u011flu","author_link":"https:\/\/arantv.az\/?author=2"},"rttpg_comment":0,"rttpg_category":"<a href=\"https:\/\/arantv.az\/?cat=4\" rel=\"category\">Siyas\u0259t<\/a>","rttpg_excerpt":"Milli M\u0259clisin (MM) yaz sessiyas\u0131n\u0131n\u00a0fevral\u0131n 12-d\u0259 ke\u00e7iril\u0259c\u0259k ikinci plenar iclas\u0131n\u0131n g\u00fcnd\u0259liyi m\u0259lum olub. ARANTV.AZ-\u0131n m\u0259lumat\u0131na g\u00f6r\u0259, plenar iclas\u0131n g\u00fcnd\u0259liyin\u0259\u00a0ilkin olaraq 32 m\u0259s\u0259l\u0259 daxildir. G\u00fcnd\u0259liy\u0259 daxil edil\u0259n dig\u0259r m\u0259s\u0259l\u0259l\u0259r \u201cH\u0259rbi v\u0259zif\u0259 v\u0259 h\u0259rbi xidm\u0259t haqq\u0131nda\u201d, \u201cH\u0259bs yerl\u0259rind\u0259 saxlan\u0131lan \u015f\u0259xsl\u0259rin h\u00fcquq v\u0259 azadl\u0131qlar\u0131n\u0131n t\u0259min edilm\u0259si haqq\u0131nda\u201d, \u201cMilli M\u0259clisin komit\u0259l\u0259ri haqq\u0131nda\u201d, \u201cG\u0259ncl\u0259r siyas\u0259ti haqq\u0131nda\u201d, \u201cV\u0259kill\u0259r v\u0259 v\u0259killik f\u0259aliyy\u0259ti&hellip;","_links":{"self":[{"href":"https:\/\/arantv.az\/index.php?rest_route=\/wp\/v2\/posts\/37025"}],"collection":[{"href":"https:\/\/arantv.az\/index.php?rest_route=\/wp\/v2\/posts"}],"about":[{"href":"https:\/\/arantv.az\/index.php?rest_route=\/wp\/v2\/types\/post"}],"author":[{"embeddable":true,"href":"https:\/\/arantv.az\/index.php?rest_route=\/wp\/v2\/users\/2"}],"replies":[{"embeddable":true,"href":"https:\/\/arantv.az\/index.php?rest_route=%2Fwp%2Fv2%2Fcomments&post=37025"}],"version-history":[{"count":0,"href":"https:\/\/arantv.az\/index.php?rest_route=\/wp\/v2\/posts\/37025\/revisions"}],"wp:featuredmedia":[{"embeddable":true,"href":"https:\/\/arantv.az\/index.php?rest_route=\/wp\/v2\/media\/37026"}],"wp:attachment":[{"href":"https:\/\/arantv.az\/index.php?rest_route=%2Fwp%2Fv2%2Fmedia&parent=37025"}],"wp:term":[{"taxonomy":"category","embeddable":true,"href":"https:\/\/arantv.az\/index.php?rest_route=%2Fwp%2Fv2%2Fcategories&post=37025"},{"taxonomy":"post_tag","embeddable":true,"href":"https:\/\/arantv.az\/index.php?rest_route=%2Fwp%2Fv2%2Ftags&post=37025"}],"curies":[{"name":"wp","href":"https:\/\/api.w.org\/{rel}","templated":true}]}}