{"id":37031,"date":"2019-02-06T09:37:38","date_gmt":"2019-02-06T06:37:38","guid":{"rendered":"http:\/\/arantv.az\/?p=37031"},"modified":"2019-02-06T09:37:38","modified_gmt":"2019-02-06T06:37:38","slug":"bakida-bas-ver%c9%99n-z%c9%99lz%c9%99l%c9%99nin-qorxu-sacan-goruntul%c9%99ri-son-d%c9%99qiq%c9%99-video","status":"publish","type":"post","link":"https:\/\/arantv.az\/?p=37031","title":{"rendered":"Bak\u0131da ba\u015f ver\u0259n z\u0259lz\u0259l\u0259nin qorxu sa\u00e7an g\u00f6r\u00fcnt\u00fcl\u0259ri &#8211; SON D\u018fQ\u0130Q\u018f &#8211; V\u0130DEO"},"content":{"rendered":"<div id=\"entry\" class=\"entry\">Bak\u0131da bu g\u00fcn saat 23:31 rad\u0259l\u0259rind\u0259 ba\u015f ver\u0259n z\u0259lz\u0259l\u0259nin g\u00f6r\u00fcnt\u00fcl\u0259ri yay\u0131l\u0131b.<\/p>\n<div id=\"AdributorNativeVideo0\" class=\"AdributorNativeVideo\"><\/div>\n<p><b>ARANTV.AZ\u00a0<\/b>\u00a0faktor.az-a istinad\u0259n x\u0259b\u0259r verir ki, Bak\u0131da \u00e7\u0259kildiyi iddia edil\u0259n g\u00f6r\u00fcnt\u00fcl\u0259r sosial \u015f\u0259b\u0259k\u0259d\u0259 payla\u015f\u0131l\u0131b.<br \/>\n<ins><\/p>\n<div id=\"beacon_19b3f66045\"><img loading=\"lazy\" src=\"https:\/\/ads2.newmedia.az\/www\/delivery\/lg.php?bannerid=0&amp;campaignid=0&amp;zoneid=975&amp;loc=https%3A%2F%2Fbig.az%2F343479-bakida_bas_veren_zelzelenin_qorxu_sacan_goruntuleri_-_son_deqiqe_-_video.html&amp;referer=https%3A%2F%2Fbig.az%2F&amp;cb=19b3f66045\" alt=\"\" width=\"0\" height=\"0\" \/><\/div>\n<p><\/ins><br \/>\nS\u00f6z\u00fcged\u0259n videonu siz\u0259 t\u0259qdim edirik:<br \/>\n<iframe loading=\"lazy\" src=\"https:\/\/izle.az\/embed\/67352\" width=\"600\" height=\"340\" frameborder=\"0\" allowfullscreen=\"allowfullscreen\" data-mce-fragment=\"1\"><\/iframe><\/div>\n<p>&nbsp;<\/p>\n","protected":false},"excerpt":{"rendered":"<p>Bak\u0131da bu g\u00fcn saat 23:31 rad\u0259l\u0259rind\u0259 ba\u015f ver\u0259n z\u0259lz\u0259l\u0259nin g\u00f6r\u00fcnt\u00fcl\u0259ri yay\u0131l\u0131b. ARANTV.AZ\u00a0\u00a0faktor.az-a istinad\u0259n x\u0259b\u0259r verir ki, Bak\u0131da \u00e7\u0259kildiyi iddia edil\u0259n g\u00f6r\u00fcnt\u00fcl\u0259r sosial \u015f\u0259b\u0259k\u0259d\u0259 payla\u015f\u0131l\u0131b. S\u00f6z\u00fcged\u0259n videonu siz\u0259 t\u0259qdim edirik: &nbsp;<\/p>\n","protected":false},"author":2,"featured_media":37032,"comment_status":"closed","ping_status":"closed","sticky":false,"template":"","format":"standard","meta":{"om_disable_all_campaigns":false,"_monsterinsights_skip_tracking":false,"_monsterinsights_sitenote_active":false,"_monsterinsights_sitenote_note":"","_monsterinsights_sitenote_category":0},"categories":[1],"tags":[],"aioseo_notices":[],"gutentor_comment":0,"rttpg_featured_image_url":{"full":["https:\/\/arantv.az\/wp-content\/uploads\/2019\/02\/1_91549434658.jpg",400,300,false],"landscape":["https:\/\/arantv.az\/wp-content\/uploads\/2019\/02\/1_91549434658.jpg",400,300,false],"portraits":["https:\/\/arantv.az\/wp-content\/uploads\/2019\/02\/1_91549434658.jpg",400,300,false],"thumbnail":["https:\/\/arantv.az\/wp-content\/uploads\/2019\/02\/1_91549434658-150x150.jpg",150,150,true],"medium":["https:\/\/arantv.az\/wp-content\/uploads\/2019\/02\/1_91549434658-300x225.jpg",300,225,true],"large":["https:\/\/arantv.az\/wp-content\/uploads\/2019\/02\/1_91549434658.jpg",400,300,false],"1536x1536":["https:\/\/arantv.az\/wp-content\/uploads\/2019\/02\/1_91549434658.jpg",400,300,false],"2048x2048":["https:\/\/arantv.az\/wp-content\/uploads\/2019\/02\/1_91549434658.jpg",400,300,false],"post-thumbnail":["https:\/\/arantv.az\/wp-content\/uploads\/2019\/02\/1_91549434658-240x172.jpg",240,172,true],"advps-thumb-one":["https:\/\/arantv.az\/wp-content\/uploads\/2019\/02\/1_91549434658.jpg",400,300,false]},"rttpg_author":{"display_name":"V\u00fcsal Rafiqo\u011flu","author_link":"https:\/\/arantv.az\/?author=2"},"rttpg_comment":0,"rttpg_category":"<a href=\"https:\/\/arantv.az\/?cat=1\" rel=\"category\">C\u0259miyy\u0259t<\/a>","rttpg_excerpt":"Bak\u0131da bu g\u00fcn saat 23:31 rad\u0259l\u0259rind\u0259 ba\u015f ver\u0259n z\u0259lz\u0259l\u0259nin g\u00f6r\u00fcnt\u00fcl\u0259ri yay\u0131l\u0131b. ARANTV.AZ\u00a0\u00a0faktor.az-a istinad\u0259n x\u0259b\u0259r verir ki, Bak\u0131da \u00e7\u0259kildiyi iddia edil\u0259n g\u00f6r\u00fcnt\u00fcl\u0259r sosial \u015f\u0259b\u0259k\u0259d\u0259 payla\u015f\u0131l\u0131b. S\u00f6z\u00fcged\u0259n videonu siz\u0259 t\u0259qdim edirik: &nbsp;","_links":{"self":[{"href":"https:\/\/arantv.az\/index.php?rest_route=\/wp\/v2\/posts\/37031"}],"collection":[{"href":"https:\/\/arantv.az\/index.php?rest_route=\/wp\/v2\/posts"}],"about":[{"href":"https:\/\/arantv.az\/index.php?rest_route=\/wp\/v2\/types\/post"}],"author":[{"embeddable":true,"href":"https:\/\/arantv.az\/index.php?rest_route=\/wp\/v2\/users\/2"}],"replies":[{"embeddable":true,"href":"https:\/\/arantv.az\/index.php?rest_route=%2Fwp%2Fv2%2Fcomments&post=37031"}],"version-history":[{"count":0,"href":"https:\/\/arantv.az\/index.php?rest_route=\/wp\/v2\/posts\/37031\/revisions"}],"wp:featuredmedia":[{"embeddable":true,"href":"https:\/\/arantv.az\/index.php?rest_route=\/wp\/v2\/media\/37032"}],"wp:attachment":[{"href":"https:\/\/arantv.az\/index.php?rest_route=%2Fwp%2Fv2%2Fmedia&parent=37031"}],"wp:term":[{"taxonomy":"category","embeddable":true,"href":"https:\/\/arantv.az\/index.php?rest_route=%2Fwp%2Fv2%2Fcategories&post=37031"},{"taxonomy":"post_tag","embeddable":true,"href":"https:\/\/arantv.az\/index.php?rest_route=%2Fwp%2Fv2%2Ftags&post=37031"}],"curies":[{"name":"wp","href":"https:\/\/api.w.org\/{rel}","templated":true}]}}