{"id":37046,"date":"2019-02-06T09:52:35","date_gmt":"2019-02-06T06:52:35","guid":{"rendered":"http:\/\/arantv.az\/?p=37046"},"modified":"2019-02-06T09:52:35","modified_gmt":"2019-02-06T06:52:35","slug":"iqtisadi-islahatlar-elm-potensialinin-imkanlari-movzusunda-muzakir%c9%99l%c9%99r-aparilib","status":"publish","type":"post","link":"https:\/\/arantv.az\/?p=37046","title":{"rendered":"\u201c\u0130qtisadi islahatlar: elm potensial\u0131n\u0131n imkanlar\u0131\u201d m\u00f6vzusunda m\u00fczakir\u0259l\u0259r apar\u0131l\u0131b"},"content":{"rendered":"<p><strong>ARANTV.AZ<\/strong> x\u0259b\u0259r verir ki, \u0130qtisadi \u0130slahatlar\u0131n T\u0259hlili v\u0259 Kommunikasiya M\u0259rk\u0259zi (\u0130\u0130TKM) AMEA-n\u0131n \u0130qtisadiyyat \u0130nstitutu il\u0259 birg\u0259 M\u0259rk\u0259zi Elmi Kitabxanada (MEK) \u201c\u0130qtisadi islahatlar: elm potensial\u0131n\u0131n imkanlar\u0131\u201d m\u00f6vzusunda konfrans ke\u00e7irib.<\/p>\n<p>T\u0259dbiri AMEA-n\u0131n vitse-prezidenti, akademik \u0130sa H\u0259bibb\u0259yli a\u00e7araq, Prezident \u0130lham \u018fliyevin inki\u015faf\u0131n m\u00fcasir m\u0259rh\u0259l\u0259sind\u0259 apard\u0131\u011f\u0131 islahatlardan, onlar\u0131n \u00f6lk\u0259mizd\u0259 ged\u0259n m\u00fcasirl\u0259\u015fm\u0259 v\u0259 s\u00fcr\u0259tli dir\u00e7\u0259li\u015fd\u0259ki rolu v\u0259 \u0259h\u0259miyy\u0259tind\u0259n b\u0259hs edib, bu istiqam\u0259td\u0259 elmin qar\u015f\u0131s\u0131nda duran v\u0259zif\u0259l\u0259ri diqq\u0259t m\u0259rk\u0259zin\u0259 \u00e7\u0259kib.<\/p>\n<p>\u0130\u0130TKM-in icra\u00e7\u0131 direktoru V\u00fcsal Qas\u0131ml\u0131 \u00e7\u0131x\u0131\u015f\u0131nda bildirib ki, Prezident \u0130lham \u018fliyev t\u0259r\u0259find\u0259n t\u0259sdiql\u0259n\u0259n strateji yol x\u0259rit\u0259l\u0259rin\u0259 uy\u011fun olaraq Az\u0259rbaycan iqtisadiyyat\u0131 \u015fax\u0259l\u0259nm\u0259 v\u0259 yeni h\u0259r\u0259k\u0259tverici q\u00fcvv\u0259l\u0259r hesab\u0131na daha da inki\u015faf edib. 2019-2020-ci ill\u0259rd\u0259 iqtisadi art\u0131m\u0131n daha y\u00fcks\u0259k pill\u0259y\u0259 \u00e7\u0131xmas\u0131 il\u0259 yeni b\u00fcdc\u0259 qaydalar\u0131 \u015f\u0259raitind\u0259 r\u0259qab\u0259t qabiliyy\u0259tinin art\u0131r\u0131lmas\u0131 v\u0259 d\u00fcnya iqtisadiyyat\u0131na s\u0259m\u0259r\u0259li inteqrasiyan\u0131n daha da geni\u015fl\u0259ndirilm\u0259si n\u0259z\u0259rd\u0259 tutulur.<\/p>\n<p>V\u00fcsal Qas\u0131ml\u0131 deyib ki, d\u00fcnyada ged\u0259n siyasi v\u0259 iqtisadi prosesl\u0259r, o c\u00fcml\u0259d\u0259n 4-c\u00fc s\u0259naye inqilab\u0131, iqlim d\u0259yi\u015fikliyi, ticar\u0259t m\u00fcharib\u0259l\u0259ri, iqtisadi idar\u0259etm\u0259 arxitekturas\u0131n\u0131n d\u0259yi\u015film\u0259si, yeni infrastruktur layih\u0259l\u0259rinin h\u0259yata ke\u00e7irilm\u0259si, h\u0259m\u00e7inin Az\u0259rbaycanda yeni iqtisadi model\u0259 transformasiyan\u0131n yekunla\u015fma \u00fczr\u0259 olmas\u0131 \u00f6lk\u0259 iqtisadiyyat\u0131na yeni perspektivl\u0259r v\u0259d edir. Bu \u0259r\u0259f\u0259d\u0259 Az\u0259rbaycanda iqtisadi elmi potensial\u0131n s\u0259f\u0259rb\u0259r olunmas\u0131 v\u0259 \u00f6lk\u0259d\u0259 apar\u0131lan u\u011furlu iqtisadi siyas\u0259t\u0259 c\u0259lb edilm\u0259si m\u00fch\u00fcm \u0259h\u0259miyy\u0259t k\u0259sb edir. \u0130\u0130TKM \u00f6z nizamnam\u0259sind\u0259n ir\u0259li g\u0259l\u0259n v\u0259zif\u0259l\u0259r\u0259 uy\u011fun olaraq islahatlar\u0131n t\u0259hlili v\u0259 kommunikasiyas\u0131nda \u00f6lk\u0259nin iqtisadiyyat m\u0259kt\u0259binin imkanlar\u0131ndan geni\u015f istifad\u0259 edir.<\/p>\n<p>AMEA \u0130qtisadiyyat \u0130nstitutunun direktoru, professor Nazim M\u00fcz\u0259ff\u0259rli h\u0259m \u00f6lk\u0259d\u0259 apar\u0131lan islahatlar\u0131n elmi t\u0259minat\u0131, h\u0259m d\u0259 elmi potensialdan daha s\u0259m\u0259r\u0259li istifad\u0259 olunmas\u0131 bax\u0131m\u0131ndan elmi-t\u0259dqiqat institutlar\u0131 il\u0259 d\u00f6vl\u0259t orqanlar\u0131n\u0131n birg\u0259 konfranslar, elmi seminarlar, elmi-praktik m\u00fczakir\u0259l\u0259r ke\u00e7irm\u0259sinin \u0259h\u0259miyy\u0259tini vur\u011fulay\u0131b. Qeyd edib ki, strateji yol x\u0259rit\u0259l\u0259rind\u0259 qoyulan v\u0259zif\u0259l\u0259ri \u0259sas tutaraq 2017-2018-ci ill\u0259rd\u0259 institut Az\u0259rbaycanda post-neft iqtisadiyyat\u0131 quruculu\u011funun s\u00fcr\u0259tl\u0259ndirilm\u0259si istiqam\u0259tind\u0259 kompleks elmi-t\u0259dqiqat i\u015fi yerin\u0259 yetirib. \u0130nstitutun haz\u0131rlay\u0131b beyn\u0259lxalq ekspert icmas\u0131na t\u0259qdim etdiyi metodologiya \u0259sas\u0131nda 6 sektor \u00fczr\u0259 (sektordan as\u0131l\u0131 olaraq \u2013 60-92 \u00f6lk\u0259 \u00fczr\u0259) qiym\u0259tl\u0259ndirm\u0259 apar\u0131l\u0131b. M\u00fc\u0259yy\u0259n olunub ki, bir qayda olaraq, t\u0259hsil v\u0259 s\u0259hiyy\u0259 sisteml\u0259rinin t\u0259nziml\u0259nm\u0259si dirijist prinsipl\u0259rin \u00fcst\u00fcnl\u00fcy\u00fcn\u0259, elmin, xarici ticar\u0259tin, turizmin v\u0259 pensiya sisteminin t\u0259nziml\u0259nm\u0259si is\u0259 liberal prinsipl\u0259rin \u00fcst\u00fcnl\u00fcy\u00fcn\u0259 \u0259sasland\u0131qda bu sektorlar daha effektiv inki\u015faf edir. 2019-2021-ci ill\u0259rd\u0259 \u0130qtisadiyyat \u0130nstitutu \u201cAz\u0259rbaycan\u0131n sosial-iqtisadi inki\u015faf\u0131 v\u0259 beyn\u0259lxalq reytinql\u0259rd\u0259 m\u00f6vqeyinin daha da yax\u015f\u0131la\u015fd\u0131r\u0131lmas\u0131\u201d m\u00f6vzusunda t\u0259dqiqat aparma\u011f\u0131 n\u0259z\u0259rd\u0259 tutur. M\u0259qs\u0259d Az\u0259rbaycanda apar\u0131lan iqtisadi islahatlar\u0131n effektivliyinin daha da art\u0131r\u0131lmas\u0131na t\u00f6hf\u0259 verm\u0259kdir.<\/p>\n<p>\u0130\u0130TKM-in analitiki N\u0259rmin Kaz\u0131ml\u0131 kompleks biznes islahatlar\u0131 \u00e7\u0259r\u00e7iv\u0259sind\u0259 at\u0131lan m\u00fch\u00fcm add\u0131mlar bar\u0259d\u0259 t\u0259qdimatla \u00e7\u0131x\u0131\u015f edib. T\u0259qdimatda \u00f6lk\u0259nin beyn\u0259lxalq reytinq qiym\u0259tl\u0259ndirm\u0259l\u0259rind\u0259 m\u00f6vqeyinin ir\u0259lil\u0259m\u0259sin\u0259 \u015f\u0259rait yaradan tikintiy\u0259 icaz\u0259 verilm\u0259sin\u0259 vahid yana\u015fman\u0131n t\u0259tbiq edilm\u0259si istiqam\u0259tind\u0259 yeni icaz\u0259 qaydalar\u0131, d\u00f6vl\u0259t sat\u0131nalmalar\u0131 il\u0259 h\u0259yata ke\u00e7iril\u0259n yenilikl\u0259r, vahid sat\u0131nalma portal\u0131n\u0131n yarad\u0131lmas\u0131 istiqam\u0259tind\u0259 g\u00f6r\u00fcl\u0259n i\u015fl\u0259r, elektron m\u0259hk\u0259m\u0259, h\u00fcquqi \u015f\u0259xsl\u0259rin d\u00f6vl\u0259t qeydiyyat\u0131n\u0131n h\u0259yata ke\u00e7irilm\u0259si, onlayn vahid ixrac \u0259riz\u0259si v\u0259 ya\u015f\u0131l d\u0259hliz il\u0259 ba\u011fl\u0131 \u0259trafl\u0131 m\u0259lumat verilib.<\/p>\n<p>Yekunda qeyd edilib ki, \u00f6lk\u0259 r\u0259hb\u0259rliyi t\u0259r\u0259find\u0259n h\u0259yata ke\u00e7iril\u0259n d\u0259rin iqtisadi islahatlar m\u00fcst\u0259qilliyimizin m\u00f6hk\u0259ml\u0259nm\u0259sin\u0259, iqtisadiyyat\u0131m\u0131z\u0131n inki\u015faf\u0131na v\u0259 sosial rifah hal\u0131n\u0131n yax\u015f\u0131la\u015fmas\u0131na t\u00f6hf\u0259 verm\u0259kl\u0259 yana\u015f\u0131, elmi potensial\u0131n da g\u00fccl\u0259nm\u0259sin\u0259 xidm\u0259t edir. Bu siyas\u0259tin realla\u015fmas\u0131nda v\u0259 innovativ inki\u015faf\u0131n t\u0259min edilm\u0259sind\u0259 Az\u0259rbaycan iqtisadiyyat m\u0259kt\u0259bi h\u0259mi\u015f\u0259 yax\u0131ndan i\u015ftirak edib v\u0259 bu proses davam ed\u0259c\u0259k.<\/p>\n","protected":false},"excerpt":{"rendered":"<p>ARANTV.AZ x\u0259b\u0259r verir ki, \u0130qtisadi \u0130slahatlar\u0131n T\u0259hlili v\u0259 Kommunikasiya M\u0259rk\u0259zi (\u0130\u0130TKM) AMEA-n\u0131n \u0130qtisadiyyat \u0130nstitutu il\u0259 birg\u0259 M\u0259rk\u0259zi Elmi Kitabxanada (MEK) \u201c\u0130qtisadi islahatlar: elm potensial\u0131n\u0131n imkanlar\u0131\u201d m\u00f6vzusunda konfrans ke\u00e7irib. T\u0259dbiri AMEA-n\u0131n vitse-prezidenti, akademik \u0130sa H\u0259bibb\u0259yli a\u00e7araq, Prezident \u0130lham \u018fliyevin inki\u015faf\u0131n m\u00fcasir m\u0259rh\u0259l\u0259sind\u0259 apard\u0131\u011f\u0131 islahatlardan, onlar\u0131n \u00f6lk\u0259mizd\u0259 ged\u0259n m\u00fcasirl\u0259\u015fm\u0259 v\u0259 s\u00fcr\u0259tli dir\u00e7\u0259li\u015fd\u0259ki rolu v\u0259 \u0259h\u0259miyy\u0259tind\u0259n b\u0259hs edib, bu istiqam\u0259td\u0259 elmin qar\u015f\u0131s\u0131nda duran v\u0259zif\u0259l\u0259ri diqq\u0259t m\u0259rk\u0259zin\u0259 \u00e7\u0259kib. \u0130\u0130TKM-in icra\u00e7\u0131 direktoru V\u00fcsal Qas\u0131ml\u0131 \u00e7\u0131x\u0131\u015f\u0131nda bildirib ki, Prezident \u0130lham \u018fliyev t\u0259r\u0259find\u0259n t\u0259sdiql\u0259n\u0259n strateji yol x\u0259rit\u0259l\u0259rin\u0259 uy\u011fun olaraq Az\u0259rbaycan iqtisadiyyat\u0131 \u015fax\u0259l\u0259nm\u0259 v\u0259 yeni h\u0259r\u0259k\u0259tverici q\u00fcvv\u0259l\u0259r hesab\u0131na&hellip;<\/p>\n","protected":false},"author":2,"featured_media":37047,"comment_status":"closed","ping_status":"closed","sticky":false,"template":"","format":"standard","meta":{"om_disable_all_campaigns":false,"_monsterinsights_skip_tracking":false,"_monsterinsights_sitenote_active":false,"_monsterinsights_sitenote_note":"","_monsterinsights_sitenote_category":0},"categories":[19],"tags":[],"aioseo_notices":[],"gutentor_comment":0,"rttpg_featured_image_url":{"full":["https:\/\/arantv.az\/wp-content\/uploads\/2019\/02\/aje9fkg367cl06i6qmqp9daej4iqt.jpg",1000,666,false],"landscape":["https:\/\/arantv.az\/wp-content\/uploads\/2019\/02\/aje9fkg367cl06i6qmqp9daej4iqt.jpg",1000,666,false],"portraits":["https:\/\/arantv.az\/wp-content\/uploads\/2019\/02\/aje9fkg367cl06i6qmqp9daej4iqt.jpg",1000,666,false],"thumbnail":["https:\/\/arantv.az\/wp-content\/uploads\/2019\/02\/aje9fkg367cl06i6qmqp9daej4iqt-150x150.jpg",150,150,true],"medium":["https:\/\/arantv.az\/wp-content\/uploads\/2019\/02\/aje9fkg367cl06i6qmqp9daej4iqt-300x200.jpg",300,200,true],"large":["https:\/\/arantv.az\/wp-content\/uploads\/2019\/02\/aje9fkg367cl06i6qmqp9daej4iqt.jpg",640,426,false],"1536x1536":["https:\/\/arantv.az\/wp-content\/uploads\/2019\/02\/aje9fkg367cl06i6qmqp9daej4iqt.jpg",1000,666,false],"2048x2048":["https:\/\/arantv.az\/wp-content\/uploads\/2019\/02\/aje9fkg367cl06i6qmqp9daej4iqt.jpg",1000,666,false],"post-thumbnail":["https:\/\/arantv.az\/wp-content\/uploads\/2019\/02\/aje9fkg367cl06i6qmqp9daej4iqt-240x172.jpg",240,172,true],"advps-thumb-one":["https:\/\/arantv.az\/wp-content\/uploads\/2019\/02\/aje9fkg367cl06i6qmqp9daej4iqt-1000x620.jpg",1000,620,true]},"rttpg_author":{"display_name":"V\u00fcsal Rafiqo\u011flu","author_link":"https:\/\/arantv.az\/?author=2"},"rttpg_comment":0,"rttpg_category":"<a href=\"https:\/\/arantv.az\/?cat=19\" rel=\"category\">G\u00fcnd\u0259m<\/a>","rttpg_excerpt":"ARANTV.AZ x\u0259b\u0259r verir ki, \u0130qtisadi \u0130slahatlar\u0131n T\u0259hlili v\u0259 Kommunikasiya M\u0259rk\u0259zi (\u0130\u0130TKM) AMEA-n\u0131n \u0130qtisadiyyat \u0130nstitutu il\u0259 birg\u0259 M\u0259rk\u0259zi Elmi Kitabxanada (MEK) \u201c\u0130qtisadi islahatlar: elm potensial\u0131n\u0131n imkanlar\u0131\u201d m\u00f6vzusunda konfrans ke\u00e7irib. T\u0259dbiri AMEA-n\u0131n vitse-prezidenti, akademik \u0130sa H\u0259bibb\u0259yli a\u00e7araq, Prezident \u0130lham \u018fliyevin inki\u015faf\u0131n m\u00fcasir m\u0259rh\u0259l\u0259sind\u0259 apard\u0131\u011f\u0131 islahatlardan, onlar\u0131n \u00f6lk\u0259mizd\u0259 ged\u0259n m\u00fcasirl\u0259\u015fm\u0259 v\u0259 s\u00fcr\u0259tli dir\u00e7\u0259li\u015fd\u0259ki rolu v\u0259 \u0259h\u0259miyy\u0259tind\u0259n b\u0259hs edib,&hellip;","_links":{"self":[{"href":"https:\/\/arantv.az\/index.php?rest_route=\/wp\/v2\/posts\/37046"}],"collection":[{"href":"https:\/\/arantv.az\/index.php?rest_route=\/wp\/v2\/posts"}],"about":[{"href":"https:\/\/arantv.az\/index.php?rest_route=\/wp\/v2\/types\/post"}],"author":[{"embeddable":true,"href":"https:\/\/arantv.az\/index.php?rest_route=\/wp\/v2\/users\/2"}],"replies":[{"embeddable":true,"href":"https:\/\/arantv.az\/index.php?rest_route=%2Fwp%2Fv2%2Fcomments&post=37046"}],"version-history":[{"count":0,"href":"https:\/\/arantv.az\/index.php?rest_route=\/wp\/v2\/posts\/37046\/revisions"}],"wp:featuredmedia":[{"embeddable":true,"href":"https:\/\/arantv.az\/index.php?rest_route=\/wp\/v2\/media\/37047"}],"wp:attachment":[{"href":"https:\/\/arantv.az\/index.php?rest_route=%2Fwp%2Fv2%2Fmedia&parent=37046"}],"wp:term":[{"taxonomy":"category","embeddable":true,"href":"https:\/\/arantv.az\/index.php?rest_route=%2Fwp%2Fv2%2Fcategories&post=37046"},{"taxonomy":"post_tag","embeddable":true,"href":"https:\/\/arantv.az\/index.php?rest_route=%2Fwp%2Fv2%2Ftags&post=37046"}],"curies":[{"name":"wp","href":"https:\/\/api.w.org\/{rel}","templated":true}]}}