{"id":370480,"date":"2021-08-25T14:21:56","date_gmt":"2021-08-25T11:21:56","guid":{"rendered":"http:\/\/arantv.az\/?p=370480"},"modified":"2021-08-25T14:21:56","modified_gmt":"2021-08-25T11:21:56","slug":"ot%c9%99n-il-ali-m%c9%99kt%c9%99b%c9%99-q%c9%99bul-olan-subbakalavrlarin-sayi-aciqlandi","status":"publish","type":"post","link":"https:\/\/arantv.az\/?p=370480","title":{"rendered":"\u00d6t\u0259n il ali m\u0259kt\u0259b\u0259 q\u0259bul olan subbakalavrlar\u0131n say\u0131 A\u00c7IQLANDI"},"content":{"rendered":"<p>\u201c2020-ci ild\u0259 ixtisas se\u00e7imi ed\u0259n subbakalavrlar\u0131n say\u0131 13 798 n\u0259f\u0259r olub\u201d.<\/p>\n<p><strong>ARANTV.AZ<\/strong>-\u0131n m\u0259lumat\u0131na g\u00f6r\u0259, bunu D\u00f6vl\u0259t \u0130mtahan M\u0259rk\u0259zinin Direktorlar \u015euras\u0131n\u0131n s\u0259dri M\u0259leyk\u0259 Abbaszad\u0259 V ixtisas qrupu \u00fczr\u0259 ixtisas se\u00e7imi ed\u0259c\u0259k abituriyentl\u0259r, el\u0259c\u0259 d\u0259 subbakalavrlarla ba\u011fl\u0131 ke\u00e7irdiyi onlayn konfransda bildirib.<\/p>\n<p>Onun s\u00f6zl\u0259rin\u0259 g\u00f6r\u0259, \u00f6t\u0259n ilin q\u0259bul imtahanlar\u0131 zaman\u0131 5 179 n\u0259f\u0259r subbakalavrlar ali m\u0259kt\u0259b\u0259 qalib olub:<\/p>\n<div id=\"AdviadNativeVideo0\" class=\"AdviadNativeVideo\"><\/div>\n<p>\u201cOnlardan 788-i d\u00f6vl\u0259t sifari\u015fli yerl\u0259r\u0259 q\u0259bul olub\u201d.<\/p>\n<p>O qeyd edib ki, subbakalavrlar\u0131n II v\u0259 III qrupa daxil olmas\u0131 daha y\u00fcks\u0259kdir.<\/p>\n","protected":false},"excerpt":{"rendered":"<p>\u201c2020-ci ild\u0259 ixtisas se\u00e7imi ed\u0259n subbakalavrlar\u0131n say\u0131 13 798 n\u0259f\u0259r olub\u201d. ARANTV.AZ-\u0131n m\u0259lumat\u0131na g\u00f6r\u0259, bunu D\u00f6vl\u0259t \u0130mtahan M\u0259rk\u0259zinin Direktorlar \u015euras\u0131n\u0131n s\u0259dri M\u0259leyk\u0259 Abbaszad\u0259 V ixtisas qrupu \u00fczr\u0259 ixtisas se\u00e7imi ed\u0259c\u0259k abituriyentl\u0259r, el\u0259c\u0259 d\u0259 subbakalavrlarla ba\u011fl\u0131 ke\u00e7irdiyi onlayn konfransda bildirib. Onun s\u00f6zl\u0259rin\u0259 g\u00f6r\u0259, \u00f6t\u0259n ilin q\u0259bul imtahanlar\u0131 zaman\u0131 5 179 n\u0259f\u0259r subbakalavrlar ali m\u0259kt\u0259b\u0259 qalib olub: \u201cOnlardan 788-i d\u00f6vl\u0259t sifari\u015fli yerl\u0259r\u0259 q\u0259bul olub\u201d. O qeyd edib ki, subbakalavrlar\u0131n II v\u0259 III qrupa daxil olmas\u0131 daha y\u00fcks\u0259kdir.<\/p>\n","protected":false},"author":2,"featured_media":6137,"comment_status":"closed","ping_status":"closed","sticky":false,"template":"","format":"standard","meta":{"om_disable_all_campaigns":false,"_monsterinsights_skip_tracking":false,"_monsterinsights_sitenote_active":false,"_monsterinsights_sitenote_note":"","_monsterinsights_sitenote_category":0},"categories":[26],"tags":[],"aioseo_notices":[],"gutentor_comment":0,"rttpg_featured_image_url":{"full":["https:\/\/arantv.az\/wp-content\/uploads\/2018\/08\/ali_mekteb.jpg",800,450,false],"landscape":["https:\/\/arantv.az\/wp-content\/uploads\/2018\/08\/ali_mekteb.jpg",800,450,false],"portraits":["https:\/\/arantv.az\/wp-content\/uploads\/2018\/08\/ali_mekteb.jpg",800,450,false],"thumbnail":["https:\/\/arantv.az\/wp-content\/uploads\/2018\/08\/ali_mekteb-150x150.jpg",150,150,true],"medium":["https:\/\/arantv.az\/wp-content\/uploads\/2018\/08\/ali_mekteb-300x169.jpg",300,169,true],"large":["https:\/\/arantv.az\/wp-content\/uploads\/2018\/08\/ali_mekteb.jpg",640,360,false],"1536x1536":["https:\/\/arantv.az\/wp-content\/uploads\/2018\/08\/ali_mekteb.jpg",800,450,false],"2048x2048":["https:\/\/arantv.az\/wp-content\/uploads\/2018\/08\/ali_mekteb.jpg",800,450,false],"post-thumbnail":["https:\/\/arantv.az\/wp-content\/uploads\/2018\/08\/ali_mekteb.jpg",240,135,false],"advps-thumb-one":["https:\/\/arantv.az\/wp-content\/uploads\/2018\/08\/ali_mekteb.jpg",800,450,false]},"rttpg_author":{"display_name":"V\u00fcsal Rafiqo\u011flu","author_link":"https:\/\/arantv.az\/?author=2"},"rttpg_comment":0,"rttpg_category":"<a href=\"https:\/\/arantv.az\/?cat=26\" rel=\"category\">Sosial<\/a>","rttpg_excerpt":"\u201c2020-ci ild\u0259 ixtisas se\u00e7imi ed\u0259n subbakalavrlar\u0131n say\u0131 13 798 n\u0259f\u0259r olub\u201d. ARANTV.AZ-\u0131n m\u0259lumat\u0131na g\u00f6r\u0259, bunu D\u00f6vl\u0259t \u0130mtahan M\u0259rk\u0259zinin Direktorlar \u015euras\u0131n\u0131n s\u0259dri M\u0259leyk\u0259 Abbaszad\u0259 V ixtisas qrupu \u00fczr\u0259 ixtisas se\u00e7imi ed\u0259c\u0259k abituriyentl\u0259r, el\u0259c\u0259 d\u0259 subbakalavrlarla ba\u011fl\u0131 ke\u00e7irdiyi onlayn konfransda bildirib. Onun s\u00f6zl\u0259rin\u0259 g\u00f6r\u0259, \u00f6t\u0259n ilin q\u0259bul imtahanlar\u0131 zaman\u0131 5 179 n\u0259f\u0259r subbakalavrlar ali m\u0259kt\u0259b\u0259 qalib olub:&hellip;","_links":{"self":[{"href":"https:\/\/arantv.az\/index.php?rest_route=\/wp\/v2\/posts\/370480"}],"collection":[{"href":"https:\/\/arantv.az\/index.php?rest_route=\/wp\/v2\/posts"}],"about":[{"href":"https:\/\/arantv.az\/index.php?rest_route=\/wp\/v2\/types\/post"}],"author":[{"embeddable":true,"href":"https:\/\/arantv.az\/index.php?rest_route=\/wp\/v2\/users\/2"}],"replies":[{"embeddable":true,"href":"https:\/\/arantv.az\/index.php?rest_route=%2Fwp%2Fv2%2Fcomments&post=370480"}],"version-history":[{"count":0,"href":"https:\/\/arantv.az\/index.php?rest_route=\/wp\/v2\/posts\/370480\/revisions"}],"wp:featuredmedia":[{"embeddable":true,"href":"https:\/\/arantv.az\/index.php?rest_route=\/wp\/v2\/media\/6137"}],"wp:attachment":[{"href":"https:\/\/arantv.az\/index.php?rest_route=%2Fwp%2Fv2%2Fmedia&parent=370480"}],"wp:term":[{"taxonomy":"category","embeddable":true,"href":"https:\/\/arantv.az\/index.php?rest_route=%2Fwp%2Fv2%2Fcategories&post=370480"},{"taxonomy":"post_tag","embeddable":true,"href":"https:\/\/arantv.az\/index.php?rest_route=%2Fwp%2Fv2%2Ftags&post=370480"}],"curies":[{"name":"wp","href":"https:\/\/api.w.org\/{rel}","templated":true}]}}