{"id":370482,"date":"2021-08-25T14:23:16","date_gmt":"2021-08-25T11:23:16","guid":{"rendered":"http:\/\/arantv.az\/?p=370482"},"modified":"2021-08-25T14:23:16","modified_gmt":"2021-08-25T11:23:16","slug":"%c9%99li-h%c9%99s%c9%99novun-qizi-isd%c9%99n-cixarildi-fotolar","status":"publish","type":"post","link":"https:\/\/arantv.az\/?p=370482","title":{"rendered":"\u018fli H\u0259s\u0259novun q\u0131z\u0131 i\u015fd\u0259n \u00e7\u0131xar\u0131ld\u0131 \u2014 FOTOLAR"},"content":{"rendered":"<p>Prezidenin sabiq k\u00f6m\u0259k\u00e7isi \u018fli H\u0259s\u0259novun q\u0131z\u0131 S\u0259fiy\u0259 M\u00f6hbal\u0131yeva (H\u0259s\u0259nova) Prezident yan\u0131nda D\u00f6vl\u0259t \u0130dar\u0259\u00e7ilik Akademiyas\u0131n\u0131n &#8220;Beyn\u0259lxalq m\u00fcnasib\u0259tl\u0259r v\u0259 xarici siyas\u0259t&#8221; kafedras\u0131ndak\u0131 i\u015find\u0259n azad olunub.<\/p>\n<p>Yeniavaz.com-un \u0259ld\u0259 etdiyi m\u0259lumata g\u00f6r\u0259 &#8220;Beyn\u0259lxalq m\u00fcnasib\u0259tl\u0259r v\u0259 xarici siyas\u0259t&#8221; kafedras\u0131nda i\u015fl\u0259y\u0259n m\u00fc\u0259lliml\u0259rd\u0259n yaln\u0131z S\u0259fiy\u0259 M\u00f6hbal\u0131yeva i\u015fd\u0259n azad olunub. Aralar\u0131nda 2 mill\u0259t v\u0259kili &#8211; Elman N\u0259sirov v\u0259 Musa Qas\u0131ml\u0131n\u0131n da oldu\u011fu kafedran\u0131n dig\u0259r m\u00fc\u0259lliml\u0259ri \u00f6z v\u0259zif\u0259l\u0259rind\u0259 saxlan\u0131l\u0131blar.<\/p>\n<div id=\"AdviadNativeVideo0\" class=\"AdviadNativeVideo\"><\/div>\n<p>Qeyd ed\u0259k ki, Prezident yan\u0131nda D\u00f6vl\u0259t \u0130dar\u0259\u00e7ilik Akademiyas\u0131n\u0131n &#8220;Beyn\u0259lxalq m\u00fcnasib\u0259tl\u0259r v\u0259 xarici siyas\u0259t&#8221; kafedras\u0131na 20 il \u018fli H\u0259s\u0259nov r\u0259hb\u0259rlik edib v\u0259 q\u0131z\u0131n\u0131 da h\u0259min kafedran\u0131n m\u00fc\u0259llimi v\u0259zif\u0259sin\u0259 t\u0259yin edib.<\/p>\n<p>\u018fli H\u0259s\u0259novun 1990-c\u0131 ild\u0259 anadan olan q\u0131z\u0131 S\u0259fiy\u0259 M\u00f6hbal\u0131yeva &#8220;Beyn\u0259lxalq m\u00fcnasib\u0259tl\u0259r v\u0259 xarici siyas\u0259t&#8221; kafedras\u0131n\u0131n m\u00fc\u0259llimi olmaqla b\u0259rab\u0259r, eyni zamanda &#8220;Qaraba\u011f Ara\u015fd\u0131rmalar M\u0259rk\u0259zi&#8221; \u0130ctimai Birliyinin s\u0259dr m\u00fcavini olub. Qeyd olunan \u0130ctimai Birliyin s\u0259dri is\u0259 &#8220;Beyn\u0259lxalq m\u00fcnasib\u0259tl\u0259r v\u0259 xarici siyas\u0259t&#8221; kafedras\u0131n\u0131n m\u00fc\u0259llimi El\u00e7in \u018fhm\u0259dovdur.<\/p>\n<p>M\u0259lumat \u00fc\u00e7\u00fcn bildir\u0259k ki, \u018fli H\u0259s\u0259novun q\u0131z\u0131 S\u0259fiy\u0259 M\u00f6hbal\u0131yeva eyni zamanda Milli M\u0259clisin \u00fczv\u00fc, Az\u0259rbaycan H\u0259mkarlar \u0130ttifaq\u0131 Konfederasiyas\u0131n\u0131n s\u0259dri S\u0259ttar M\u00f6hbal\u0131yevin o\u011flu &#8211; Qarada\u011f rayon Polis \u0130dar\u0259sinin sabiq r\u0259isi, polkovnik \u0130sf\u0259ndiyar M\u00f6hbal\u0131yevin h\u0259yat yolda\u015f\u0131d\u0131r.<\/p>\n<p><img class=\"imgbcode\" src=\"https:\/\/upload.az\/foto\/arxiv\/eli1_51629890112.jpg\" alt=\"\u018fli H\u0259s\u0259novun q\u0131z\u0131 i\u015fd\u0259n \u00e7\u0131xar\u0131ld\u0131 \u2014 FOTOLAR\" \/><img class=\"imgbcode\" src=\"https:\/\/upload.az\/foto\/arxiv\/eli2_31629890112.jpg\" alt=\"\u018fli H\u0259s\u0259novun q\u0131z\u0131 i\u015fd\u0259n \u00e7\u0131xar\u0131ld\u0131 \u2014 FOTOLAR\" \/><\/p>\n","protected":false},"excerpt":{"rendered":"<p>Prezidenin sabiq k\u00f6m\u0259k\u00e7isi \u018fli H\u0259s\u0259novun q\u0131z\u0131 S\u0259fiy\u0259 M\u00f6hbal\u0131yeva (H\u0259s\u0259nova) Prezident yan\u0131nda D\u00f6vl\u0259t \u0130dar\u0259\u00e7ilik Akademiyas\u0131n\u0131n &#8220;Beyn\u0259lxalq m\u00fcnasib\u0259tl\u0259r v\u0259 xarici siyas\u0259t&#8221; kafedras\u0131ndak\u0131 i\u015find\u0259n azad olunub. Yeniavaz.com-un \u0259ld\u0259 etdiyi m\u0259lumata g\u00f6r\u0259 &#8220;Beyn\u0259lxalq m\u00fcnasib\u0259tl\u0259r v\u0259 xarici siyas\u0259t&#8221; kafedras\u0131nda i\u015fl\u0259y\u0259n m\u00fc\u0259lliml\u0259rd\u0259n yaln\u0131z S\u0259fiy\u0259 M\u00f6hbal\u0131yeva i\u015fd\u0259n azad olunub. Aralar\u0131nda 2 mill\u0259t v\u0259kili &#8211; Elman N\u0259sirov v\u0259 Musa Qas\u0131ml\u0131n\u0131n da oldu\u011fu kafedran\u0131n dig\u0259r m\u00fc\u0259lliml\u0259ri \u00f6z v\u0259zif\u0259l\u0259rind\u0259 saxlan\u0131l\u0131blar. Qeyd ed\u0259k ki, Prezident yan\u0131nda D\u00f6vl\u0259t \u0130dar\u0259\u00e7ilik Akademiyas\u0131n\u0131n &#8220;Beyn\u0259lxalq m\u00fcnasib\u0259tl\u0259r v\u0259 xarici siyas\u0259t&#8221; kafedras\u0131na 20 il \u018fli H\u0259s\u0259nov r\u0259hb\u0259rlik edib v\u0259 q\u0131z\u0131n\u0131 da h\u0259min kafedran\u0131n m\u00fc\u0259llimi v\u0259zif\u0259sin\u0259 t\u0259yin edib. \u018fli&hellip;<\/p>\n","protected":false},"author":2,"featured_media":370484,"comment_status":"closed","ping_status":"closed","sticky":false,"template":"","format":"standard","meta":{"om_disable_all_campaigns":false,"_monsterinsights_skip_tracking":false,"_monsterinsights_sitenote_active":false,"_monsterinsights_sitenote_note":"","_monsterinsights_sitenote_category":0},"categories":[26],"tags":[],"aioseo_notices":[],"gutentor_comment":0,"rttpg_featured_image_url":{"full":["https:\/\/arantv.az\/wp-content\/uploads\/2021\/08\/eliiiiiiiiiiiii.png",649,343,false],"landscape":["https:\/\/arantv.az\/wp-content\/uploads\/2021\/08\/eliiiiiiiiiiiii.png",649,343,false],"portraits":["https:\/\/arantv.az\/wp-content\/uploads\/2021\/08\/eliiiiiiiiiiiii.png",649,343,false],"thumbnail":["https:\/\/arantv.az\/wp-content\/uploads\/2021\/08\/eliiiiiiiiiiiii-500x280.png",500,280,true],"medium":["https:\/\/arantv.az\/wp-content\/uploads\/2021\/08\/eliiiiiiiiiiiii.png",649,343,false],"large":["https:\/\/arantv.az\/wp-content\/uploads\/2021\/08\/eliiiiiiiiiiiii.png",640,338,false],"1536x1536":["https:\/\/arantv.az\/wp-content\/uploads\/2021\/08\/eliiiiiiiiiiiii.png",649,343,false],"2048x2048":["https:\/\/arantv.az\/wp-content\/uploads\/2021\/08\/eliiiiiiiiiiiii.png",649,343,false],"post-thumbnail":["https:\/\/arantv.az\/wp-content\/uploads\/2021\/08\/eliiiiiiiiiiiii-240x172.png",240,172,true],"advps-thumb-one":["https:\/\/arantv.az\/wp-content\/uploads\/2021\/08\/eliiiiiiiiiiiii.png",649,343,false]},"rttpg_author":{"display_name":"V\u00fcsal Rafiqo\u011flu","author_link":"https:\/\/arantv.az\/?author=2"},"rttpg_comment":0,"rttpg_category":"<a href=\"https:\/\/arantv.az\/?cat=26\" rel=\"category\">Sosial<\/a>","rttpg_excerpt":"Prezidenin sabiq k\u00f6m\u0259k\u00e7isi \u018fli H\u0259s\u0259novun q\u0131z\u0131 S\u0259fiy\u0259 M\u00f6hbal\u0131yeva (H\u0259s\u0259nova) Prezident yan\u0131nda D\u00f6vl\u0259t \u0130dar\u0259\u00e7ilik Akademiyas\u0131n\u0131n &#8220;Beyn\u0259lxalq m\u00fcnasib\u0259tl\u0259r v\u0259 xarici siyas\u0259t&#8221; kafedras\u0131ndak\u0131 i\u015find\u0259n azad olunub. Yeniavaz.com-un \u0259ld\u0259 etdiyi m\u0259lumata g\u00f6r\u0259 &#8220;Beyn\u0259lxalq m\u00fcnasib\u0259tl\u0259r v\u0259 xarici siyas\u0259t&#8221; kafedras\u0131nda i\u015fl\u0259y\u0259n m\u00fc\u0259lliml\u0259rd\u0259n yaln\u0131z S\u0259fiy\u0259 M\u00f6hbal\u0131yeva i\u015fd\u0259n azad olunub. Aralar\u0131nda 2 mill\u0259t v\u0259kili &#8211; Elman N\u0259sirov v\u0259 Musa Qas\u0131ml\u0131n\u0131n da oldu\u011fu kafedran\u0131n&hellip;","_links":{"self":[{"href":"https:\/\/arantv.az\/index.php?rest_route=\/wp\/v2\/posts\/370482"}],"collection":[{"href":"https:\/\/arantv.az\/index.php?rest_route=\/wp\/v2\/posts"}],"about":[{"href":"https:\/\/arantv.az\/index.php?rest_route=\/wp\/v2\/types\/post"}],"author":[{"embeddable":true,"href":"https:\/\/arantv.az\/index.php?rest_route=\/wp\/v2\/users\/2"}],"replies":[{"embeddable":true,"href":"https:\/\/arantv.az\/index.php?rest_route=%2Fwp%2Fv2%2Fcomments&post=370482"}],"version-history":[{"count":0,"href":"https:\/\/arantv.az\/index.php?rest_route=\/wp\/v2\/posts\/370482\/revisions"}],"wp:featuredmedia":[{"embeddable":true,"href":"https:\/\/arantv.az\/index.php?rest_route=\/wp\/v2\/media\/370484"}],"wp:attachment":[{"href":"https:\/\/arantv.az\/index.php?rest_route=%2Fwp%2Fv2%2Fmedia&parent=370482"}],"wp:term":[{"taxonomy":"category","embeddable":true,"href":"https:\/\/arantv.az\/index.php?rest_route=%2Fwp%2Fv2%2Fcategories&post=370482"},{"taxonomy":"post_tag","embeddable":true,"href":"https:\/\/arantv.az\/index.php?rest_route=%2Fwp%2Fv2%2Ftags&post=370482"}],"curies":[{"name":"wp","href":"https:\/\/api.w.org\/{rel}","templated":true}]}}