{"id":370489,"date":"2021-08-25T14:44:22","date_gmt":"2021-08-25T11:44:22","guid":{"rendered":"http:\/\/arantv.az\/?p=370489"},"modified":"2021-08-25T14:44:22","modified_gmt":"2021-08-25T11:44:22","slug":"bas-pediatr-usaqlariniza-peyv%c9%99nd-vurdurun","status":"publish","type":"post","link":"https:\/\/arantv.az\/?p=370489","title":{"rendered":"Ba\u015f pediatr: \u201cU\u015faqlar\u0131n\u0131za peyv\u0259nd vurdurun\u201d"},"content":{"rendered":"<p>\u201cBu g\u00fcn b\u00fct\u00fcn d\u00fcnya koronavirus pandemiyas\u0131 il\u0259 m\u00fcbariz\u0259 apar\u0131r. Koronavirusa qar\u015f\u0131 qorxu oldu\u011fu \u00fc\u00e7\u00fcn valideynl\u0259r u\u015faqlar\u0131n\u0131 poliklinikaya aparmaqda \u00e7\u0259tinlikl\u0259r \u00e7\u0259kirl\u0259r. Bu s\u0259b\u0259bd\u0259n d\u00fcnyada oldu\u011fu kimi Az\u0259rbaycanda da u\u015faqlar\u0131n peyv\u0259ndl\u0259m\u0259 faizi azal\u0131b\u201d.<\/p>\n<p><strong>ARANTV.AZ-<\/strong>\u0131n m\u0259lumat\u0131na g\u00f6r\u0259, bunu S\u0259hiyy\u0259 Nazirliyinin Ba\u015f pediatr\u0131 Erkin R\u0259himov deyib.<\/p>\n<div id=\"AdviadNativeVideo0\" class=\"AdviadNativeVideo\"><\/div>\n<p>O, valideynl\u0259r\u0259 m\u00fcraci\u0259t ed\u0259r\u0259k bildirib ki, koronavirus nadir\u0259n\u00a0u\u015faqlarda a\u011f\u0131rla\u015fmaya s\u0259b\u0259b olur:<\/p>\n<p>\u201c\u0130ll\u0259rl\u0259 u\u015faqlar\u0131m\u0131z\u0131 \u00f6l\u00fcmc\u00fcl x\u0259st\u0259likl\u0259r\u0259 qar\u015f\u0131 peyv\u0259nd etdirmi\u015fik. M\u00fcmk\u00fcnd\u00fcrs\u0259, poliklinikaya gedin v\u0259 gecikm\u0259mi\u015f peyv\u0259nd\u00a0vurdurun. U\u015faqlar\u0131n sa\u011flaml\u0131\u011f\u0131 valideynl\u0259rin \u0259lind\u0259dir\u201d.<\/p>\n","protected":false},"excerpt":{"rendered":"<p>\u201cBu g\u00fcn b\u00fct\u00fcn d\u00fcnya koronavirus pandemiyas\u0131 il\u0259 m\u00fcbariz\u0259 apar\u0131r. Koronavirusa qar\u015f\u0131 qorxu oldu\u011fu \u00fc\u00e7\u00fcn valideynl\u0259r u\u015faqlar\u0131n\u0131 poliklinikaya aparmaqda \u00e7\u0259tinlikl\u0259r \u00e7\u0259kirl\u0259r. Bu s\u0259b\u0259bd\u0259n d\u00fcnyada oldu\u011fu kimi Az\u0259rbaycanda da u\u015faqlar\u0131n peyv\u0259ndl\u0259m\u0259 faizi azal\u0131b\u201d. ARANTV.AZ-\u0131n m\u0259lumat\u0131na g\u00f6r\u0259, bunu S\u0259hiyy\u0259 Nazirliyinin Ba\u015f pediatr\u0131 Erkin R\u0259himov deyib. O, valideynl\u0259r\u0259 m\u00fcraci\u0259t ed\u0259r\u0259k bildirib ki, koronavirus nadir\u0259n\u00a0u\u015faqlarda a\u011f\u0131rla\u015fmaya s\u0259b\u0259b olur: \u201c\u0130ll\u0259rl\u0259 u\u015faqlar\u0131m\u0131z\u0131 \u00f6l\u00fcmc\u00fcl x\u0259st\u0259likl\u0259r\u0259 qar\u015f\u0131 peyv\u0259nd etdirmi\u015fik. M\u00fcmk\u00fcnd\u00fcrs\u0259, poliklinikaya gedin v\u0259 gecikm\u0259mi\u015f peyv\u0259nd\u00a0vurdurun. U\u015faqlar\u0131n sa\u011flaml\u0131\u011f\u0131 valideynl\u0259rin \u0259lind\u0259dir\u201d.<\/p>\n","protected":false},"author":2,"featured_media":370490,"comment_status":"closed","ping_status":"closed","sticky":false,"template":"","format":"standard","meta":{"om_disable_all_campaigns":false,"_monsterinsights_skip_tracking":false,"_monsterinsights_sitenote_active":false,"_monsterinsights_sitenote_note":"","_monsterinsights_sitenote_category":0},"categories":[26],"tags":[],"aioseo_notices":[],"gutentor_comment":0,"rttpg_featured_image_url":{"full":["https:\/\/arantv.az\/wp-content\/uploads\/2021\/08\/FotoJet-1-16.jpg",620,413,false],"landscape":["https:\/\/arantv.az\/wp-content\/uploads\/2021\/08\/FotoJet-1-16.jpg",620,413,false],"portraits":["https:\/\/arantv.az\/wp-content\/uploads\/2021\/08\/FotoJet-1-16.jpg",620,413,false],"thumbnail":["https:\/\/arantv.az\/wp-content\/uploads\/2021\/08\/FotoJet-1-16-500x280.jpg",500,280,true],"medium":["https:\/\/arantv.az\/wp-content\/uploads\/2021\/08\/FotoJet-1-16-548x365.jpg",548,365,true],"large":["https:\/\/arantv.az\/wp-content\/uploads\/2021\/08\/FotoJet-1-16.jpg",620,413,false],"1536x1536":["https:\/\/arantv.az\/wp-content\/uploads\/2021\/08\/FotoJet-1-16.jpg",620,413,false],"2048x2048":["https:\/\/arantv.az\/wp-content\/uploads\/2021\/08\/FotoJet-1-16.jpg",620,413,false],"post-thumbnail":["https:\/\/arantv.az\/wp-content\/uploads\/2021\/08\/FotoJet-1-16-240x172.jpg",240,172,true],"advps-thumb-one":["https:\/\/arantv.az\/wp-content\/uploads\/2021\/08\/FotoJet-1-16.jpg",620,413,false]},"rttpg_author":{"display_name":"V\u00fcsal Rafiqo\u011flu","author_link":"https:\/\/arantv.az\/?author=2"},"rttpg_comment":0,"rttpg_category":"<a href=\"https:\/\/arantv.az\/?cat=26\" rel=\"category\">Sosial<\/a>","rttpg_excerpt":"\u201cBu g\u00fcn b\u00fct\u00fcn d\u00fcnya koronavirus pandemiyas\u0131 il\u0259 m\u00fcbariz\u0259 apar\u0131r. Koronavirusa qar\u015f\u0131 qorxu oldu\u011fu \u00fc\u00e7\u00fcn valideynl\u0259r u\u015faqlar\u0131n\u0131 poliklinikaya aparmaqda \u00e7\u0259tinlikl\u0259r \u00e7\u0259kirl\u0259r. Bu s\u0259b\u0259bd\u0259n d\u00fcnyada oldu\u011fu kimi Az\u0259rbaycanda da u\u015faqlar\u0131n peyv\u0259ndl\u0259m\u0259 faizi azal\u0131b\u201d. ARANTV.AZ-\u0131n m\u0259lumat\u0131na g\u00f6r\u0259, bunu S\u0259hiyy\u0259 Nazirliyinin Ba\u015f pediatr\u0131 Erkin R\u0259himov deyib. O, valideynl\u0259r\u0259 m\u00fcraci\u0259t ed\u0259r\u0259k bildirib ki, koronavirus nadir\u0259n\u00a0u\u015faqlarda a\u011f\u0131rla\u015fmaya s\u0259b\u0259b olur: \u201c\u0130ll\u0259rl\u0259 u\u015faqlar\u0131m\u0131z\u0131&hellip;","_links":{"self":[{"href":"https:\/\/arantv.az\/index.php?rest_route=\/wp\/v2\/posts\/370489"}],"collection":[{"href":"https:\/\/arantv.az\/index.php?rest_route=\/wp\/v2\/posts"}],"about":[{"href":"https:\/\/arantv.az\/index.php?rest_route=\/wp\/v2\/types\/post"}],"author":[{"embeddable":true,"href":"https:\/\/arantv.az\/index.php?rest_route=\/wp\/v2\/users\/2"}],"replies":[{"embeddable":true,"href":"https:\/\/arantv.az\/index.php?rest_route=%2Fwp%2Fv2%2Fcomments&post=370489"}],"version-history":[{"count":0,"href":"https:\/\/arantv.az\/index.php?rest_route=\/wp\/v2\/posts\/370489\/revisions"}],"wp:featuredmedia":[{"embeddable":true,"href":"https:\/\/arantv.az\/index.php?rest_route=\/wp\/v2\/media\/370490"}],"wp:attachment":[{"href":"https:\/\/arantv.az\/index.php?rest_route=%2Fwp%2Fv2%2Fmedia&parent=370489"}],"wp:term":[{"taxonomy":"category","embeddable":true,"href":"https:\/\/arantv.az\/index.php?rest_route=%2Fwp%2Fv2%2Fcategories&post=370489"},{"taxonomy":"post_tag","embeddable":true,"href":"https:\/\/arantv.az\/index.php?rest_route=%2Fwp%2Fv2%2Ftags&post=370489"}],"curies":[{"name":"wp","href":"https:\/\/api.w.org\/{rel}","templated":true}]}}