{"id":370492,"date":"2021-08-25T14:48:34","date_gmt":"2021-08-25T11:48:34","guid":{"rendered":"http:\/\/arantv.az\/?p=370492"},"modified":"2021-08-25T14:48:34","modified_gmt":"2021-08-25T11:48:34","slug":"v%c9%99fat-ed%c9%99n-insanlarin-pensiyasi-ail%c9%99-uzvl%c9%99rind%c9%99n-kiml%c9%99r%c9%99-verilir-aciqlama","status":"publish","type":"post","link":"https:\/\/arantv.az\/?p=370492","title":{"rendered":"V\u0259fat ed\u0259n insanlar\u0131n pensiyas\u0131 ail\u0259 \u00fczvl\u0259rind\u0259n kiml\u0259r\u0259 verilir? &#8211; A\u00c7IQLAMA"},"content":{"rendered":"<p>Pensiya ya\u015f\u0131na \u00e7atmadan v\u0259fat ed\u0259n ill\u0259rin i\u015f\u00e7isinin pensiya pullar\u0131n\u0131n aqib\u0259ti nec\u0259 olur? H\u0259min \u015f\u0259xsin pensiyas\u0131 onun h\u0259yat yolda\u015f\u0131na, \u00f6vladlar\u0131na veril\u0259 bil\u0259rmi?<\/p>\n<p>M\u00f6vzuyla ba\u011fl\u0131\u00a0<a title=\"en son xeberler 2021\" href=\"https:\/\/sonxeber.az\/\" target=\"_blank\" rel=\"noopener\">Sonxeber.az<\/a>\u00a0olaraq deputat Fazil Mustafa il\u0259 \u0259laq\u0259 saxlad\u0131q.<\/p>\n<div id=\"AdviadNativeVideo0\" class=\"AdviadNativeVideo\"><\/div>\n<p>O bildirib ki, v\u0259fat ed\u0259n ki\u015finin ail\u0259sinin h\u0259qiq\u0259t\u0259n ehtiyac\u0131 varsa, o zaman onun pensiyas\u0131 h\u0259yat yolda\u015f\u0131na verilm\u0259lidir:<\/p>\n<p>&#8220;Bu, xan\u0131m pensiya ya\u015f\u0131na \u00e7atana q\u0259d\u0259r davam edir, daha sonra is\u0259 qad\u0131n art\u0131q \u00f6z pensiyas\u0131n\u0131 al\u0131r v\u0259 v\u0259fat ed\u0259n yolda\u015f\u0131n\u0131n t\u0259qa\u00fcd\u00fc k\u0259silir.<\/p>\n<p>\u018fg\u0259r v\u0259fat ed\u0259n qad\u0131nd\u0131rsa, onun pensiyas\u0131n\u0131 kimins\u0259 almas\u0131 m\u00fcmk\u00fcn deyil. Lakin himay\u0259sind\u0259 azya\u015fl\u0131 u\u015faqlar varsa, onlar ala bil\u0259rl\u0259r. S\u0131\u011forta insan\u0131n \u015f\u0259xsin\u0259 v\u0259 varisl\u0259rin\u0259 aid olan bir m\u0259s\u0259l\u0259dir. Varisl\u0259r is\u0259 azya\u015fl\u0131 v\u0259 s. kateqoriyalara g\u00f6r\u0259 m\u00fc\u0259yy\u0259nl\u0259\u015firl\u0259r. Pensiyada s\u0131\u011fortan\u0131n \u00f6l\u0259n \u015f\u0259xsin b\u00fct\u00fcn varisl\u0259rin\u0259 \u00e7atmas\u0131n\u0131 vacib ed\u0259n bir qayda yoxdur&#8221;.<\/p>\n","protected":false},"excerpt":{"rendered":"<p>Pensiya ya\u015f\u0131na \u00e7atmadan v\u0259fat ed\u0259n ill\u0259rin i\u015f\u00e7isinin pensiya pullar\u0131n\u0131n aqib\u0259ti nec\u0259 olur? H\u0259min \u015f\u0259xsin pensiyas\u0131 onun h\u0259yat yolda\u015f\u0131na, \u00f6vladlar\u0131na veril\u0259 bil\u0259rmi? M\u00f6vzuyla ba\u011fl\u0131\u00a0Sonxeber.az\u00a0olaraq deputat Fazil Mustafa il\u0259 \u0259laq\u0259 saxlad\u0131q. O bildirib ki, v\u0259fat ed\u0259n ki\u015finin ail\u0259sinin h\u0259qiq\u0259t\u0259n ehtiyac\u0131 varsa, o zaman onun pensiyas\u0131 h\u0259yat yolda\u015f\u0131na verilm\u0259lidir: &#8220;Bu, xan\u0131m pensiya ya\u015f\u0131na \u00e7atana q\u0259d\u0259r davam edir, daha sonra is\u0259 qad\u0131n art\u0131q \u00f6z pensiyas\u0131n\u0131 al\u0131r v\u0259 v\u0259fat ed\u0259n yolda\u015f\u0131n\u0131n t\u0259qa\u00fcd\u00fc k\u0259silir. \u018fg\u0259r v\u0259fat ed\u0259n qad\u0131nd\u0131rsa, onun pensiyas\u0131n\u0131 kimins\u0259 almas\u0131 m\u00fcmk\u00fcn deyil. Lakin himay\u0259sind\u0259 azya\u015fl\u0131 u\u015faqlar varsa, onlar ala bil\u0259rl\u0259r. S\u0131\u011forta insan\u0131n \u015f\u0259xsin\u0259 v\u0259&hellip;<\/p>\n","protected":false},"author":2,"featured_media":370493,"comment_status":"closed","ping_status":"closed","sticky":false,"template":"","format":"standard","meta":{"om_disable_all_campaigns":false,"_monsterinsights_skip_tracking":false,"_monsterinsights_sitenote_active":false,"_monsterinsights_sitenote_note":"","_monsterinsights_sitenote_category":0},"categories":[26],"tags":[],"aioseo_notices":[],"gutentor_comment":0,"rttpg_featured_image_url":{"full":["https:\/\/arantv.az\/wp-content\/uploads\/2021\/08\/cefat.jpg",549,386,false],"landscape":["https:\/\/arantv.az\/wp-content\/uploads\/2021\/08\/cefat.jpg",549,386,false],"portraits":["https:\/\/arantv.az\/wp-content\/uploads\/2021\/08\/cefat.jpg",549,386,false],"thumbnail":["https:\/\/arantv.az\/wp-content\/uploads\/2021\/08\/cefat-500x280.jpg",500,280,true],"medium":["https:\/\/arantv.az\/wp-content\/uploads\/2021\/08\/cefat-519x365.jpg",519,365,true],"large":["https:\/\/arantv.az\/wp-content\/uploads\/2021\/08\/cefat.jpg",549,386,false],"1536x1536":["https:\/\/arantv.az\/wp-content\/uploads\/2021\/08\/cefat.jpg",549,386,false],"2048x2048":["https:\/\/arantv.az\/wp-content\/uploads\/2021\/08\/cefat.jpg",549,386,false],"post-thumbnail":["https:\/\/arantv.az\/wp-content\/uploads\/2021\/08\/cefat-240x172.jpg",240,172,true],"advps-thumb-one":["https:\/\/arantv.az\/wp-content\/uploads\/2021\/08\/cefat.jpg",549,386,false]},"rttpg_author":{"display_name":"V\u00fcsal Rafiqo\u011flu","author_link":"https:\/\/arantv.az\/?author=2"},"rttpg_comment":0,"rttpg_category":"<a href=\"https:\/\/arantv.az\/?cat=26\" rel=\"category\">Sosial<\/a>","rttpg_excerpt":"Pensiya ya\u015f\u0131na \u00e7atmadan v\u0259fat ed\u0259n ill\u0259rin i\u015f\u00e7isinin pensiya pullar\u0131n\u0131n aqib\u0259ti nec\u0259 olur? H\u0259min \u015f\u0259xsin pensiyas\u0131 onun h\u0259yat yolda\u015f\u0131na, \u00f6vladlar\u0131na veril\u0259 bil\u0259rmi? M\u00f6vzuyla ba\u011fl\u0131\u00a0Sonxeber.az\u00a0olaraq deputat Fazil Mustafa il\u0259 \u0259laq\u0259 saxlad\u0131q. O bildirib ki, v\u0259fat ed\u0259n ki\u015finin ail\u0259sinin h\u0259qiq\u0259t\u0259n ehtiyac\u0131 varsa, o zaman onun pensiyas\u0131 h\u0259yat yolda\u015f\u0131na verilm\u0259lidir: &#8220;Bu, xan\u0131m pensiya ya\u015f\u0131na \u00e7atana q\u0259d\u0259r davam edir, daha&hellip;","_links":{"self":[{"href":"https:\/\/arantv.az\/index.php?rest_route=\/wp\/v2\/posts\/370492"}],"collection":[{"href":"https:\/\/arantv.az\/index.php?rest_route=\/wp\/v2\/posts"}],"about":[{"href":"https:\/\/arantv.az\/index.php?rest_route=\/wp\/v2\/types\/post"}],"author":[{"embeddable":true,"href":"https:\/\/arantv.az\/index.php?rest_route=\/wp\/v2\/users\/2"}],"replies":[{"embeddable":true,"href":"https:\/\/arantv.az\/index.php?rest_route=%2Fwp%2Fv2%2Fcomments&post=370492"}],"version-history":[{"count":0,"href":"https:\/\/arantv.az\/index.php?rest_route=\/wp\/v2\/posts\/370492\/revisions"}],"wp:featuredmedia":[{"embeddable":true,"href":"https:\/\/arantv.az\/index.php?rest_route=\/wp\/v2\/media\/370493"}],"wp:attachment":[{"href":"https:\/\/arantv.az\/index.php?rest_route=%2Fwp%2Fv2%2Fmedia&parent=370492"}],"wp:term":[{"taxonomy":"category","embeddable":true,"href":"https:\/\/arantv.az\/index.php?rest_route=%2Fwp%2Fv2%2Fcategories&post=370492"},{"taxonomy":"post_tag","embeddable":true,"href":"https:\/\/arantv.az\/index.php?rest_route=%2Fwp%2Fv2%2Ftags&post=370492"}],"curies":[{"name":"wp","href":"https:\/\/api.w.org\/{rel}","templated":true}]}}