{"id":370510,"date":"2021-08-25T14:58:10","date_gmt":"2021-08-25T11:58:10","guid":{"rendered":"http:\/\/arantv.az\/?p=370510"},"modified":"2021-08-25T14:58:10","modified_gmt":"2021-08-25T11:58:10","slug":"pasinyanin-qayni-soyus%c9%99-gor%c9%99-parlamentin-iclas-zalindan-cixarildi-video","status":"publish","type":"post","link":"https:\/\/arantv.az\/?p=370510","title":{"rendered":"Pa\u015finyan\u0131n qayn\u0131 s\u00f6y\u00fc\u015f\u0259 g\u00f6r\u0259 parlamentin iclas zal\u0131ndan \u00e7\u0131xar\u0131ld\u0131 &#8211; V\u0130DEO"},"content":{"rendered":"<article class=\"news\">\n<div class=\"news-inner\">\n<p>Erm\u0259nistan ba\u015f nazirinin qayn\u0131, \u201cV\u0259t\u0259nda\u015f sazi\u015fi\u201d partiyas\u0131n\u0131n parlamentd\u0259 t\u0259msil olunan \u00fczv\u00fc Qra\u00e7ya Akopyan m\u00fcxalif\u0259t \u00fczvl\u0259ri il\u0259 \u0259lb\u0259yaxa davaya \u00e7\u0131xd\u0131\u011f\u0131na g\u00f6r\u0259 parlamentin iclas salonundan \u00e7\u0131xard\u0131l\u0131b.<\/p>\n<p>S\u00f6y\u00fc\u015f s\u00f6y\u0259n Qra\u00e7ya Akopyan\u0131n parlament salonundan \u00e7\u0131xar\u0131lmas\u0131n\u0131 \u0259ks etdir\u0259n g\u00f6r\u00fcnt\u00fcl\u0259r \u201cSputnik\u201d Erm\u0259nistan\u0131n \u201cTelegram\u201d kanal\u0131nda d\u0259rc edilib.<\/p>\n<p>Erm\u0259nistan parlamentind\u0259 m\u00fcxalif\u0259tl\u0259 h\u00f6kum\u0259ty\u00f6nl\u00fc deputatlar aras\u0131nda dava \u201cV\u0259t\u0259nda\u015f m\u00fcqavil\u0259si\u201d partiyas\u0131ndan olan deputat Ayk Sarkisyan\u0131n \u00e7\u0131x\u0131\u015f\u0131 zaman\u0131 ba\u015flay\u0131b.<\/p>\n<div id=\"AdviadNativeVideo0\" class=\"AdviadNativeVideo\"><\/div>\n<p>Ayk Sarkisyan \u201cErm\u0259nistan\u201d fraksiyas\u0131n\u0131n r\u0259hb\u0259ri, ke\u00e7mi\u015f m\u00fcdafi\u0259 naziri Seyran Ohanyan\u0131 v\u0259t\u0259n\u0259 x\u0259yan\u0259td\u0259 ittiham edib.<\/p>\n<p>Buna cavab olaraq Seyran Ohanyan Ayk Sarkisyana t\u0259r\u0259f su butulkas\u0131 at\u0131b.<\/p>\n<p>Qra\u00e7ya Akopyan\u0131n\u00a0s\u00f6zl\u0259rin\u0259 g\u00f6r\u0259, onu q\u0259z\u0259bl\u0259ndir\u0259n el\u0259 bu h\u0259r\u0259k\u0259t olub.<\/p>\n<p>\u201cSeyran Ohanyan butulkan\u0131 g\u00f6t\u00fcrd\u00fc v\u0259 Ayk Sarkisyana t\u0259r\u0259f atd\u0131. Sonra da b\u00fct\u00fcn bunlar oldu. Bu m\u00fcxalif\u0259t\u00e7il\u0259rin kim oldu\u011funu g\u00f6r\u00fcn\u201d.<\/p>\n<p>O, zaldan niy\u0259 \u00e7\u0131xar\u0131ld\u0131\u011f\u0131 haqda suala cavab\u0131nda is\u0259 deyib: \u201cBilmir\u0259m, m\u0259n hirsl\u0259nib\u00a0\u00f6z\u00fcmd\u0259n\u00a0\u00e7\u0131xm\u0131\u015fd\u0131m\u201d.<\/p>\n<div><iframe loading=\"lazy\" src=\"https:\/\/player.baku.tv\/embed\/42929\" width=\"560\" height=\"315\" frameborder=\"0\" allowfullscreen=\"allowfullscreen\" data-mce-fragment=\"1\"><\/iframe><\/div>\n<\/div>\n<\/article>\n<h2 class=\"news-share-title\"><\/h2>\n","protected":false},"excerpt":{"rendered":"<p>Erm\u0259nistan ba\u015f nazirinin qayn\u0131, \u201cV\u0259t\u0259nda\u015f sazi\u015fi\u201d partiyas\u0131n\u0131n parlamentd\u0259 t\u0259msil olunan \u00fczv\u00fc Qra\u00e7ya Akopyan m\u00fcxalif\u0259t \u00fczvl\u0259ri il\u0259 \u0259lb\u0259yaxa davaya \u00e7\u0131xd\u0131\u011f\u0131na g\u00f6r\u0259 parlamentin iclas salonundan \u00e7\u0131xard\u0131l\u0131b. S\u00f6y\u00fc\u015f s\u00f6y\u0259n Qra\u00e7ya Akopyan\u0131n parlament salonundan \u00e7\u0131xar\u0131lmas\u0131n\u0131 \u0259ks etdir\u0259n g\u00f6r\u00fcnt\u00fcl\u0259r \u201cSputnik\u201d Erm\u0259nistan\u0131n \u201cTelegram\u201d kanal\u0131nda d\u0259rc edilib. Erm\u0259nistan parlamentind\u0259 m\u00fcxalif\u0259tl\u0259 h\u00f6kum\u0259ty\u00f6nl\u00fc deputatlar aras\u0131nda dava \u201cV\u0259t\u0259nda\u015f m\u00fcqavil\u0259si\u201d partiyas\u0131ndan olan deputat Ayk Sarkisyan\u0131n \u00e7\u0131x\u0131\u015f\u0131 zaman\u0131 ba\u015flay\u0131b. Ayk Sarkisyan \u201cErm\u0259nistan\u201d fraksiyas\u0131n\u0131n r\u0259hb\u0259ri, ke\u00e7mi\u015f m\u00fcdafi\u0259 naziri Seyran Ohanyan\u0131 v\u0259t\u0259n\u0259 x\u0259yan\u0259td\u0259 ittiham edib. Buna cavab olaraq Seyran Ohanyan Ayk Sarkisyana t\u0259r\u0259f su butulkas\u0131 at\u0131b. Qra\u00e7ya Akopyan\u0131n\u00a0s\u00f6zl\u0259rin\u0259 g\u00f6r\u0259, onu q\u0259z\u0259bl\u0259ndir\u0259n el\u0259 bu h\u0259r\u0259k\u0259t&hellip;<\/p>\n","protected":false},"author":2,"featured_media":370511,"comment_status":"closed","ping_status":"closed","sticky":false,"template":"","format":"standard","meta":{"om_disable_all_campaigns":false,"_monsterinsights_skip_tracking":false,"_monsterinsights_sitenote_active":false,"_monsterinsights_sitenote_note":"","_monsterinsights_sitenote_category":0},"categories":[7],"tags":[],"aioseo_notices":[],"gutentor_comment":0,"rttpg_featured_image_url":{"full":["https:\/\/arantv.az\/wp-content\/uploads\/2021\/08\/FotoJet-2021-08-25T141711.709.jpg",620,413,false],"landscape":["https:\/\/arantv.az\/wp-content\/uploads\/2021\/08\/FotoJet-2021-08-25T141711.709.jpg",620,413,false],"portraits":["https:\/\/arantv.az\/wp-content\/uploads\/2021\/08\/FotoJet-2021-08-25T141711.709.jpg",620,413,false],"thumbnail":["https:\/\/arantv.az\/wp-content\/uploads\/2021\/08\/FotoJet-2021-08-25T141711.709-500x280.jpg",500,280,true],"medium":["https:\/\/arantv.az\/wp-content\/uploads\/2021\/08\/FotoJet-2021-08-25T141711.709-548x365.jpg",548,365,true],"large":["https:\/\/arantv.az\/wp-content\/uploads\/2021\/08\/FotoJet-2021-08-25T141711.709.jpg",620,413,false],"1536x1536":["https:\/\/arantv.az\/wp-content\/uploads\/2021\/08\/FotoJet-2021-08-25T141711.709.jpg",620,413,false],"2048x2048":["https:\/\/arantv.az\/wp-content\/uploads\/2021\/08\/FotoJet-2021-08-25T141711.709.jpg",620,413,false],"post-thumbnail":["https:\/\/arantv.az\/wp-content\/uploads\/2021\/08\/FotoJet-2021-08-25T141711.709-240x172.jpg",240,172,true],"advps-thumb-one":["https:\/\/arantv.az\/wp-content\/uploads\/2021\/08\/FotoJet-2021-08-25T141711.709.jpg",620,413,false]},"rttpg_author":{"display_name":"V\u00fcsal Rafiqo\u011flu","author_link":"https:\/\/arantv.az\/?author=2"},"rttpg_comment":0,"rttpg_category":"<a href=\"https:\/\/arantv.az\/?cat=7\" rel=\"category\">D\u00fcnya<\/a>","rttpg_excerpt":"Erm\u0259nistan ba\u015f nazirinin qayn\u0131, \u201cV\u0259t\u0259nda\u015f sazi\u015fi\u201d partiyas\u0131n\u0131n parlamentd\u0259 t\u0259msil olunan \u00fczv\u00fc Qra\u00e7ya Akopyan m\u00fcxalif\u0259t \u00fczvl\u0259ri il\u0259 \u0259lb\u0259yaxa davaya \u00e7\u0131xd\u0131\u011f\u0131na g\u00f6r\u0259 parlamentin iclas salonundan \u00e7\u0131xard\u0131l\u0131b. S\u00f6y\u00fc\u015f s\u00f6y\u0259n Qra\u00e7ya Akopyan\u0131n parlament salonundan \u00e7\u0131xar\u0131lmas\u0131n\u0131 \u0259ks etdir\u0259n g\u00f6r\u00fcnt\u00fcl\u0259r \u201cSputnik\u201d Erm\u0259nistan\u0131n \u201cTelegram\u201d kanal\u0131nda d\u0259rc edilib. Erm\u0259nistan parlamentind\u0259 m\u00fcxalif\u0259tl\u0259 h\u00f6kum\u0259ty\u00f6nl\u00fc deputatlar aras\u0131nda dava \u201cV\u0259t\u0259nda\u015f m\u00fcqavil\u0259si\u201d partiyas\u0131ndan olan deputat Ayk Sarkisyan\u0131n \u00e7\u0131x\u0131\u015f\u0131&hellip;","_links":{"self":[{"href":"https:\/\/arantv.az\/index.php?rest_route=\/wp\/v2\/posts\/370510"}],"collection":[{"href":"https:\/\/arantv.az\/index.php?rest_route=\/wp\/v2\/posts"}],"about":[{"href":"https:\/\/arantv.az\/index.php?rest_route=\/wp\/v2\/types\/post"}],"author":[{"embeddable":true,"href":"https:\/\/arantv.az\/index.php?rest_route=\/wp\/v2\/users\/2"}],"replies":[{"embeddable":true,"href":"https:\/\/arantv.az\/index.php?rest_route=%2Fwp%2Fv2%2Fcomments&post=370510"}],"version-history":[{"count":0,"href":"https:\/\/arantv.az\/index.php?rest_route=\/wp\/v2\/posts\/370510\/revisions"}],"wp:featuredmedia":[{"embeddable":true,"href":"https:\/\/arantv.az\/index.php?rest_route=\/wp\/v2\/media\/370511"}],"wp:attachment":[{"href":"https:\/\/arantv.az\/index.php?rest_route=%2Fwp%2Fv2%2Fmedia&parent=370510"}],"wp:term":[{"taxonomy":"category","embeddable":true,"href":"https:\/\/arantv.az\/index.php?rest_route=%2Fwp%2Fv2%2Fcategories&post=370510"},{"taxonomy":"post_tag","embeddable":true,"href":"https:\/\/arantv.az\/index.php?rest_route=%2Fwp%2Fv2%2Ftags&post=370510"}],"curies":[{"name":"wp","href":"https:\/\/api.w.org\/{rel}","templated":true}]}}