{"id":370513,"date":"2021-08-25T14:58:48","date_gmt":"2021-08-25T11:58:48","guid":{"rendered":"http:\/\/arantv.az\/?p=370513"},"modified":"2021-08-25T14:58:48","modified_gmt":"2021-08-25T11:58:48","slug":"az%c9%99rbaycanda-usaqlarin-boy-v%c9%99-c%c9%99ki-normalari-mu%c9%99yy%c9%99nl%c9%99sib","status":"publish","type":"post","link":"https:\/\/arantv.az\/?p=370513","title":{"rendered":"Az\u0259rbaycanda u\u015faqlar\u0131n boy v\u0259 \u00e7\u0259ki normalar\u0131 m\u00fc\u0259yy\u0259nl\u0259\u015fib"},"content":{"rendered":"<p>\u201cAz\u0259rbaycanda 20 min\u0259 yax\u0131n u\u015faq aras\u0131nda boy-\u00e7\u0259ki normalar\u0131 il\u0259 ba\u011fl\u0131 t\u0259dqiqat apar\u0131l\u0131b\u201d.<\/p>\n<p><strong>ARANTV.AZ<\/strong>-\u0131n m\u0259lumat\u0131na g\u00f6r\u0259, bunu S\u0259hiyy\u0259 Nazirliyinin Ba\u015f pediatr\u0131 Erkin R\u0259himov deyib.<\/p>\n<p>Onun s\u00f6zl\u0259rin\u0259 g\u00f6r\u0259, apar\u0131lan t\u0259dqiqat s\u0131rf az\u0259rbaycanl\u0131 u\u015faqlar\u0131 \u0259hat\u0259 edib:<\/p>\n<div id=\"AdviadNativeVideo0\" class=\"AdviadNativeVideo\"><\/div>\n<p>\u201cT\u0259dqiqat n\u0259tic\u0259sind\u0259 yeni normalar q\u0259bul olunub. Art\u0131q h\u0259r k\u0259s \u00f6z u\u015fa\u011f\u0131n\u0131n boy v\u0259 \u00e7\u0259kisinin normaya uy\u011fun olub-olmad\u0131\u011f\u0131n\u0131 m\u00fc\u0259yy\u0259nl\u0259\u015fdir\u0259 bil\u0259c\u0259k\u201d.<\/p>\n<p>O qeyd edib ki, h\u0259min s\u0259n\u0259d S\u0259hiyy\u0259 Nazirliyinin sayt\u0131nda yerl\u0259\u015fdiril\u0259c\u0259k.<\/p>\n","protected":false},"excerpt":{"rendered":"<p>\u201cAz\u0259rbaycanda 20 min\u0259 yax\u0131n u\u015faq aras\u0131nda boy-\u00e7\u0259ki normalar\u0131 il\u0259 ba\u011fl\u0131 t\u0259dqiqat apar\u0131l\u0131b\u201d. ARANTV.AZ-\u0131n m\u0259lumat\u0131na g\u00f6r\u0259, bunu S\u0259hiyy\u0259 Nazirliyinin Ba\u015f pediatr\u0131 Erkin R\u0259himov deyib. Onun s\u00f6zl\u0259rin\u0259 g\u00f6r\u0259, apar\u0131lan t\u0259dqiqat s\u0131rf az\u0259rbaycanl\u0131 u\u015faqlar\u0131 \u0259hat\u0259 edib: \u201cT\u0259dqiqat n\u0259tic\u0259sind\u0259 yeni normalar q\u0259bul olunub. Art\u0131q h\u0259r k\u0259s \u00f6z u\u015fa\u011f\u0131n\u0131n boy v\u0259 \u00e7\u0259kisinin normaya uy\u011fun olub-olmad\u0131\u011f\u0131n\u0131 m\u00fc\u0259yy\u0259nl\u0259\u015fdir\u0259 bil\u0259c\u0259k\u201d. O qeyd edib ki, h\u0259min s\u0259n\u0259d S\u0259hiyy\u0259 Nazirliyinin sayt\u0131nda yerl\u0259\u015fdiril\u0259c\u0259k.<\/p>\n","protected":false},"author":2,"featured_media":370514,"comment_status":"closed","ping_status":"closed","sticky":false,"template":"","format":"standard","meta":{"om_disable_all_campaigns":false,"_monsterinsights_skip_tracking":false,"_monsterinsights_sitenote_active":false,"_monsterinsights_sitenote_note":"","_monsterinsights_sitenote_category":0},"categories":[26],"tags":[],"aioseo_notices":[],"gutentor_comment":0,"rttpg_featured_image_url":{"full":["https:\/\/arantv.az\/wp-content\/uploads\/2021\/08\/FotoJet-2-12.jpg",620,413,false],"landscape":["https:\/\/arantv.az\/wp-content\/uploads\/2021\/08\/FotoJet-2-12.jpg",620,413,false],"portraits":["https:\/\/arantv.az\/wp-content\/uploads\/2021\/08\/FotoJet-2-12.jpg",620,413,false],"thumbnail":["https:\/\/arantv.az\/wp-content\/uploads\/2021\/08\/FotoJet-2-12-500x280.jpg",500,280,true],"medium":["https:\/\/arantv.az\/wp-content\/uploads\/2021\/08\/FotoJet-2-12-548x365.jpg",548,365,true],"large":["https:\/\/arantv.az\/wp-content\/uploads\/2021\/08\/FotoJet-2-12.jpg",620,413,false],"1536x1536":["https:\/\/arantv.az\/wp-content\/uploads\/2021\/08\/FotoJet-2-12.jpg",620,413,false],"2048x2048":["https:\/\/arantv.az\/wp-content\/uploads\/2021\/08\/FotoJet-2-12.jpg",620,413,false],"post-thumbnail":["https:\/\/arantv.az\/wp-content\/uploads\/2021\/08\/FotoJet-2-12-240x172.jpg",240,172,true],"advps-thumb-one":["https:\/\/arantv.az\/wp-content\/uploads\/2021\/08\/FotoJet-2-12.jpg",620,413,false]},"rttpg_author":{"display_name":"V\u00fcsal Rafiqo\u011flu","author_link":"https:\/\/arantv.az\/?author=2"},"rttpg_comment":0,"rttpg_category":"<a href=\"https:\/\/arantv.az\/?cat=26\" rel=\"category\">Sosial<\/a>","rttpg_excerpt":"\u201cAz\u0259rbaycanda 20 min\u0259 yax\u0131n u\u015faq aras\u0131nda boy-\u00e7\u0259ki normalar\u0131 il\u0259 ba\u011fl\u0131 t\u0259dqiqat apar\u0131l\u0131b\u201d. ARANTV.AZ-\u0131n m\u0259lumat\u0131na g\u00f6r\u0259, bunu S\u0259hiyy\u0259 Nazirliyinin Ba\u015f pediatr\u0131 Erkin R\u0259himov deyib. Onun s\u00f6zl\u0259rin\u0259 g\u00f6r\u0259, apar\u0131lan t\u0259dqiqat s\u0131rf az\u0259rbaycanl\u0131 u\u015faqlar\u0131 \u0259hat\u0259 edib: \u201cT\u0259dqiqat n\u0259tic\u0259sind\u0259 yeni normalar q\u0259bul olunub. Art\u0131q h\u0259r k\u0259s \u00f6z u\u015fa\u011f\u0131n\u0131n boy v\u0259 \u00e7\u0259kisinin normaya uy\u011fun olub-olmad\u0131\u011f\u0131n\u0131 m\u00fc\u0259yy\u0259nl\u0259\u015fdir\u0259 bil\u0259c\u0259k\u201d. O qeyd edib&hellip;","_links":{"self":[{"href":"https:\/\/arantv.az\/index.php?rest_route=\/wp\/v2\/posts\/370513"}],"collection":[{"href":"https:\/\/arantv.az\/index.php?rest_route=\/wp\/v2\/posts"}],"about":[{"href":"https:\/\/arantv.az\/index.php?rest_route=\/wp\/v2\/types\/post"}],"author":[{"embeddable":true,"href":"https:\/\/arantv.az\/index.php?rest_route=\/wp\/v2\/users\/2"}],"replies":[{"embeddable":true,"href":"https:\/\/arantv.az\/index.php?rest_route=%2Fwp%2Fv2%2Fcomments&post=370513"}],"version-history":[{"count":0,"href":"https:\/\/arantv.az\/index.php?rest_route=\/wp\/v2\/posts\/370513\/revisions"}],"wp:featuredmedia":[{"embeddable":true,"href":"https:\/\/arantv.az\/index.php?rest_route=\/wp\/v2\/media\/370514"}],"wp:attachment":[{"href":"https:\/\/arantv.az\/index.php?rest_route=%2Fwp%2Fv2%2Fmedia&parent=370513"}],"wp:term":[{"taxonomy":"category","embeddable":true,"href":"https:\/\/arantv.az\/index.php?rest_route=%2Fwp%2Fv2%2Fcategories&post=370513"},{"taxonomy":"post_tag","embeddable":true,"href":"https:\/\/arantv.az\/index.php?rest_route=%2Fwp%2Fv2%2Ftags&post=370513"}],"curies":[{"name":"wp","href":"https:\/\/api.w.org\/{rel}","templated":true}]}}