{"id":370516,"date":"2021-08-25T15:01:14","date_gmt":"2021-08-25T12:01:14","guid":{"rendered":"http:\/\/arantv.az\/?p=370516"},"modified":"2021-08-25T15:01:14","modified_gmt":"2021-08-25T12:01:14","slug":"manatliq-taksil%c9%99r-avtobusa-min%c9%99nl%c9%99rin-h%c9%99yatini-t%c9%99hluk%c9%99y%c9%99-atir-bna-dan-aciqlama","status":"publish","type":"post","link":"https:\/\/arantv.az\/?p=370516","title":{"rendered":"Manatl\u0131q taksil\u0259r avtobusa min\u0259nl\u0259rin h\u0259yat\u0131n\u0131 t\u0259hl\u00fck\u0259y\u0259 at\u0131r &#8211; BNA-dan A\u00c7IQLAMA"},"content":{"rendered":"<p>&#8220;20 yanvar&#8221;, &#8220;Koro\u011flu&#8221;, &#8220;\u018fhm\u0259dli&#8221; v\u0259 dig\u0259r metrostansiyalar\u0131n \u00e7\u0131x\u0131\u015f\u0131nda f\u0259aliyy\u0259t g\u00f6st\u0259r\u0259n 1 manatl\u0131q taksil\u0259r avtobusa minm\u0259k ist\u0259y\u0259n s\u0259rni\u015finl\u0259rin h\u0259yat\u0131n\u0131 t\u0259hl\u00fck\u0259y\u0259 at\u0131r. H\u0259min taksil\u0259r dayanacaqda saxlan\u0131ld\u0131qlar\u0131 \u00fc\u00e7\u00fcn s\u0259rni\u015finl\u0259r avtobuslara yolun ortas\u0131nda minm\u0259y\u0259 m\u0259cbur olurlar. T\u0259bii ki, bu da onlar\u0131n h\u0259yatlar\u0131n\u0131 t\u0259hl\u00fck\u0259y\u0259 at\u0131r.<\/p>\n<p>M\u0259s\u0259l\u0259 il\u0259 ba\u011fl\u0131 BNA-n\u0131n ba\u015f katibi Mais A\u011fayev\u00a0<a title=\"en son xeberler 2021\" href=\"https:\/\/sonxeber.az\/\" target=\"_blank\" rel=\"noopener\">Sonxeber.az<\/a>-a a\u00e7\u0131qlama verib.<\/p>\n<p>O bildirib ki, \u015f\u0259h\u0259rin m\u00fcxt\u0259lif yerl\u0259rind\u0259 m\u00fc\u015fahid\u0259 olunan bu v\u0259ziyy\u0259t qanunsuz s\u0259rni\u015finda\u015f\u0131ma il\u0259 ba\u011fl\u0131 olan m\u0259s\u0259l\u0259dir:<\/p>\n<p>&#8220;Qanunsuz s\u0259rni\u015finda\u015f\u0131malar v\u0259t\u0259nda\u015flar\u0131n rahatl\u0131\u011f\u0131 v\u0259 t\u0259hl\u00fck\u0259sizliyi bax\u0131m\u0131ndan b\u00f6y\u00fck risk da\u015f\u0131maqla yana\u015f\u0131, h\u0259m\u00e7inin, n\u0259qliyyat ax\u0131n\u0131na da ciddi mane\u0259 yarad\u0131r. Bu c\u00fcr hallar s\u0259b\u0259bind\u0259n yollarda s\u0131xl\u0131q yaran\u0131r. N\u0259tic\u0259d\u0259 is\u0259 \u0259sas\u0259n m\u00fcnt\u0259z\u0259m mar\u015frut x\u0259tl\u0259ri \u00fczr\u0259 avtobuslar\u0131n interval\u0131nda gecikm\u0259l\u0259r olur. Eyni zamanda, avtobus dayanacaq m\u0259nt\u0259q\u0259l\u0259ri z\u0259bt olundu\u011fundan, s\u0259rni\u015finl\u0259rin avtobusa minib-d\u00fc\u015fm\u0259si t\u0259hl\u00fck\u0259li hal al\u0131r.<\/p>\n<p>Agentlik t\u0259r\u0259find\u0259n bu \u0259razid\u0259 dayanma-durma v\u0259 parklanma qaydalar\u0131n\u0131n pozulmas\u0131yla ba\u011fl\u0131 h\u0259min\u00a0<a title=\"masinlar masin satisi avtomobil elanlari\" href=\"https:\/\/masinlar.az\/\" target=\"_blank\" rel=\"noopener\">avtomobill\u0259r\u0259<\/a>\u00a0qar\u015f\u0131 t\u0259dbirl\u0259r g\u00f6r\u00fcl\u00fcr. Amma qanunsuz s\u0259rni\u015finda\u015f\u0131malara qar\u015f\u0131 t\u0259dbir g\u00f6rm\u0259k bizim s\u0259lahiyy\u0259t\u0259 aid m\u0259s\u0259l\u0259 deyil&#8221;.<\/p>\n","protected":false},"excerpt":{"rendered":"<p>&#8220;20 yanvar&#8221;, &#8220;Koro\u011flu&#8221;, &#8220;\u018fhm\u0259dli&#8221; v\u0259 dig\u0259r metrostansiyalar\u0131n \u00e7\u0131x\u0131\u015f\u0131nda f\u0259aliyy\u0259t g\u00f6st\u0259r\u0259n 1 manatl\u0131q taksil\u0259r avtobusa minm\u0259k ist\u0259y\u0259n s\u0259rni\u015finl\u0259rin h\u0259yat\u0131n\u0131 t\u0259hl\u00fck\u0259y\u0259 at\u0131r. H\u0259min taksil\u0259r dayanacaqda saxlan\u0131ld\u0131qlar\u0131 \u00fc\u00e7\u00fcn s\u0259rni\u015finl\u0259r avtobuslara yolun ortas\u0131nda minm\u0259y\u0259 m\u0259cbur olurlar. T\u0259bii ki, bu da onlar\u0131n h\u0259yatlar\u0131n\u0131 t\u0259hl\u00fck\u0259y\u0259 at\u0131r. M\u0259s\u0259l\u0259 il\u0259 ba\u011fl\u0131 BNA-n\u0131n ba\u015f katibi Mais A\u011fayev\u00a0Sonxeber.az-a a\u00e7\u0131qlama verib. O bildirib ki, \u015f\u0259h\u0259rin m\u00fcxt\u0259lif yerl\u0259rind\u0259 m\u00fc\u015fahid\u0259 olunan bu v\u0259ziyy\u0259t qanunsuz s\u0259rni\u015finda\u015f\u0131ma il\u0259 ba\u011fl\u0131 olan m\u0259s\u0259l\u0259dir: &#8220;Qanunsuz s\u0259rni\u015finda\u015f\u0131malar v\u0259t\u0259nda\u015flar\u0131n rahatl\u0131\u011f\u0131 v\u0259 t\u0259hl\u00fck\u0259sizliyi bax\u0131m\u0131ndan b\u00f6y\u00fck risk da\u015f\u0131maqla yana\u015f\u0131, h\u0259m\u00e7inin, n\u0259qliyyat ax\u0131n\u0131na da ciddi mane\u0259 yarad\u0131r. Bu c\u00fcr hallar s\u0259b\u0259bind\u0259n yollarda s\u0131xl\u0131q&hellip;<\/p>\n","protected":false},"author":2,"featured_media":370517,"comment_status":"closed","ping_status":"closed","sticky":false,"template":"","format":"standard","meta":{"om_disable_all_campaigns":false,"_monsterinsights_skip_tracking":false,"_monsterinsights_sitenote_active":false,"_monsterinsights_sitenote_note":"","_monsterinsights_sitenote_category":0},"categories":[26],"tags":[],"aioseo_notices":[],"gutentor_comment":0,"rttpg_featured_image_url":{"full":["https:\/\/arantv.az\/wp-content\/uploads\/2021\/08\/manatliq.png",512,366,false],"landscape":["https:\/\/arantv.az\/wp-content\/uploads\/2021\/08\/manatliq.png",512,366,false],"portraits":["https:\/\/arantv.az\/wp-content\/uploads\/2021\/08\/manatliq.png",512,366,false],"thumbnail":["https:\/\/arantv.az\/wp-content\/uploads\/2021\/08\/manatliq-500x280.png",500,280,true],"medium":["https:\/\/arantv.az\/wp-content\/uploads\/2021\/08\/manatliq.png",511,365,false],"large":["https:\/\/arantv.az\/wp-content\/uploads\/2021\/08\/manatliq.png",512,366,false],"1536x1536":["https:\/\/arantv.az\/wp-content\/uploads\/2021\/08\/manatliq.png",512,366,false],"2048x2048":["https:\/\/arantv.az\/wp-content\/uploads\/2021\/08\/manatliq.png",512,366,false],"post-thumbnail":["https:\/\/arantv.az\/wp-content\/uploads\/2021\/08\/manatliq-240x172.png",240,172,true],"advps-thumb-one":["https:\/\/arantv.az\/wp-content\/uploads\/2021\/08\/manatliq.png",512,366,false]},"rttpg_author":{"display_name":"V\u00fcsal Rafiqo\u011flu","author_link":"https:\/\/arantv.az\/?author=2"},"rttpg_comment":0,"rttpg_category":"<a href=\"https:\/\/arantv.az\/?cat=26\" rel=\"category\">Sosial<\/a>","rttpg_excerpt":"&#8220;20 yanvar&#8221;, &#8220;Koro\u011flu&#8221;, &#8220;\u018fhm\u0259dli&#8221; v\u0259 dig\u0259r metrostansiyalar\u0131n \u00e7\u0131x\u0131\u015f\u0131nda f\u0259aliyy\u0259t g\u00f6st\u0259r\u0259n 1 manatl\u0131q taksil\u0259r avtobusa minm\u0259k ist\u0259y\u0259n s\u0259rni\u015finl\u0259rin h\u0259yat\u0131n\u0131 t\u0259hl\u00fck\u0259y\u0259 at\u0131r. H\u0259min taksil\u0259r dayanacaqda saxlan\u0131ld\u0131qlar\u0131 \u00fc\u00e7\u00fcn s\u0259rni\u015finl\u0259r avtobuslara yolun ortas\u0131nda minm\u0259y\u0259 m\u0259cbur olurlar. T\u0259bii ki, bu da onlar\u0131n h\u0259yatlar\u0131n\u0131 t\u0259hl\u00fck\u0259y\u0259 at\u0131r. M\u0259s\u0259l\u0259 il\u0259 ba\u011fl\u0131 BNA-n\u0131n ba\u015f katibi Mais A\u011fayev\u00a0Sonxeber.az-a a\u00e7\u0131qlama verib. O bildirib ki, \u015f\u0259h\u0259rin m\u00fcxt\u0259lif&hellip;","_links":{"self":[{"href":"https:\/\/arantv.az\/index.php?rest_route=\/wp\/v2\/posts\/370516"}],"collection":[{"href":"https:\/\/arantv.az\/index.php?rest_route=\/wp\/v2\/posts"}],"about":[{"href":"https:\/\/arantv.az\/index.php?rest_route=\/wp\/v2\/types\/post"}],"author":[{"embeddable":true,"href":"https:\/\/arantv.az\/index.php?rest_route=\/wp\/v2\/users\/2"}],"replies":[{"embeddable":true,"href":"https:\/\/arantv.az\/index.php?rest_route=%2Fwp%2Fv2%2Fcomments&post=370516"}],"version-history":[{"count":0,"href":"https:\/\/arantv.az\/index.php?rest_route=\/wp\/v2\/posts\/370516\/revisions"}],"wp:featuredmedia":[{"embeddable":true,"href":"https:\/\/arantv.az\/index.php?rest_route=\/wp\/v2\/media\/370517"}],"wp:attachment":[{"href":"https:\/\/arantv.az\/index.php?rest_route=%2Fwp%2Fv2%2Fmedia&parent=370516"}],"wp:term":[{"taxonomy":"category","embeddable":true,"href":"https:\/\/arantv.az\/index.php?rest_route=%2Fwp%2Fv2%2Fcategories&post=370516"},{"taxonomy":"post_tag","embeddable":true,"href":"https:\/\/arantv.az\/index.php?rest_route=%2Fwp%2Fv2%2Ftags&post=370516"}],"curies":[{"name":"wp","href":"https:\/\/api.w.org\/{rel}","templated":true}]}}