{"id":370527,"date":"2021-08-25T15:04:50","date_gmt":"2021-08-25T12:04:50","guid":{"rendered":"http:\/\/arantv.az\/?p=370527"},"modified":"2021-08-25T15:04:50","modified_gmt":"2021-08-25T12:04:50","slug":"2-yasa-q%c9%99d%c9%99r-usaqlara-q%c9%99tiyy%c9%99n-telefon-televizor-olmaz","status":"publish","type":"post","link":"https:\/\/arantv.az\/?p=370527","title":{"rendered":"2 ya\u015fa q\u0259d\u0259r u\u015faqlara q\u0259tiyy\u0259n telefon, televizor olmaz"},"content":{"rendered":"<p>&#8220;2 ya\u015fa q\u0259d\u0259r u\u015faqlara q\u0259tiyy\u0259n telefon, televizor olmaz&#8221;.<\/p>\n<p><strong>ARANTV.AZ\u00a0 x\u0259b\u0259r verir ki,<\/strong>\u00a0\u00a0bunu S\u0259hiyy\u0259 Nazirliyinin ba\u015f pediatr\u0131 Erkin R\u0259himov deyib.<\/p>\n<p>\u201cAna il\u0259 \u00fcnsiyy\u0259t u\u015faqlar \u00fc\u00e7\u00fcn daha faydal\u0131d\u0131r. X\u00fcsusil\u0259 valideynl\u0259r yem\u0259k zaman\u0131 k\u00f6rp\u0259l\u0259r\u0259 telefon verirl\u0259r. Bu, d\u00fczg\u00fcn deyil. Bel\u0259 hallar u\u015faqlarda autizm\u0259 meyillilik yarad\u0131r\u201d, &#8211; o bildirib.<\/p>\n","protected":false},"excerpt":{"rendered":"<p>&#8220;2 ya\u015fa q\u0259d\u0259r u\u015faqlara q\u0259tiyy\u0259n telefon, televizor olmaz&#8221;. ARANTV.AZ\u00a0 x\u0259b\u0259r verir ki,\u00a0\u00a0bunu S\u0259hiyy\u0259 Nazirliyinin ba\u015f pediatr\u0131 Erkin R\u0259himov deyib. \u201cAna il\u0259 \u00fcnsiyy\u0259t u\u015faqlar \u00fc\u00e7\u00fcn daha faydal\u0131d\u0131r. X\u00fcsusil\u0259 valideynl\u0259r yem\u0259k zaman\u0131 k\u00f6rp\u0259l\u0259r\u0259 telefon verirl\u0259r. Bu, d\u00fczg\u00fcn deyil. Bel\u0259 hallar u\u015faqlarda autizm\u0259 meyillilik yarad\u0131r\u201d, &#8211; o bildirib.<\/p>\n","protected":false},"author":2,"featured_media":370528,"comment_status":"closed","ping_status":"closed","sticky":false,"template":"","format":"standard","meta":{"om_disable_all_campaigns":false,"_monsterinsights_skip_tracking":false,"_monsterinsights_sitenote_active":false,"_monsterinsights_sitenote_note":"","_monsterinsights_sitenote_category":0},"categories":[26],"tags":[],"aioseo_notices":[],"gutentor_comment":0,"rttpg_featured_image_url":{"full":["https:\/\/arantv.az\/wp-content\/uploads\/2021\/08\/a5585a4d162989275679884815810332398.jpg",975,540,false],"landscape":["https:\/\/arantv.az\/wp-content\/uploads\/2021\/08\/a5585a4d162989275679884815810332398.jpg",975,540,false],"portraits":["https:\/\/arantv.az\/wp-content\/uploads\/2021\/08\/a5585a4d162989275679884815810332398.jpg",975,540,false],"thumbnail":["https:\/\/arantv.az\/wp-content\/uploads\/2021\/08\/a5585a4d162989275679884815810332398-500x280.jpg",500,280,true],"medium":["https:\/\/arantv.az\/wp-content\/uploads\/2021\/08\/a5585a4d162989275679884815810332398-660x365.jpg",660,365,true],"large":["https:\/\/arantv.az\/wp-content\/uploads\/2021\/08\/a5585a4d162989275679884815810332398-840x465.jpg",640,354,true],"1536x1536":["https:\/\/arantv.az\/wp-content\/uploads\/2021\/08\/a5585a4d162989275679884815810332398.jpg",975,540,false],"2048x2048":["https:\/\/arantv.az\/wp-content\/uploads\/2021\/08\/a5585a4d162989275679884815810332398.jpg",975,540,false],"post-thumbnail":["https:\/\/arantv.az\/wp-content\/uploads\/2021\/08\/a5585a4d162989275679884815810332398-240x172.jpg",240,172,true],"advps-thumb-one":["https:\/\/arantv.az\/wp-content\/uploads\/2021\/08\/a5585a4d162989275679884815810332398.jpg",975,540,false]},"rttpg_author":{"display_name":"V\u00fcsal Rafiqo\u011flu","author_link":"https:\/\/arantv.az\/?author=2"},"rttpg_comment":0,"rttpg_category":"<a href=\"https:\/\/arantv.az\/?cat=26\" rel=\"category\">Sosial<\/a>","rttpg_excerpt":"&#8220;2 ya\u015fa q\u0259d\u0259r u\u015faqlara q\u0259tiyy\u0259n telefon, televizor olmaz&#8221;. ARANTV.AZ\u00a0 x\u0259b\u0259r verir ki,\u00a0\u00a0bunu S\u0259hiyy\u0259 Nazirliyinin ba\u015f pediatr\u0131 Erkin R\u0259himov deyib. \u201cAna il\u0259 \u00fcnsiyy\u0259t u\u015faqlar \u00fc\u00e7\u00fcn daha faydal\u0131d\u0131r. X\u00fcsusil\u0259 valideynl\u0259r yem\u0259k zaman\u0131 k\u00f6rp\u0259l\u0259r\u0259 telefon verirl\u0259r. Bu, d\u00fczg\u00fcn deyil. Bel\u0259 hallar u\u015faqlarda autizm\u0259 meyillilik yarad\u0131r\u201d, &#8211; o bildirib.","_links":{"self":[{"href":"https:\/\/arantv.az\/index.php?rest_route=\/wp\/v2\/posts\/370527"}],"collection":[{"href":"https:\/\/arantv.az\/index.php?rest_route=\/wp\/v2\/posts"}],"about":[{"href":"https:\/\/arantv.az\/index.php?rest_route=\/wp\/v2\/types\/post"}],"author":[{"embeddable":true,"href":"https:\/\/arantv.az\/index.php?rest_route=\/wp\/v2\/users\/2"}],"replies":[{"embeddable":true,"href":"https:\/\/arantv.az\/index.php?rest_route=%2Fwp%2Fv2%2Fcomments&post=370527"}],"version-history":[{"count":0,"href":"https:\/\/arantv.az\/index.php?rest_route=\/wp\/v2\/posts\/370527\/revisions"}],"wp:featuredmedia":[{"embeddable":true,"href":"https:\/\/arantv.az\/index.php?rest_route=\/wp\/v2\/media\/370528"}],"wp:attachment":[{"href":"https:\/\/arantv.az\/index.php?rest_route=%2Fwp%2Fv2%2Fmedia&parent=370527"}],"wp:term":[{"taxonomy":"category","embeddable":true,"href":"https:\/\/arantv.az\/index.php?rest_route=%2Fwp%2Fv2%2Fcategories&post=370527"},{"taxonomy":"post_tag","embeddable":true,"href":"https:\/\/arantv.az\/index.php?rest_route=%2Fwp%2Fv2%2Ftags&post=370527"}],"curies":[{"name":"wp","href":"https:\/\/api.w.org\/{rel}","templated":true}]}}