{"id":370538,"date":"2021-08-25T15:31:40","date_gmt":"2021-08-25T12:31:40","guid":{"rendered":"http:\/\/arantv.az\/?p=370538"},"modified":"2021-08-25T15:31:40","modified_gmt":"2021-08-25T12:31:40","slug":"dunyanin-%c9%99n-dozulm%c9%99z-h%c9%99bsxanalarindan-birinin-m%c9%99hbusu-%c9%99fqanistanin-mudafi%c9%99-naziri-oldu","status":"publish","type":"post","link":"https:\/\/arantv.az\/?p=370538","title":{"rendered":"D\u00fcnyan\u0131n \u0259n d\u00f6z\u00fclm\u0259z h\u0259bsxanalar\u0131ndan birinin m\u0259hbusu \u018ffqan\u0131stan\u0131n m\u00fcdafi\u0259 naziri oldu"},"content":{"rendered":"<p>\u018ffqan\u0131standa siyasi hakimiyy\u0259ti \u0259l\u0259 ke\u00e7irmi\u015f \u201cTaliban\u201d r\u0259hb\u0259rliyi Quantanamo h\u0259bsxanas\u0131n\u0131n ke\u00e7mi\u015f m\u0259hbusu v\u0259 \u201cTaliban\u201d\u0131n s\u0259hra komandirl\u0259rind\u0259n biri olan \u018fbd\u00fcl Q\u0259yyum Zakirini \u018ffqan\u0131stan\u0131n m\u00fcdafi\u0259 naziri v\u0259zif\u0259sin\u0259 t\u0259yin edib.<\/p>\n<p>Bu bar\u0259d\u0259 \u201cAl Jazeera\u201d n\u0259\u015fri m\u0259lumat yay\u0131b.<\/p>\n<div id=\"AdviadNativeVideo0\" class=\"AdviadNativeVideo\"><\/div>\n<p>Qeyd olunur ki, \u018fbd\u00fcl Q\u0259yyum Zakiri h\u0259l\u0259 AB\u015e-\u0131n \u018ffqan\u0131stana ordu yeritdiyi ilk ill\u0259rd\u0259 \u201cTaliban\u201d d\u00f6y\u00fc\u015f\u00e7\u00fcl\u0259rin\u0259 r\u0259hb\u0259rlik edib, h\u0259rbi xarakterli m\u0259s\u0259l\u0259l\u0259rin h\u0259llin\u0259 c\u0259lb olunub.<\/p>\n<p>\u018fbd\u00fcl Q\u0259yyum Zakiri AB\u015e ordusu t\u0259r\u0259find\u0259n \u0259l\u0259 ke\u00e7iril\u0259r\u0259k\u00a0Quntanamo h\u0259bsxanas\u0131na sal\u0131nm\u0131\u015fd\u0131.<\/p>\n<p>O,\u00a0bu h\u0259bsxanadan\u00a02007-ci ild\u0259 azad edilib.<\/p>\n","protected":false},"excerpt":{"rendered":"<p>\u018ffqan\u0131standa siyasi hakimiyy\u0259ti \u0259l\u0259 ke\u00e7irmi\u015f \u201cTaliban\u201d r\u0259hb\u0259rliyi Quantanamo h\u0259bsxanas\u0131n\u0131n ke\u00e7mi\u015f m\u0259hbusu v\u0259 \u201cTaliban\u201d\u0131n s\u0259hra komandirl\u0259rind\u0259n biri olan \u018fbd\u00fcl Q\u0259yyum Zakirini \u018ffqan\u0131stan\u0131n m\u00fcdafi\u0259 naziri v\u0259zif\u0259sin\u0259 t\u0259yin edib. Bu bar\u0259d\u0259 \u201cAl Jazeera\u201d n\u0259\u015fri m\u0259lumat yay\u0131b. Qeyd olunur ki, \u018fbd\u00fcl Q\u0259yyum Zakiri h\u0259l\u0259 AB\u015e-\u0131n \u018ffqan\u0131stana ordu yeritdiyi ilk ill\u0259rd\u0259 \u201cTaliban\u201d d\u00f6y\u00fc\u015f\u00e7\u00fcl\u0259rin\u0259 r\u0259hb\u0259rlik edib, h\u0259rbi xarakterli m\u0259s\u0259l\u0259l\u0259rin h\u0259llin\u0259 c\u0259lb olunub. \u018fbd\u00fcl Q\u0259yyum Zakiri AB\u015e ordusu t\u0259r\u0259find\u0259n \u0259l\u0259 ke\u00e7iril\u0259r\u0259k\u00a0Quntanamo h\u0259bsxanas\u0131na sal\u0131nm\u0131\u015fd\u0131. O,\u00a0bu h\u0259bsxanadan\u00a02007-ci ild\u0259 azad edilib.<\/p>\n","protected":false},"author":2,"featured_media":370539,"comment_status":"closed","ping_status":"closed","sticky":false,"template":"","format":"standard","meta":{"om_disable_all_campaigns":false,"_monsterinsights_skip_tracking":false,"_monsterinsights_sitenote_active":false,"_monsterinsights_sitenote_note":"","_monsterinsights_sitenote_category":0},"categories":[7],"tags":[],"aioseo_notices":[],"gutentor_comment":0,"rttpg_featured_image_url":{"full":["https:\/\/arantv.az\/wp-content\/uploads\/2021\/08\/FotoJet-2021-08-25T144919.721.jpg",620,413,false],"landscape":["https:\/\/arantv.az\/wp-content\/uploads\/2021\/08\/FotoJet-2021-08-25T144919.721.jpg",620,413,false],"portraits":["https:\/\/arantv.az\/wp-content\/uploads\/2021\/08\/FotoJet-2021-08-25T144919.721.jpg",620,413,false],"thumbnail":["https:\/\/arantv.az\/wp-content\/uploads\/2021\/08\/FotoJet-2021-08-25T144919.721-500x280.jpg",500,280,true],"medium":["https:\/\/arantv.az\/wp-content\/uploads\/2021\/08\/FotoJet-2021-08-25T144919.721-548x365.jpg",548,365,true],"large":["https:\/\/arantv.az\/wp-content\/uploads\/2021\/08\/FotoJet-2021-08-25T144919.721.jpg",620,413,false],"1536x1536":["https:\/\/arantv.az\/wp-content\/uploads\/2021\/08\/FotoJet-2021-08-25T144919.721.jpg",620,413,false],"2048x2048":["https:\/\/arantv.az\/wp-content\/uploads\/2021\/08\/FotoJet-2021-08-25T144919.721.jpg",620,413,false],"post-thumbnail":["https:\/\/arantv.az\/wp-content\/uploads\/2021\/08\/FotoJet-2021-08-25T144919.721-240x172.jpg",240,172,true],"advps-thumb-one":["https:\/\/arantv.az\/wp-content\/uploads\/2021\/08\/FotoJet-2021-08-25T144919.721.jpg",620,413,false]},"rttpg_author":{"display_name":"V\u00fcsal Rafiqo\u011flu","author_link":"https:\/\/arantv.az\/?author=2"},"rttpg_comment":0,"rttpg_category":"<a href=\"https:\/\/arantv.az\/?cat=7\" rel=\"category\">D\u00fcnya<\/a>","rttpg_excerpt":"\u018ffqan\u0131standa siyasi hakimiyy\u0259ti \u0259l\u0259 ke\u00e7irmi\u015f \u201cTaliban\u201d r\u0259hb\u0259rliyi Quantanamo h\u0259bsxanas\u0131n\u0131n ke\u00e7mi\u015f m\u0259hbusu v\u0259 \u201cTaliban\u201d\u0131n s\u0259hra komandirl\u0259rind\u0259n biri olan \u018fbd\u00fcl Q\u0259yyum Zakirini \u018ffqan\u0131stan\u0131n m\u00fcdafi\u0259 naziri v\u0259zif\u0259sin\u0259 t\u0259yin edib. Bu bar\u0259d\u0259 \u201cAl Jazeera\u201d n\u0259\u015fri m\u0259lumat yay\u0131b. Qeyd olunur ki, \u018fbd\u00fcl Q\u0259yyum Zakiri h\u0259l\u0259 AB\u015e-\u0131n \u018ffqan\u0131stana ordu yeritdiyi ilk ill\u0259rd\u0259 \u201cTaliban\u201d d\u00f6y\u00fc\u015f\u00e7\u00fcl\u0259rin\u0259 r\u0259hb\u0259rlik edib, h\u0259rbi xarakterli m\u0259s\u0259l\u0259l\u0259rin h\u0259llin\u0259 c\u0259lb&hellip;","_links":{"self":[{"href":"https:\/\/arantv.az\/index.php?rest_route=\/wp\/v2\/posts\/370538"}],"collection":[{"href":"https:\/\/arantv.az\/index.php?rest_route=\/wp\/v2\/posts"}],"about":[{"href":"https:\/\/arantv.az\/index.php?rest_route=\/wp\/v2\/types\/post"}],"author":[{"embeddable":true,"href":"https:\/\/arantv.az\/index.php?rest_route=\/wp\/v2\/users\/2"}],"replies":[{"embeddable":true,"href":"https:\/\/arantv.az\/index.php?rest_route=%2Fwp%2Fv2%2Fcomments&post=370538"}],"version-history":[{"count":0,"href":"https:\/\/arantv.az\/index.php?rest_route=\/wp\/v2\/posts\/370538\/revisions"}],"wp:featuredmedia":[{"embeddable":true,"href":"https:\/\/arantv.az\/index.php?rest_route=\/wp\/v2\/media\/370539"}],"wp:attachment":[{"href":"https:\/\/arantv.az\/index.php?rest_route=%2Fwp%2Fv2%2Fmedia&parent=370538"}],"wp:term":[{"taxonomy":"category","embeddable":true,"href":"https:\/\/arantv.az\/index.php?rest_route=%2Fwp%2Fv2%2Fcategories&post=370538"},{"taxonomy":"post_tag","embeddable":true,"href":"https:\/\/arantv.az\/index.php?rest_route=%2Fwp%2Fv2%2Ftags&post=370538"}],"curies":[{"name":"wp","href":"https:\/\/api.w.org\/{rel}","templated":true}]}}