{"id":370712,"date":"2021-08-26T09:05:18","date_gmt":"2021-08-26T06:05:18","guid":{"rendered":"http:\/\/arantv.az\/?p=370712"},"modified":"2021-08-26T09:05:18","modified_gmt":"2021-08-26T06:05:18","slug":"erm%c9%99nistan-silahli-quvv%c9%99l%c9%99ri-t%c9%99r%c9%99find%c9%99n-movqel%c9%99rimiz-at%c9%99s%c9%99-tutulub","status":"publish","type":"post","link":"https:\/\/arantv.az\/?p=370712","title":{"rendered":"Erm\u0259nistan silahl\u0131 q\u00fcvv\u0259l\u0259ri t\u0259r\u0259find\u0259n m\u00f6vqel\u0259rimiz at\u0259\u015f\u0259 tutulub"},"content":{"rendered":"<p>Erm\u0259nistan silahl\u0131 q\u00fcvv\u0259l\u0259rinin b\u00f6lm\u0259l\u0259ri avqustun 26-s\u0131 saat 02:25-d\u0259n 03:40-d\u0259k fasil\u0259l\u0259rl\u0259 Basarke\u00e7\u0259r rayonunun Yuxar\u0131 Za\u011fal\u0131 ya\u015fay\u0131\u015f m\u0259nt\u0259q\u0259sind\u0259 yerl\u0259\u015f\u0259n m\u00f6vqel\u0259rind\u0259n K\u0259lb\u0259c\u0259r rayonunun \u0130stisu ya\u015fay\u0131\u015f m\u0259nt\u0259q\u0259si istiqam\u0259tind\u0259 yerl\u0259\u015f\u0259n Az\u0259rbaycan Ordusunun m\u00f6vqel\u0259rini at\u0131c\u0131 silahlardan at\u0259\u015f\u0259 tutub.<\/p>\n<p>Bu bar\u0259d\u0259 M\u00fcdafi\u0259 Nazirliyi m\u0259lumat yay\u0131b.<\/p>\n<p>Cavab at\u0259\u015fil\u0259 qar\u015f\u0131 t\u0259r\u0259f susdurulub.<\/p>\n<p>Az\u0259rbaycan Ordusunun \u015f\u0259xsi hey\u0259ti aras\u0131nda itki yoxdur.<\/p>\n<p>\u018fm\u0259liyyat \u015f\u0259raiti b\u00f6lm\u0259l\u0259rimizin n\u0259zar\u0259ti alt\u0131ndad\u0131r.<\/p>\n","protected":false},"excerpt":{"rendered":"<p>Erm\u0259nistan silahl\u0131 q\u00fcvv\u0259l\u0259rinin b\u00f6lm\u0259l\u0259ri avqustun 26-s\u0131 saat 02:25-d\u0259n 03:40-d\u0259k fasil\u0259l\u0259rl\u0259 Basarke\u00e7\u0259r rayonunun Yuxar\u0131 Za\u011fal\u0131 ya\u015fay\u0131\u015f m\u0259nt\u0259q\u0259sind\u0259 yerl\u0259\u015f\u0259n m\u00f6vqel\u0259rind\u0259n K\u0259lb\u0259c\u0259r rayonunun \u0130stisu ya\u015fay\u0131\u015f m\u0259nt\u0259q\u0259si istiqam\u0259tind\u0259 yerl\u0259\u015f\u0259n Az\u0259rbaycan Ordusunun m\u00f6vqel\u0259rini at\u0131c\u0131 silahlardan at\u0259\u015f\u0259 tutub. Bu bar\u0259d\u0259 M\u00fcdafi\u0259 Nazirliyi m\u0259lumat yay\u0131b. Cavab at\u0259\u015fil\u0259 qar\u015f\u0131 t\u0259r\u0259f susdurulub. Az\u0259rbaycan Ordusunun \u015f\u0259xsi hey\u0259ti aras\u0131nda itki yoxdur. \u018fm\u0259liyyat \u015f\u0259raiti b\u00f6lm\u0259l\u0259rimizin n\u0259zar\u0259ti alt\u0131ndad\u0131r.<\/p>\n","protected":false},"author":2,"featured_media":352561,"comment_status":"closed","ping_status":"closed","sticky":false,"template":"","format":"standard","meta":{"om_disable_all_campaigns":false,"_monsterinsights_skip_tracking":false,"_monsterinsights_sitenote_active":false,"_monsterinsights_sitenote_note":"","_monsterinsights_sitenote_category":0},"categories":[10],"tags":[],"aioseo_notices":[],"gutentor_comment":0,"rttpg_featured_image_url":{"full":["https:\/\/arantv.az\/wp-content\/uploads\/2021\/06\/mudafie_nazirliyi_yuzerpik_089.jpg",800,600,false],"landscape":["https:\/\/arantv.az\/wp-content\/uploads\/2021\/06\/mudafie_nazirliyi_yuzerpik_089.jpg",800,600,false],"portraits":["https:\/\/arantv.az\/wp-content\/uploads\/2021\/06\/mudafie_nazirliyi_yuzerpik_089.jpg",800,600,false],"thumbnail":["https:\/\/arantv.az\/wp-content\/uploads\/2021\/06\/mudafie_nazirliyi_yuzerpik_089-500x280.jpg",500,280,true],"medium":["https:\/\/arantv.az\/wp-content\/uploads\/2021\/06\/mudafie_nazirliyi_yuzerpik_089-487x365.jpg",487,365,true],"large":["https:\/\/arantv.az\/wp-content\/uploads\/2021\/06\/mudafie_nazirliyi_yuzerpik_089.jpg",640,480,false],"1536x1536":["https:\/\/arantv.az\/wp-content\/uploads\/2021\/06\/mudafie_nazirliyi_yuzerpik_089.jpg",800,600,false],"2048x2048":["https:\/\/arantv.az\/wp-content\/uploads\/2021\/06\/mudafie_nazirliyi_yuzerpik_089.jpg",800,600,false],"post-thumbnail":["https:\/\/arantv.az\/wp-content\/uploads\/2021\/06\/mudafie_nazirliyi_yuzerpik_089-240x172.jpg",240,172,true],"advps-thumb-one":["https:\/\/arantv.az\/wp-content\/uploads\/2021\/06\/mudafie_nazirliyi_yuzerpik_089.jpg",800,600,false]},"rttpg_author":{"display_name":"V\u00fcsal Rafiqo\u011flu","author_link":"https:\/\/arantv.az\/?author=2"},"rttpg_comment":0,"rttpg_category":"<a href=\"https:\/\/arantv.az\/?cat=10\" rel=\"category\">C\u0259bh\u0259d\u0259n X\u0259b\u0259r<\/a>","rttpg_excerpt":"Erm\u0259nistan silahl\u0131 q\u00fcvv\u0259l\u0259rinin b\u00f6lm\u0259l\u0259ri avqustun 26-s\u0131 saat 02:25-d\u0259n 03:40-d\u0259k fasil\u0259l\u0259rl\u0259 Basarke\u00e7\u0259r rayonunun Yuxar\u0131 Za\u011fal\u0131 ya\u015fay\u0131\u015f m\u0259nt\u0259q\u0259sind\u0259 yerl\u0259\u015f\u0259n m\u00f6vqel\u0259rind\u0259n K\u0259lb\u0259c\u0259r rayonunun \u0130stisu ya\u015fay\u0131\u015f m\u0259nt\u0259q\u0259si istiqam\u0259tind\u0259 yerl\u0259\u015f\u0259n Az\u0259rbaycan Ordusunun m\u00f6vqel\u0259rini at\u0131c\u0131 silahlardan at\u0259\u015f\u0259 tutub. Bu bar\u0259d\u0259 M\u00fcdafi\u0259 Nazirliyi m\u0259lumat yay\u0131b. Cavab at\u0259\u015fil\u0259 qar\u015f\u0131 t\u0259r\u0259f susdurulub. Az\u0259rbaycan Ordusunun \u015f\u0259xsi hey\u0259ti aras\u0131nda itki yoxdur. \u018fm\u0259liyyat \u015f\u0259raiti b\u00f6lm\u0259l\u0259rimizin n\u0259zar\u0259ti alt\u0131ndad\u0131r.","_links":{"self":[{"href":"https:\/\/arantv.az\/index.php?rest_route=\/wp\/v2\/posts\/370712"}],"collection":[{"href":"https:\/\/arantv.az\/index.php?rest_route=\/wp\/v2\/posts"}],"about":[{"href":"https:\/\/arantv.az\/index.php?rest_route=\/wp\/v2\/types\/post"}],"author":[{"embeddable":true,"href":"https:\/\/arantv.az\/index.php?rest_route=\/wp\/v2\/users\/2"}],"replies":[{"embeddable":true,"href":"https:\/\/arantv.az\/index.php?rest_route=%2Fwp%2Fv2%2Fcomments&post=370712"}],"version-history":[{"count":0,"href":"https:\/\/arantv.az\/index.php?rest_route=\/wp\/v2\/posts\/370712\/revisions"}],"wp:featuredmedia":[{"embeddable":true,"href":"https:\/\/arantv.az\/index.php?rest_route=\/wp\/v2\/media\/352561"}],"wp:attachment":[{"href":"https:\/\/arantv.az\/index.php?rest_route=%2Fwp%2Fv2%2Fmedia&parent=370712"}],"wp:term":[{"taxonomy":"category","embeddable":true,"href":"https:\/\/arantv.az\/index.php?rest_route=%2Fwp%2Fv2%2Fcategories&post=370712"},{"taxonomy":"post_tag","embeddable":true,"href":"https:\/\/arantv.az\/index.php?rest_route=%2Fwp%2Fv2%2Ftags&post=370712"}],"curies":[{"name":"wp","href":"https:\/\/api.w.org\/{rel}","templated":true}]}}