{"id":370714,"date":"2021-08-26T09:17:51","date_gmt":"2021-08-26T06:17:51","guid":{"rendered":"http:\/\/arantv.az\/?p=370714"},"modified":"2021-08-26T09:17:51","modified_gmt":"2021-08-26T06:17:51","slug":"az%c9%99rbaycan-h%c9%99rbcil%c9%99ri-erm%c9%99nistani-iranla-birl%c9%99sdir%c9%99n-yolu-bagladi","status":"publish","type":"post","link":"https:\/\/arantv.az\/?p=370714","title":{"rendered":"Az\u0259rbaycan h\u0259rb\u00e7il\u0259ri Erm\u0259nistan\u0131 \u0130ranla birl\u0259\u015fdir\u0259n yolu ba\u011flad\u0131"},"content":{"rendered":"<p>\u00d6t\u0259n g\u00fcn, avqustun 25-d\u0259 Az\u0259rbaycan h\u0259rb\u00e7il\u0259ri Erm\u0259nistan\u0131 \u0130ranla birl\u0259\u015fdir\u0259n Gorus-Qafan yolunun bir hiss\u0259sini ba\u011flay\u0131b.<\/p>\n<div id=\"AdviadNativeVideo0\" class=\"AdviadNativeVideo\"><\/div>\n<p>Erm\u0259nistan m\u0259tbuat\u0131 yaz\u0131r ki, bu bar\u0259d\u0259 Erm\u0259nistan Milli T\u0259hl\u00fck\u0259sizlik Xidm\u0259tinin m\u0259tbuat m\u0259rk\u0259zi m\u0259lumat yay\u0131b.<\/p>\n<p>\u201cAvqustun 25-d\u0259 saat 23:00 rad\u0259l\u0259rind\u0259 Az\u0259rbaycan t\u0259r\u0259fi Qafan-Gorus d\u00f6vl\u0259tl\u0259raras\u0131 yolun D\u0259rb\u0259nd-\u015eurnux\u00a0hiss\u0259sini ba\u011flay\u0131b. Yolun a\u00e7\u0131lmas\u0131, insanlar\u0131n v\u0259 n\u0259qliyyat vasit\u0259l\u0259rinin normal h\u0259r\u0259k\u0259tinin b\u0259rpas\u0131 \u00fc\u00e7\u00fcn i\u015fl\u0259r davam etdirilir\u201d, &#8211; dey\u0259 Erm\u0259nistan Milli T\u0259hl\u00fck\u0259sizlik Xidm\u0259tinin yayd\u0131\u011f\u0131 a\u00e7\u0131qlamada qeyd olunur.<\/p>\n","protected":false},"excerpt":{"rendered":"<p>\u00d6t\u0259n g\u00fcn, avqustun 25-d\u0259 Az\u0259rbaycan h\u0259rb\u00e7il\u0259ri Erm\u0259nistan\u0131 \u0130ranla birl\u0259\u015fdir\u0259n Gorus-Qafan yolunun bir hiss\u0259sini ba\u011flay\u0131b. Erm\u0259nistan m\u0259tbuat\u0131 yaz\u0131r ki, bu bar\u0259d\u0259 Erm\u0259nistan Milli T\u0259hl\u00fck\u0259sizlik Xidm\u0259tinin m\u0259tbuat m\u0259rk\u0259zi m\u0259lumat yay\u0131b. \u201cAvqustun 25-d\u0259 saat 23:00 rad\u0259l\u0259rind\u0259 Az\u0259rbaycan t\u0259r\u0259fi Qafan-Gorus d\u00f6vl\u0259tl\u0259raras\u0131 yolun D\u0259rb\u0259nd-\u015eurnux\u00a0hiss\u0259sini ba\u011flay\u0131b. Yolun a\u00e7\u0131lmas\u0131, insanlar\u0131n v\u0259 n\u0259qliyyat vasit\u0259l\u0259rinin normal h\u0259r\u0259k\u0259tinin b\u0259rpas\u0131 \u00fc\u00e7\u00fcn i\u015fl\u0259r davam etdirilir\u201d, &#8211; dey\u0259 Erm\u0259nistan Milli T\u0259hl\u00fck\u0259sizlik Xidm\u0259tinin yayd\u0131\u011f\u0131 a\u00e7\u0131qlamada qeyd olunur.<\/p>\n","protected":false},"author":2,"featured_media":370715,"comment_status":"closed","ping_status":"closed","sticky":false,"template":"","format":"standard","meta":{"om_disable_all_campaigns":false,"_monsterinsights_skip_tracking":false,"_monsterinsights_sitenote_active":false,"_monsterinsights_sitenote_note":"","_monsterinsights_sitenote_category":0},"categories":[19],"tags":[],"aioseo_notices":[],"gutentor_comment":0,"rttpg_featured_image_url":{"full":["https:\/\/arantv.az\/wp-content\/uploads\/2021\/08\/15581634525cdfaffcdd3a24.85008887.jpg",620,413,false],"landscape":["https:\/\/arantv.az\/wp-content\/uploads\/2021\/08\/15581634525cdfaffcdd3a24.85008887.jpg",620,413,false],"portraits":["https:\/\/arantv.az\/wp-content\/uploads\/2021\/08\/15581634525cdfaffcdd3a24.85008887.jpg",620,413,false],"thumbnail":["https:\/\/arantv.az\/wp-content\/uploads\/2021\/08\/15581634525cdfaffcdd3a24.85008887-500x280.jpg",500,280,true],"medium":["https:\/\/arantv.az\/wp-content\/uploads\/2021\/08\/15581634525cdfaffcdd3a24.85008887-548x365.jpg",548,365,true],"large":["https:\/\/arantv.az\/wp-content\/uploads\/2021\/08\/15581634525cdfaffcdd3a24.85008887.jpg",620,413,false],"1536x1536":["https:\/\/arantv.az\/wp-content\/uploads\/2021\/08\/15581634525cdfaffcdd3a24.85008887.jpg",620,413,false],"2048x2048":["https:\/\/arantv.az\/wp-content\/uploads\/2021\/08\/15581634525cdfaffcdd3a24.85008887.jpg",620,413,false],"post-thumbnail":["https:\/\/arantv.az\/wp-content\/uploads\/2021\/08\/15581634525cdfaffcdd3a24.85008887-240x172.jpg",240,172,true],"advps-thumb-one":["https:\/\/arantv.az\/wp-content\/uploads\/2021\/08\/15581634525cdfaffcdd3a24.85008887.jpg",620,413,false]},"rttpg_author":{"display_name":"V\u00fcsal Rafiqo\u011flu","author_link":"https:\/\/arantv.az\/?author=2"},"rttpg_comment":0,"rttpg_category":"<a href=\"https:\/\/arantv.az\/?cat=19\" rel=\"category\">G\u00fcnd\u0259m<\/a>","rttpg_excerpt":"\u00d6t\u0259n g\u00fcn, avqustun 25-d\u0259 Az\u0259rbaycan h\u0259rb\u00e7il\u0259ri Erm\u0259nistan\u0131 \u0130ranla birl\u0259\u015fdir\u0259n Gorus-Qafan yolunun bir hiss\u0259sini ba\u011flay\u0131b. Erm\u0259nistan m\u0259tbuat\u0131 yaz\u0131r ki, bu bar\u0259d\u0259 Erm\u0259nistan Milli T\u0259hl\u00fck\u0259sizlik Xidm\u0259tinin m\u0259tbuat m\u0259rk\u0259zi m\u0259lumat yay\u0131b. \u201cAvqustun 25-d\u0259 saat 23:00 rad\u0259l\u0259rind\u0259 Az\u0259rbaycan t\u0259r\u0259fi Qafan-Gorus d\u00f6vl\u0259tl\u0259raras\u0131 yolun D\u0259rb\u0259nd-\u015eurnux\u00a0hiss\u0259sini ba\u011flay\u0131b. Yolun a\u00e7\u0131lmas\u0131, insanlar\u0131n v\u0259 n\u0259qliyyat vasit\u0259l\u0259rinin normal h\u0259r\u0259k\u0259tinin b\u0259rpas\u0131 \u00fc\u00e7\u00fcn i\u015fl\u0259r davam etdirilir\u201d, &#8211; dey\u0259&hellip;","_links":{"self":[{"href":"https:\/\/arantv.az\/index.php?rest_route=\/wp\/v2\/posts\/370714"}],"collection":[{"href":"https:\/\/arantv.az\/index.php?rest_route=\/wp\/v2\/posts"}],"about":[{"href":"https:\/\/arantv.az\/index.php?rest_route=\/wp\/v2\/types\/post"}],"author":[{"embeddable":true,"href":"https:\/\/arantv.az\/index.php?rest_route=\/wp\/v2\/users\/2"}],"replies":[{"embeddable":true,"href":"https:\/\/arantv.az\/index.php?rest_route=%2Fwp%2Fv2%2Fcomments&post=370714"}],"version-history":[{"count":0,"href":"https:\/\/arantv.az\/index.php?rest_route=\/wp\/v2\/posts\/370714\/revisions"}],"wp:featuredmedia":[{"embeddable":true,"href":"https:\/\/arantv.az\/index.php?rest_route=\/wp\/v2\/media\/370715"}],"wp:attachment":[{"href":"https:\/\/arantv.az\/index.php?rest_route=%2Fwp%2Fv2%2Fmedia&parent=370714"}],"wp:term":[{"taxonomy":"category","embeddable":true,"href":"https:\/\/arantv.az\/index.php?rest_route=%2Fwp%2Fv2%2Fcategories&post=370714"},{"taxonomy":"post_tag","embeddable":true,"href":"https:\/\/arantv.az\/index.php?rest_route=%2Fwp%2Fv2%2Ftags&post=370714"}],"curies":[{"name":"wp","href":"https:\/\/api.w.org\/{rel}","templated":true}]}}