{"id":370723,"date":"2021-08-26T09:21:25","date_gmt":"2021-08-26T06:21:25","guid":{"rendered":"http:\/\/arantv.az\/?p=370723"},"modified":"2021-08-26T09:21:25","modified_gmt":"2021-08-26T06:21:25","slug":"taliban-r%c9%99smisi-doyuscul%c9%99rimiz%c9%99-qadinlarla-davranis-qaydalari-oyr%c9%99dilm%c9%99yib","status":"publish","type":"post","link":"https:\/\/arantv.az\/?p=370723","title":{"rendered":"&#8220;Taliban&#8221; r\u0259smisi: &#8220;D\u00f6y\u00fc\u015f\u00e7\u00fcl\u0259rimiz\u0259 qad\u0131nlarla davran\u0131\u015f qaydalar\u0131 \u00f6yr\u0259dilm\u0259yib&#8221;"},"content":{"rendered":"<p><strong>Radikal &#8220;Taliban&#8221; h\u0259r\u0259kat\u0131 i\u015fl\u0259y\u0259n \u0259fqan qad\u0131nlar\u0131 \u00f6z t\u0259hl\u00fck\u0259sizlikl\u0259ri \u00fc\u00e7\u00fcn evl\u0259rind\u0259n \u00e7\u0131xmama\u011fa \u00e7a\u011f\u0131r\u0131b.<\/strong><\/p>\n<p><strong>ARANTV.AZ<\/strong> APA-ya istinad\u0259n bildirir ki, bunu t\u0259\u015fkilat\u0131n r\u0259smi n\u00fcmay\u0259nd\u0259si Zabiullah M\u00fccahid &#8220;New York Times&#8221; q\u0259zetin\u0259 m\u00fcsahib\u0259sind\u0259 deyib.<\/p>\n<p>&#8220;D\u00f6y\u00fc\u015f\u00e7\u00fcl\u0259rimizin qad\u0131nlarla nec\u0259 davranmaq laz\u0131m oldu\u011funa dair t\u0259lim ke\u00e7m\u0259m\u0259sind\u0259n narahat\u0131q. Allah qorusun, q\u00fcvv\u0259l\u0259rimizin qad\u0131nlara z\u0259r\u0259r yetirm\u0259sini v\u0259 ya t\u0259qib etm\u0259sini ist\u0259mirik&#8221;, &#8211; M\u00fccahid bel\u0259 deyib.<\/p>\n<p>Eyni zamanda, o, bunun m\u00fcv\u0259qq\u0259ti bir hal oldu\u011funu bildirib v\u0259 i\u015fl\u0259y\u0259n qad\u0131nlar\u0131n maa\u015flar\u0131n\u0131n evl\u0259rind\u0259 \u00f6d\u0259nil\u0259c\u0259yin\u0259 dair v\u0259d verib.<\/p>\n","protected":false},"excerpt":{"rendered":"<p>Radikal &#8220;Taliban&#8221; h\u0259r\u0259kat\u0131 i\u015fl\u0259y\u0259n \u0259fqan qad\u0131nlar\u0131 \u00f6z t\u0259hl\u00fck\u0259sizlikl\u0259ri \u00fc\u00e7\u00fcn evl\u0259rind\u0259n \u00e7\u0131xmama\u011fa \u00e7a\u011f\u0131r\u0131b. ARANTV.AZ APA-ya istinad\u0259n bildirir ki, bunu t\u0259\u015fkilat\u0131n r\u0259smi n\u00fcmay\u0259nd\u0259si Zabiullah M\u00fccahid &#8220;New York Times&#8221; q\u0259zetin\u0259 m\u00fcsahib\u0259sind\u0259 deyib. &#8220;D\u00f6y\u00fc\u015f\u00e7\u00fcl\u0259rimizin qad\u0131nlarla nec\u0259 davranmaq laz\u0131m oldu\u011funa dair t\u0259lim ke\u00e7m\u0259m\u0259sind\u0259n narahat\u0131q. Allah qorusun, q\u00fcvv\u0259l\u0259rimizin qad\u0131nlara z\u0259r\u0259r yetirm\u0259sini v\u0259 ya t\u0259qib etm\u0259sini ist\u0259mirik&#8221;, &#8211; M\u00fccahid bel\u0259 deyib. Eyni zamanda, o, bunun m\u00fcv\u0259qq\u0259ti bir hal oldu\u011funu bildirib v\u0259 i\u015fl\u0259y\u0259n qad\u0131nlar\u0131n maa\u015flar\u0131n\u0131n evl\u0259rind\u0259 \u00f6d\u0259nil\u0259c\u0259yin\u0259 dair v\u0259d verib.<\/p>\n","protected":false},"author":2,"featured_media":370724,"comment_status":"closed","ping_status":"closed","sticky":false,"template":"","format":"standard","meta":{"om_disable_all_campaigns":false,"_monsterinsights_skip_tracking":false,"_monsterinsights_sitenote_active":false,"_monsterinsights_sitenote_note":"","_monsterinsights_sitenote_category":0},"categories":[7],"tags":[],"aioseo_notices":[],"gutentor_comment":0,"rttpg_featured_image_url":{"full":["https:\/\/arantv.az\/wp-content\/uploads\/2021\/08\/974923.jpg",800,600,false],"landscape":["https:\/\/arantv.az\/wp-content\/uploads\/2021\/08\/974923.jpg",800,600,false],"portraits":["https:\/\/arantv.az\/wp-content\/uploads\/2021\/08\/974923.jpg",800,600,false],"thumbnail":["https:\/\/arantv.az\/wp-content\/uploads\/2021\/08\/974923-500x280.jpg",500,280,true],"medium":["https:\/\/arantv.az\/wp-content\/uploads\/2021\/08\/974923-487x365.jpg",487,365,true],"large":["https:\/\/arantv.az\/wp-content\/uploads\/2021\/08\/974923.jpg",640,480,false],"1536x1536":["https:\/\/arantv.az\/wp-content\/uploads\/2021\/08\/974923.jpg",800,600,false],"2048x2048":["https:\/\/arantv.az\/wp-content\/uploads\/2021\/08\/974923.jpg",800,600,false],"post-thumbnail":["https:\/\/arantv.az\/wp-content\/uploads\/2021\/08\/974923-240x172.jpg",240,172,true],"advps-thumb-one":["https:\/\/arantv.az\/wp-content\/uploads\/2021\/08\/974923.jpg",800,600,false]},"rttpg_author":{"display_name":"V\u00fcsal Rafiqo\u011flu","author_link":"https:\/\/arantv.az\/?author=2"},"rttpg_comment":0,"rttpg_category":"<a href=\"https:\/\/arantv.az\/?cat=7\" rel=\"category\">D\u00fcnya<\/a>","rttpg_excerpt":"Radikal &#8220;Taliban&#8221; h\u0259r\u0259kat\u0131 i\u015fl\u0259y\u0259n \u0259fqan qad\u0131nlar\u0131 \u00f6z t\u0259hl\u00fck\u0259sizlikl\u0259ri \u00fc\u00e7\u00fcn evl\u0259rind\u0259n \u00e7\u0131xmama\u011fa \u00e7a\u011f\u0131r\u0131b. ARANTV.AZ APA-ya istinad\u0259n bildirir ki, bunu t\u0259\u015fkilat\u0131n r\u0259smi n\u00fcmay\u0259nd\u0259si Zabiullah M\u00fccahid &#8220;New York Times&#8221; q\u0259zetin\u0259 m\u00fcsahib\u0259sind\u0259 deyib. &#8220;D\u00f6y\u00fc\u015f\u00e7\u00fcl\u0259rimizin qad\u0131nlarla nec\u0259 davranmaq laz\u0131m oldu\u011funa dair t\u0259lim ke\u00e7m\u0259m\u0259sind\u0259n narahat\u0131q. Allah qorusun, q\u00fcvv\u0259l\u0259rimizin qad\u0131nlara z\u0259r\u0259r yetirm\u0259sini v\u0259 ya t\u0259qib etm\u0259sini ist\u0259mirik&#8221;, &#8211; M\u00fccahid bel\u0259 deyib. Eyni&hellip;","_links":{"self":[{"href":"https:\/\/arantv.az\/index.php?rest_route=\/wp\/v2\/posts\/370723"}],"collection":[{"href":"https:\/\/arantv.az\/index.php?rest_route=\/wp\/v2\/posts"}],"about":[{"href":"https:\/\/arantv.az\/index.php?rest_route=\/wp\/v2\/types\/post"}],"author":[{"embeddable":true,"href":"https:\/\/arantv.az\/index.php?rest_route=\/wp\/v2\/users\/2"}],"replies":[{"embeddable":true,"href":"https:\/\/arantv.az\/index.php?rest_route=%2Fwp%2Fv2%2Fcomments&post=370723"}],"version-history":[{"count":0,"href":"https:\/\/arantv.az\/index.php?rest_route=\/wp\/v2\/posts\/370723\/revisions"}],"wp:featuredmedia":[{"embeddable":true,"href":"https:\/\/arantv.az\/index.php?rest_route=\/wp\/v2\/media\/370724"}],"wp:attachment":[{"href":"https:\/\/arantv.az\/index.php?rest_route=%2Fwp%2Fv2%2Fmedia&parent=370723"}],"wp:term":[{"taxonomy":"category","embeddable":true,"href":"https:\/\/arantv.az\/index.php?rest_route=%2Fwp%2Fv2%2Fcategories&post=370723"},{"taxonomy":"post_tag","embeddable":true,"href":"https:\/\/arantv.az\/index.php?rest_route=%2Fwp%2Fv2%2Ftags&post=370723"}],"curies":[{"name":"wp","href":"https:\/\/api.w.org\/{rel}","templated":true}]}}