{"id":370726,"date":"2021-08-26T09:23:55","date_gmt":"2021-08-26T06:23:55","guid":{"rendered":"http:\/\/arantv.az\/?p=370726"},"modified":"2021-08-26T09:23:55","modified_gmt":"2021-08-26T06:23:55","slug":"haci-sahin-h%c9%99zr%c9%99ti-mehdi-niy%c9%99-g%c9%99lib-pul-yigmalidir-ki","status":"publish","type":"post","link":"https:\/\/arantv.az\/?p=370726","title":{"rendered":"Hac\u0131 \u015eahin: &#8220;H\u0259zr\u0259ti Mehdi niy\u0259 g\u0259lib pul y\u0131\u011fmal\u0131d\u0131r ki?!&#8221;"},"content":{"rendered":"<p>\u00d6t\u0259n g\u00fcn Daxili \u0130\u015fl\u0259r Nazirliyi \u00f6z\u00fcn\u00fc 12-ci \u0130mam Mehdi kimi t\u0259qdim edib, d\u0259l\u0259duzluqla m\u0259\u015f\u011ful olan Babayev Aqil Zal\u0131\u015f o\u011flunun h\u0259bsil\u0259 ba\u011fl\u0131 m\u0259lumat yayd\u0131.<\/p>\n<p>Onun dini m\u0259clisl\u0259r t\u0259\u015fkil etdiyi, 20 ild\u0259n art\u0131q d\u00f6vr \u0259rzind\u0259 50-y\u0259 yax\u0131n v\u0259t\u0259nda\u015f\u0131 aldatd\u0131\u011f\u0131 v\u0259 pullar\u0131n\u0131 m\u0259nims\u0259diyi bildirilir.<\/p>\n<p>Nazirliyin m\u0259lumat\u0131nda deyilir ki, bu ill\u0259r \u0259rzind\u0259 toplad\u0131\u011f\u0131 v\u0259saitl\u0259r hesab\u0131na Aqil Babayev xeyirxah \u0259m\u0259ll\u0259r etm\u0259k \u0259v\u0259zin\u0259, \u015f\u0259xsi g\u00fcz\u0259rar\u0131n\u0131 yax\u015f\u0131la\u015fd\u0131r\u0131b v\u0259 Bak\u0131 \u015f\u0259h\u0259rind\u0259 bahal\u0131 m\u0259nzill\u0259r, avtomobill\u0259r al\u0131b. Bel\u0259likl\u0259, xeyli sayda inancl\u0131 insan \u00f6z\u00fcn\u00fc 12-ci \u0130mam Mehdi adland\u0131ran n\u00f6vb\u0259t\u0131 f\u0131r\u0131ldaq\u00e7\u0131n\u0131n qurban\u0131na \u00e7evrilib.<\/p>\n<p>X\u0259b\u0259ri oxuyanda a\u011fla g\u0259l\u0259n ilk suallardan biri d\u0259 bu olur ki, 21-ci \u0259srd\u0259, insan haqlar\u0131n\u0131n\u0131n qanunlarla t\u0259nziml\u0259ndiyi bir d\u00f6vranda \u0130mam Mehdinin z\u00fchur etm\u0259sini niy\u0259 h\u0259l\u0259 d\u0259 g\u00f6zl\u0259y\u0259nl\u0259r v\u0259 buna inanlar var?<\/p>\n<p>Bug\u00fcn\u00fcn texnologiya insan\u0131 hans\u0131 s\u0259b\u0259bd\u0259n bel\u0259 bir f\u00f6vq\u0259lq\u00fcvv\u0259nin g\u0259lm\u0259sini v\u0259 onlar\u0131 n\u0259d\u0259ns\u0259 xilas etm\u0259sini ist\u0259yir? Lap tutaq ki, imam h\u0259tta g\u0259ls\u0259, n\u0259yi d\u0259yi\u015f\u0259 bil\u0259r v\u0259 ya d\u0259yi\u015fm\u0259lidir?!<\/p>\n<p>Musavat.com x\u0259b\u0259r verir ki, \u201cazvision.az\u201d bu suallarla \u201cM\u0259\u015f\u0259di Dada\u015f\u201d m\u0259scidinin imam\u0131 Hac\u0131 \u015eahin\u0259 m\u00fcraci\u0259t edib.<\/p>\n<p>&#8211; Bu inanc t\u0259kc\u0259 \u015fi\u0259l\u0259r\u0259 aid deyil. B\u00fct\u00fcn dinl\u0259r, b\u00fct\u00fcn islam m\u0259zh\u0259bl\u0259ri bir xilaskar\u0131n g\u0259l\u0259c\u0259yini g\u00f6zl\u0259yirl\u0259r. M\u0259s\u0259l\u0259n, xristian dinind\u0259 h\u0259zr\u0259ti \u0130san\u0131n z\u00fchur ed\u0259c\u0259yi g\u00f6zl\u0259nilir.<\/p>\n<p>D\u00fcnyada \u0259dal\u0259tin b\u0259rq\u0259rar olmas\u0131, Allah \u00f6vliyyalar\u0131n\u0131n insanlar aras\u0131nda d\u0259y\u0259rli olmas\u0131 bizim etiqad\u0131m\u0131zda da yer alm\u0131\u015f m\u0259s\u0259l\u0259dir.<\/p>\n<p>Quranda bu m\u0259zmunda ay\u0259l\u0259r var v\u0259 orada g\u00f6st\u0259rilir ki, yer \u00fcz\u00fc sonda sadiq qullar\u0131m\u0131za miras qalacaq. Ancaq bu, bir \u00e7oxlar\u0131n\u0131n d\u00fc\u015f\u00fcnd\u00fcy\u00fc kimi, kimins\u0259 g\u00f6yd\u0259n d\u00fc\u015f\u0259c\u0259yi v\u0259 d\u00fcnyan\u0131 xilas ed\u0259c\u0259yi anlam\u0131na g\u0259lmir. Bu, tarixin gedi\u015fat\u0131n\u0131n m\u0259ntiqi sonlu\u011fudur,- deyir Hac\u0131 \u015eahin.<\/p>\n<p>H\u0259ms\u00f6hb\u0259timizin s\u00f6zl\u0259rin\u0259 g\u00f6r\u0259, ist\u0259nil\u0259n inancdan sui-istifad\u0259 ed\u0259n insanlar var. H\u0259tta aralar\u0131nda \u00f6zl\u0259rini pey\u011f\u0259mb\u0259r hesab ed\u0259nl\u0259r d\u0259 olur. Biz bu c\u00fcr f\u0131r\u0131ldaq\u00e7\u0131lar\u0131n qar\u015f\u0131s\u0131n\u0131 alark\u0259n inanc\u0131n \u00f6z\u00fcn\u00fc sual alt\u0131nda qoymamal\u0131y\u0131q. \u018fksin\u0259, v\u0259t\u0259nda\u015flar\u0131 maarifl\u0259ndirm\u0259liyik ki, bel\u0259 saxtakarlar\u0131n toruna d\u00fc\u015fm\u0259sinl\u0259r.<\/p>\n<p>&#8211; \u0130mam Mehdi kim\u0259s\u0259 \u0259lam\u0259tdar m\u00f6c\u00fcz\u0259l\u0259r g\u00f6st\u0259rm\u0259k \u00fc\u00e7\u00fcn z\u00fchur etm\u0259y\u0259c\u0259k. Bu f\u0131r\u0131ldaq\u00e7\u0131lar insanlar\u0131n etimad\u0131n\u0131 qazan\u0131b, sonra da onlara maddi v\u0259 m\u0259n\u0259vi z\u0259rb\u0259 vurular.<\/p>\n<p>El\u0259 bir d\u00f6vr\u0259 g\u0259lib \u00e7atm\u0131\u015f\u0131q ki, dini maarifl\u0259ndirm\u0259 t\u0259kc\u0259 dindarlara laz\u0131m deyil, b\u00fct\u00f6vl\u00fckd\u0259 c\u0259miyy\u0259t\u0259 faydal\u0131d\u0131r. \u00c7\u00fcnki bel\u0259 saxtakarlardan g\u0259l\u0259n t\u0259hl\u00fck\u0259 yaln\u0131z dindarlara deyil, b\u00fct\u00fcn c\u0259miyy\u0259t\u0259 z\u0259r\u0259r vurur. Ona g\u00f6r\u0259 d\u0259 bu kimi m\u0259s\u0259l\u0259l\u0259rd\u0259 insanlar\u0131 ayd\u0131nlatmaq, mahiyy\u0259tini \u00e7atd\u0131rmaq laz\u0131md\u0131r.<\/p>\n<p>&#8211; Bu, t\u0259k bizim \u00f6lk\u0259mizd\u0259 ya\u015fanan hadis\u0259 deyil. T\u0259xmin\u0259n bir ay \u00f6nc\u0259 \u0130randa at belind\u0259, \u0259lind\u0259 q\u0131l\u0131nc \u015f\u0259h\u0259r\u0259 gir\u0259n \u015f\u0259xs \u00f6z\u00fcn\u00fc \u0130mam Mehdi kimi q\u0259l\u0259m\u0259 verirdi. H\u0259tta h\u0259min \u201cxilaskar\u201d yerli polis\u0259 q\u0131l\u0131ncla m\u00fcqavim\u0259t g\u00f6st\u0259rirdi. Bir s\u00f6zl\u0259, h\u0259r \u00f6lk\u0259d\u0259 \u00f6z\u00fcn\u00fc \u0130mam Mehdi hesab ed\u0259nl\u0259r var. B\u0259s inancl\u0131 insanlar \u00fc\u00e7\u00fcn \u0130mam Mehdi nec\u0259 biridir, hans\u0131 \u0259lam\u0259tl\u0259ri da\u015f\u0131y\u0131r?<\/p>\n<p>&#8211; O c\u00fcr insanlar psixi x\u0259st\u0259 v\u0259 ya v\u0259ziyy\u0259ti normal olmayan insanlard\u0131r. \u00dcmumiyy\u0259tl\u0259, Mehdi q\u0131l\u0131ncla niy\u0259 z\u00fchur etsin ki? Z\u00fchur dey\u0259nd\u0259 s\u00f6hb\u0259t d\u00fcnyan\u0131n m\u0259n\u0259viyyata do\u011fru h\u0259r\u0259k\u0259tind\u0259n, b\u0259\u015f\u0259riyy\u0259ti seyrind\u0259n gedir. H\u0259disl\u0259rd\u0259 Mehdinin \u0259lam\u0259tl\u0259ri qeyd olunub.<\/p>\n<p>Orada onun missiyas\u0131 v\u0259 hans\u0131 m\u0259qs\u0259dl\u0259 z\u00fchur etm\u0259si bildirilib. Konkret bir m\u0259zh\u0259b\u0259 aid m\u0259s\u0259l\u0259 deyil. \u015ei\u0259, \u0259hli-s\u00fcnn\u0259 m\u0259zh\u0259bi h\u0259zr\u0259ti Mehdinin varl\u0131\u011f\u0131n\u0131 q\u0259bul edir. Bu, birm\u0259nal\u0131d\u0131r. Sad\u0259c\u0259 olaraq, bu m\u0259s\u0259l\u0259l\u0259r\u0259 xurafat, f\u0131r\u0131ldaq\u00e7\u0131l\u0131q qar\u015f\u0131r.<\/p>\n<p>Quranla fala bax\u0131rlarsa, biz buna g\u00f6r\u0259 Qurandan imtina v\u0259 ya onu inkar etm\u0259li deyilik. H\u0259r bir inancdan istifad\u0259 edil\u0259 bil\u0259r.<\/p>\n<p>&#8211; Mehdi &#8220;xilaskar&#8221;, &#8220;hiday\u0259t ed\u0259n insan&#8221; alam\u0131n\u0131 verir. H\u00fcquqi d\u00f6vl\u0259td\u0259 ya\u015fayan v\u0259t\u0259nda\u015flar\u0131 f\u00f6vq\u0259l bir q\u00fcvv\u0259 hans\u0131 formada hiday\u0259t v\u0259 ya xilas ed\u0259 bil\u0259r? V\u0259 yaxud sual\u0131 bel\u0259 qoyaq: \u0130mam Mehdi d\u00fcnyan\u0131 hans\u0131 formada d\u0259yi\u015f\u0259 bil\u0259r?<\/p>\n<p>&#8211; S\u00f6hb\u0259t d\u00fcnyan\u0131 hans\u0131sa bir i\u015far\u0259 il\u0259 d\u0259yi\u015fm\u0259kd\u0259n getmir. Tarixi d\u00f6vr ke\u00e7dikc\u0259 b\u0259\u015f\u0259riyy\u0259t t\u0259kmill\u0259\u015fir. \u0130nsanlarda n\u00f6qsanlar \u00e7oxalsa da, bir m\u0259n\u0259vi t\u0259mizl\u0259nm\u0259 d\u0259 olur. B\u0259\u015f\u0259riyy\u0259t elmi, intellektual bax\u0131mdan inki\u015faf edir, texniki t\u0259r\u0259qqiy\u0259 nail olur.<\/p>\n<p>B\u00fct\u00fcn dinl\u0259r biz\u0259 v\u0259d edir ki, insanl\u0131q b\u00fct\u00fcn bu b\u00f6hranlardan ke\u00e7ib, n\u0259tic\u0259d\u0259 bir i\u015f\u0131ql\u0131 d\u00f6vr\u0259 daxil olacaqlar.<\/p>\n<p>Bu, pozitiv bir d\u00fc\u015f\u00fcnc\u0259dir. G\u0259l\u0259c\u0259y\u0259 \u00fcmid yarad\u0131r. \u201cOtur, g\u00f6zl\u0259, kims\u0259 g\u0259lib d\u00fcnyan\u0131 d\u0259yi\u015f\u0259c\u0259k\u201d dey\u0259n passiv bir inanc deyil. \u0130nanc\u0131n mahiyy\u0259ti bundan ibar\u0259tdir ki, s\u0259n \u00f6z\u00fcn\u00fc v\u0259 \u0259traf\u0131n\u0131 d\u0259yi\u015fm\u0259lis\u0259n. Onun g\u0259li\u015fin\u0259, z\u00fchuruna z\u0259min yaratmal\u0131san.<\/p>\n<p>\u0130nsanlar s\u0259hv\u0259n el\u0259 anlay\u0131rlar ki, d\u00fcnya bird\u0259n d\u0259yi\u015f\u0259c\u0259k. Xeyr, d\u00fcnya d\u0259yi\u015fm\u0259y\u0259 do\u011fru add\u0131m-add\u0131m gedir.<\/p>\n<p>B\u0259\u015f\u0259r bir insan kimidir. Getdikc\u0259 b\u00f6y\u00fcy\u00fcr, t\u0259kmill\u0259\u015fir, b\u00fct\u00fcn mane\u0259l\u0259ri a\u015f\u0131r v\u0259 m\u00fcsb\u0259t\u0259 do\u011fru h\u0259r\u0259k\u0259td\u0259dir.<\/p>\n<p>\u0130nsanlara \u00e7a\u011f\u0131r\u0131\u015f edir\u0259m, adamlar\u0131n iddialar\u0131na g\u00f6r\u0259 deyil, davran\u0131\u015flar\u0131na uy\u011fun onlarla r\u0259ftar edin. Kims\u0259 g\u0259lib \u201cm\u0259n Alalh\u0131n dostuyam v\u0259 ya pey\u011f\u0259mb\u0259r\u0259m\u201d dey\u0259 bil\u0259r. B\u0259zi f\u0131r\u0131ldaq\u00e7\u0131lar \u00fc\u00e7\u00fcn bazar a\u00e7\u0131l\u0131b. \u00d6z eyb\u0259c\u0259rlikl\u0259rini, \u00e7irkinlikl\u0259rini din p\u0259rd\u0259si alt\u0131nda gizl\u0259tm\u0259y\u0259 \u00e7al\u0131\u015f\u0131rlar, etibar qazan\u0131b istifad\u0259 edirl\u0259r.<\/p>\n<p>Biz el\u0259 bir d\u00f6vrd\u0259 ya\u015fay\u0131r\u0131q ki, insanlar bir az inki\u015faf etm\u0259lidirl\u0259r, d\u00fc\u015f\u00fcnc\u0259l\u0259rini d\u0259yi\u015fm\u0259lidirl\u0259r. \u0130nsanlar\u0131n h\u0259r iddias\u0131n\u0131 kor-koran\u0259 t\u0259sdiql\u0259m\u0259k olmaz.<\/p>\n<p>Bir az diqq\u0259tl\u0259 bax\u0131b, saxtakar\u0131 t\u0259yin etm\u0259k m\u00fcmk\u00fcnd\u00fcr. Bir az d\u00fc\u015f\u00fcn\u00fcn, H\u0259zr\u0259ti Mehdi niy\u0259 g\u0259lib insanlardan pul y\u0131\u011fs\u0131n ki?! Bel\u0259 adamlar\u0131 ay\u0131rd etm\u0259k \u00fc\u00e7\u00fcn o q\u0259d\u0259r d\u0259 d\u0259rin z\u0259kaya sahib olmaq laz\u0131m deyil.<\/p>\n<p>B\u0259z\u0259n insanlar \u00f6zl\u0259ri aldanmaq ist\u0259yirl\u0259r. \u0130ll\u0259rdir ki, biz deyirik, dan\u0131\u015f\u0131r\u0131q, amma h\u0259l\u0259 d\u0259 f\u0131r\u0131ldaq\u00e7\u0131lara inan\u0131rlar.<\/p>\n","protected":false},"excerpt":{"rendered":"<p>\u00d6t\u0259n g\u00fcn Daxili \u0130\u015fl\u0259r Nazirliyi \u00f6z\u00fcn\u00fc 12-ci \u0130mam Mehdi kimi t\u0259qdim edib, d\u0259l\u0259duzluqla m\u0259\u015f\u011ful olan Babayev Aqil Zal\u0131\u015f o\u011flunun h\u0259bsil\u0259 ba\u011fl\u0131 m\u0259lumat yayd\u0131. Onun dini m\u0259clisl\u0259r t\u0259\u015fkil etdiyi, 20 ild\u0259n art\u0131q d\u00f6vr \u0259rzind\u0259 50-y\u0259 yax\u0131n v\u0259t\u0259nda\u015f\u0131 aldatd\u0131\u011f\u0131 v\u0259 pullar\u0131n\u0131 m\u0259nims\u0259diyi bildirilir. Nazirliyin m\u0259lumat\u0131nda deyilir ki, bu ill\u0259r \u0259rzind\u0259 toplad\u0131\u011f\u0131 v\u0259saitl\u0259r hesab\u0131na Aqil Babayev xeyirxah \u0259m\u0259ll\u0259r etm\u0259k \u0259v\u0259zin\u0259, \u015f\u0259xsi g\u00fcz\u0259rar\u0131n\u0131 yax\u015f\u0131la\u015fd\u0131r\u0131b v\u0259 Bak\u0131 \u015f\u0259h\u0259rind\u0259 bahal\u0131 m\u0259nzill\u0259r, avtomobill\u0259r al\u0131b. Bel\u0259likl\u0259, xeyli sayda inancl\u0131 insan \u00f6z\u00fcn\u00fc 12-ci \u0130mam Mehdi adland\u0131ran n\u00f6vb\u0259t\u0131 f\u0131r\u0131ldaq\u00e7\u0131n\u0131n qurban\u0131na \u00e7evrilib. X\u0259b\u0259ri oxuyanda a\u011fla g\u0259l\u0259n ilk suallardan biri d\u0259 bu&hellip;<\/p>\n","protected":false},"author":2,"featured_media":370727,"comment_status":"closed","ping_status":"closed","sticky":false,"template":"","format":"standard","meta":{"om_disable_all_campaigns":false,"_monsterinsights_skip_tracking":false,"_monsterinsights_sitenote_active":false,"_monsterinsights_sitenote_note":"","_monsterinsights_sitenote_category":0},"categories":[27],"tags":[],"aioseo_notices":[],"gutentor_comment":0,"rttpg_featured_image_url":{"full":["https:\/\/arantv.az\/wp-content\/uploads\/2021\/08\/a90adb1857673694fdda28b82fcdf8b4.jpg",450,300,false],"landscape":["https:\/\/arantv.az\/wp-content\/uploads\/2021\/08\/a90adb1857673694fdda28b82fcdf8b4.jpg",450,300,false],"portraits":["https:\/\/arantv.az\/wp-content\/uploads\/2021\/08\/a90adb1857673694fdda28b82fcdf8b4.jpg",450,300,false],"thumbnail":["https:\/\/arantv.az\/wp-content\/uploads\/2021\/08\/a90adb1857673694fdda28b82fcdf8b4-450x280.jpg",450,280,true],"medium":["https:\/\/arantv.az\/wp-content\/uploads\/2021\/08\/a90adb1857673694fdda28b82fcdf8b4.jpg",450,300,false],"large":["https:\/\/arantv.az\/wp-content\/uploads\/2021\/08\/a90adb1857673694fdda28b82fcdf8b4.jpg",450,300,false],"1536x1536":["https:\/\/arantv.az\/wp-content\/uploads\/2021\/08\/a90adb1857673694fdda28b82fcdf8b4.jpg",450,300,false],"2048x2048":["https:\/\/arantv.az\/wp-content\/uploads\/2021\/08\/a90adb1857673694fdda28b82fcdf8b4.jpg",450,300,false],"post-thumbnail":["https:\/\/arantv.az\/wp-content\/uploads\/2021\/08\/a90adb1857673694fdda28b82fcdf8b4-240x172.jpg",240,172,true],"advps-thumb-one":["https:\/\/arantv.az\/wp-content\/uploads\/2021\/08\/a90adb1857673694fdda28b82fcdf8b4.jpg",450,300,false]},"rttpg_author":{"display_name":"V\u00fcsal Rafiqo\u011flu","author_link":"https:\/\/arantv.az\/?author=2"},"rttpg_comment":0,"rttpg_category":"<a href=\"https:\/\/arantv.az\/?cat=27\" rel=\"category\">\u0130SLAM<\/a>","rttpg_excerpt":"\u00d6t\u0259n g\u00fcn Daxili \u0130\u015fl\u0259r Nazirliyi \u00f6z\u00fcn\u00fc 12-ci \u0130mam Mehdi kimi t\u0259qdim edib, d\u0259l\u0259duzluqla m\u0259\u015f\u011ful olan Babayev Aqil Zal\u0131\u015f o\u011flunun h\u0259bsil\u0259 ba\u011fl\u0131 m\u0259lumat yayd\u0131. Onun dini m\u0259clisl\u0259r t\u0259\u015fkil etdiyi, 20 ild\u0259n art\u0131q d\u00f6vr \u0259rzind\u0259 50-y\u0259 yax\u0131n v\u0259t\u0259nda\u015f\u0131 aldatd\u0131\u011f\u0131 v\u0259 pullar\u0131n\u0131 m\u0259nims\u0259diyi bildirilir. Nazirliyin m\u0259lumat\u0131nda deyilir ki, bu ill\u0259r \u0259rzind\u0259 toplad\u0131\u011f\u0131 v\u0259saitl\u0259r hesab\u0131na Aqil Babayev xeyirxah \u0259m\u0259ll\u0259r&hellip;","_links":{"self":[{"href":"https:\/\/arantv.az\/index.php?rest_route=\/wp\/v2\/posts\/370726"}],"collection":[{"href":"https:\/\/arantv.az\/index.php?rest_route=\/wp\/v2\/posts"}],"about":[{"href":"https:\/\/arantv.az\/index.php?rest_route=\/wp\/v2\/types\/post"}],"author":[{"embeddable":true,"href":"https:\/\/arantv.az\/index.php?rest_route=\/wp\/v2\/users\/2"}],"replies":[{"embeddable":true,"href":"https:\/\/arantv.az\/index.php?rest_route=%2Fwp%2Fv2%2Fcomments&post=370726"}],"version-history":[{"count":0,"href":"https:\/\/arantv.az\/index.php?rest_route=\/wp\/v2\/posts\/370726\/revisions"}],"wp:featuredmedia":[{"embeddable":true,"href":"https:\/\/arantv.az\/index.php?rest_route=\/wp\/v2\/media\/370727"}],"wp:attachment":[{"href":"https:\/\/arantv.az\/index.php?rest_route=%2Fwp%2Fv2%2Fmedia&parent=370726"}],"wp:term":[{"taxonomy":"category","embeddable":true,"href":"https:\/\/arantv.az\/index.php?rest_route=%2Fwp%2Fv2%2Fcategories&post=370726"},{"taxonomy":"post_tag","embeddable":true,"href":"https:\/\/arantv.az\/index.php?rest_route=%2Fwp%2Fv2%2Ftags&post=370726"}],"curies":[{"name":"wp","href":"https:\/\/api.w.org\/{rel}","templated":true}]}}