{"id":370738,"date":"2021-08-26T09:30:59","date_gmt":"2021-08-26T06:30:59","guid":{"rendered":"http:\/\/arantv.az\/?p=370738"},"modified":"2021-08-26T09:30:59","modified_gmt":"2021-08-26T06:30:59","slug":"din-d%c9%99-yeni-t%c9%99yinatlar-2","status":"publish","type":"post","link":"https:\/\/arantv.az\/?p=370738","title":{"rendered":"D\u0130N-d\u0259 yeni T\u018fY\u0130NATLAR"},"content":{"rendered":"<p>Daxili i\u015fl\u0259r orqanlar\u0131nda kadr t\u0259yinat\u0131 olub.<\/p>\n<p><strong>ARANTV.AZ-<\/strong>\u0131n m\u0259lumat\u0131na g\u00f6r\u0259, bu bar\u0259d\u0259 daxili i\u015fl\u0259r naziri, general-polkovnik Vilay\u0259t Eyvazov m\u00fcvafiq \u0259mr imzalay\u0131b.<\/p>\n<div id=\"AdviadNativeVideo0\" class=\"AdviadNativeVideo\"><\/div>\n<p>\u018fmr\u0259 \u0259sas\u0259n, polis kapitan\u0131 Mehdiyev El\u015f\u0259n \u018fv\u0259z o\u011flu G\u0259nc\u0259 \u015f\u0259h\u0259r Ba\u015f Polis \u0130dar\u0259sinin K\u0259p\u0259z rayon Polis \u0130dar\u0259sinin Cinay\u0259t Axtar\u0131\u015f\u0131 \u015e\u00f6b\u0259sinin ba\u015f \u0259m\u0259liyyat m\u00fcv\u0259kkili v\u0259zif\u0259sind\u0259n azad olunaraq, h\u0259min \u015f\u00f6b\u0259y\u0259 r\u0259is t\u0259yin edilib.<\/p>\n<p>Bundan ba\u015fqa, polis polkovnik-leytenant\u0131 \u015eahin Musayev G\u0259nc\u0259 Ba\u015f Polis \u0130dar\u0259sinin Cinay\u0259t Axtar\u0131\u015f \u0130dar\u0259sin\u0259 ba\u015f \u0259m\u0259liyyat m\u00fcv\u0259kkili t\u0259yin edilib.<\/p>\n","protected":false},"excerpt":{"rendered":"<p>Daxili i\u015fl\u0259r orqanlar\u0131nda kadr t\u0259yinat\u0131 olub. ARANTV.AZ-\u0131n m\u0259lumat\u0131na g\u00f6r\u0259, bu bar\u0259d\u0259 daxili i\u015fl\u0259r naziri, general-polkovnik Vilay\u0259t Eyvazov m\u00fcvafiq \u0259mr imzalay\u0131b. \u018fmr\u0259 \u0259sas\u0259n, polis kapitan\u0131 Mehdiyev El\u015f\u0259n \u018fv\u0259z o\u011flu G\u0259nc\u0259 \u015f\u0259h\u0259r Ba\u015f Polis \u0130dar\u0259sinin K\u0259p\u0259z rayon Polis \u0130dar\u0259sinin Cinay\u0259t Axtar\u0131\u015f\u0131 \u015e\u00f6b\u0259sinin ba\u015f \u0259m\u0259liyyat m\u00fcv\u0259kkili v\u0259zif\u0259sind\u0259n azad olunaraq, h\u0259min \u015f\u00f6b\u0259y\u0259 r\u0259is t\u0259yin edilib. Bundan ba\u015fqa, polis polkovnik-leytenant\u0131 \u015eahin Musayev G\u0259nc\u0259 Ba\u015f Polis \u0130dar\u0259sinin Cinay\u0259t Axtar\u0131\u015f \u0130dar\u0259sin\u0259 ba\u015f \u0259m\u0259liyyat m\u00fcv\u0259kkili t\u0259yin edilib.<\/p>\n","protected":false},"author":2,"featured_media":244137,"comment_status":"closed","ping_status":"closed","sticky":false,"template":"","format":"standard","meta":{"om_disable_all_campaigns":false,"_monsterinsights_skip_tracking":false,"_monsterinsights_sitenote_active":false,"_monsterinsights_sitenote_note":"","_monsterinsights_sitenote_category":0},"categories":[26],"tags":[],"aioseo_notices":[],"gutentor_comment":0,"rttpg_featured_image_url":{"full":["https:\/\/arantv.az\/wp-content\/uploads\/2020\/11\/dinpolis1-690x403.jpg",620,362,false],"landscape":["https:\/\/arantv.az\/wp-content\/uploads\/2020\/11\/dinpolis1-690x403.jpg",620,362,false],"portraits":["https:\/\/arantv.az\/wp-content\/uploads\/2020\/11\/dinpolis1-690x403.jpg",620,362,false],"thumbnail":["https:\/\/arantv.az\/wp-content\/uploads\/2020\/11\/dinpolis1-690x403-150x150.jpg",150,150,true],"medium":["https:\/\/arantv.az\/wp-content\/uploads\/2020\/11\/dinpolis1-690x403-300x175.jpg",300,175,true],"large":["https:\/\/arantv.az\/wp-content\/uploads\/2020\/11\/dinpolis1-690x403.jpg",620,362,false],"1536x1536":["https:\/\/arantv.az\/wp-content\/uploads\/2020\/11\/dinpolis1-690x403.jpg",620,362,false],"2048x2048":["https:\/\/arantv.az\/wp-content\/uploads\/2020\/11\/dinpolis1-690x403.jpg",620,362,false],"post-thumbnail":["https:\/\/arantv.az\/wp-content\/uploads\/2020\/11\/dinpolis1-690x403-240x172.jpg",240,172,true],"advps-thumb-one":["https:\/\/arantv.az\/wp-content\/uploads\/2020\/11\/dinpolis1-690x403.jpg",620,362,false]},"rttpg_author":{"display_name":"V\u00fcsal Rafiqo\u011flu","author_link":"https:\/\/arantv.az\/?author=2"},"rttpg_comment":0,"rttpg_category":"<a href=\"https:\/\/arantv.az\/?cat=26\" rel=\"category\">Sosial<\/a>","rttpg_excerpt":"Daxili i\u015fl\u0259r orqanlar\u0131nda kadr t\u0259yinat\u0131 olub. ARANTV.AZ-\u0131n m\u0259lumat\u0131na g\u00f6r\u0259, bu bar\u0259d\u0259 daxili i\u015fl\u0259r naziri, general-polkovnik Vilay\u0259t Eyvazov m\u00fcvafiq \u0259mr imzalay\u0131b. \u018fmr\u0259 \u0259sas\u0259n, polis kapitan\u0131 Mehdiyev El\u015f\u0259n \u018fv\u0259z o\u011flu G\u0259nc\u0259 \u015f\u0259h\u0259r Ba\u015f Polis \u0130dar\u0259sinin K\u0259p\u0259z rayon Polis \u0130dar\u0259sinin Cinay\u0259t Axtar\u0131\u015f\u0131 \u015e\u00f6b\u0259sinin ba\u015f \u0259m\u0259liyyat m\u00fcv\u0259kkili v\u0259zif\u0259sind\u0259n azad olunaraq, h\u0259min \u015f\u00f6b\u0259y\u0259 r\u0259is t\u0259yin edilib. Bundan ba\u015fqa, polis polkovnik-leytenant\u0131&hellip;","_links":{"self":[{"href":"https:\/\/arantv.az\/index.php?rest_route=\/wp\/v2\/posts\/370738"}],"collection":[{"href":"https:\/\/arantv.az\/index.php?rest_route=\/wp\/v2\/posts"}],"about":[{"href":"https:\/\/arantv.az\/index.php?rest_route=\/wp\/v2\/types\/post"}],"author":[{"embeddable":true,"href":"https:\/\/arantv.az\/index.php?rest_route=\/wp\/v2\/users\/2"}],"replies":[{"embeddable":true,"href":"https:\/\/arantv.az\/index.php?rest_route=%2Fwp%2Fv2%2Fcomments&post=370738"}],"version-history":[{"count":0,"href":"https:\/\/arantv.az\/index.php?rest_route=\/wp\/v2\/posts\/370738\/revisions"}],"wp:featuredmedia":[{"embeddable":true,"href":"https:\/\/arantv.az\/index.php?rest_route=\/wp\/v2\/media\/244137"}],"wp:attachment":[{"href":"https:\/\/arantv.az\/index.php?rest_route=%2Fwp%2Fv2%2Fmedia&parent=370738"}],"wp:term":[{"taxonomy":"category","embeddable":true,"href":"https:\/\/arantv.az\/index.php?rest_route=%2Fwp%2Fv2%2Fcategories&post=370738"},{"taxonomy":"post_tag","embeddable":true,"href":"https:\/\/arantv.az\/index.php?rest_route=%2Fwp%2Fv2%2Ftags&post=370738"}],"curies":[{"name":"wp","href":"https:\/\/api.w.org\/{rel}","templated":true}]}}